{"id":2731,"date":"2012-02-23T13:08:25","date_gmt":"2012-02-23T13:08:25","guid":{"rendered":"http:\/\/www.bbyhaber.com\/bby\/?p=2731"},"modified":"2012-03-19T11:13:59","modified_gmt":"2012-03-19T11:13:59","slug":"50-universite-50-koyde-kutuphane-acacak","status":"publish","type":"post","link":"https:\/\/www.bbyhaber.com\/bby\/2012\/02\/23\/50-universite-50-koyde-kutuphane-acacak","title":{"rendered":"50 \u00fcniversite 50 k\u00f6yde k\u00fct\u00fcphane a\u00e7acak"},"content":{"rendered":"<p style=\"text-align: justify;\">Mesut Tim, K\u00f6y \u00c7ocuklar\u0131 K\u00fct\u00fcphaneleri Olu\u015fturma, K\u00fclt\u00fcr-Sanat ve Dayan\u0131\u015fma Derne\u011fi ad\u0131 alt\u0131nda k\u00f6ylere Atat\u00fcrk \u00c7ocuklar\u0131 K\u00fct\u00fcphanesi ad\u0131 alt\u0131nda K\u00f6y K\u00fct\u00fcphaneleri kuruyor. Hedefinin kurduklar\u0131 k\u00fct\u00fcphanelerle 40 bin k\u00f6ye ula\u015fmak oldu\u011funu ifade eden Tim, &#8220;\u00dcniversitelerin deste\u011fini alarak k\u00fct\u00fcphane haftas\u0131nda 50 k\u00fct\u00fcphane kuraca\u011f\u0131z&#8221; dedi. <!--more-->Dernek olarak hedeflerinin T\u00fcrkiye&#8217;deki 40 bin k\u00f6ye Atat\u00fcrk K\u00fct\u00fcphaneleri sayesinde ula\u015fmak oldu\u011funu s\u00f6yleyen Tim, &#8220;12 Eyl\u00fcl 2006 tarihinde K\u00f6y \u00c7ocuklar\u0131 K\u00fct\u00fcphaneleri Olu\u015fturma, K\u00fclt\u00fcr-Sanat ve Dayan\u0131\u015fma Derne\u011fi&#8217;ni kurdum. G\u00fcn\u00fcm\u00fczde malesef k\u00f6ylerde okullar kapat\u0131ld\u0131. Ta\u015f\u0131mal\u0131 e\u011fitim merkezleri olarak hizmet veren, yakla\u015f\u0131k 6 bin k\u00f6y var. Bu 6 bin k\u00f6ye k\u00fct\u00fcphane a\u00e7arsak, otomatikman yakla\u015f\u0131k 40 bin k\u00f6y\u00fc k\u00fct\u00fcphane ile kavu\u015fturmu\u015f olaca\u011f\u0131z. Yakla\u015f\u0131k 6 y\u0131ld\u0131r bununla ilgileniyorum. Bug\u00fcne kadar 17 tane k\u00fct\u00fcphane kurduk. Hepsinin ad\u0131 Atat\u00fcrk \u00c7ocuklar\u0131 K\u00fct\u00fcphanesi. Bunlardan biri Seferihisar il\u00e7i merkezinde. 3&#8217;\u00fc \u0130zmir d\u0131\u015f\u0131nda, biri Rize F\u0131nd\u0131kl\u0131 il\u00e7esi \u00c7a\u011flayan K\u00f6y\u00fc&#8217;nde, biri Afyon&#8217;un Eminda\u011f il\u00e7esinin Ekizce K\u00f6y\u00fc&#8217;nde, bir de Salihli&#8217;nin G\u00f6key\u00fcp K\u00f6y\u00fc&#8217;nde k\u00fct\u00fcphane kurduk. Bu k\u00fct\u00fcphanler bizim i\u00e7in \u0131s\u0131nma turlar\u0131 oldu. Herkesin dedi\u011fi gibi biz bu i\u015fin uzman\u0131 olduk. \u015eimdi k\u00f6ylerden telefonlar geliyor. K\u00fct\u00fcphane istediklerini s\u00f6yl\u00fcyorlar. Baz\u0131 yerel ve genel \u00fcst d\u00fczey y\u00f6netim kadrolar\u0131na proje \u015feklinde bu fikrimi payla\u015ft\u0131m. Ama malesef b\u00fcy\u00fck bir duyars\u0131zl\u0131k \u00f6rne\u011fi g\u00f6sterildi. Bu nedenle yap\u0131lacak bir tek bir\u015fey kald\u0131. \u00dcniversite gen\u00e7li\u011fi dahil etmek. Bir \u015fekilde \u00fcniversiteler bu i\u015fe el atarsa, bu konuda \u00f6rg\u00fctlenirlerse, bu 6 bin k\u00f6ye k\u00fct\u00fcphane kurabiliriz diye d\u00fc\u015f\u00fcnd\u00fck. 50 \u00fcniversitenin konsey ba\u015fkanlar\u0131 26-27 \u015eubat 1. Atat\u00fcrk \u00c7ocuklar\u0131 Kurultay\u0131&#8217;na kat\u0131lacak. 50 \u00fcniversite demek, \u00fcniversite rekt\u00f6rlerinin de bu i\u015fin i\u00e7inde yer almas\u0131 demek. Bu k\u00fct\u00fcphaneler a\u00e7\u0131ld\u0131ktan sonra ilk kurultaya kat\u0131lmayan 110 civar\u0131ndaki \u00fcniversitenin \u00f6\u011frenci konsey ba\u015fkanlar\u0131 ister istemez bu \u00e7al\u0131\u015fman\u0131n i\u00e7inde yer alacaklar&#8221; dedi.<\/p>\n<p style=\"text-align: justify;\">K\u00fct\u00fcphanelerin sadece \u00e7o\u00e7uklara de\u011fil yeti\u015fkinleride hitap etti\u011fini ifade eden Tim, &#8220;Kitap toplay\u0131p g\u00f6ndermekle k\u00fct\u00fcphane kurmak aras\u0131nda da\u011flar kadar fark var. G\u00f6nderilen her kitap muhakkak ki faydas\u0131 olacakt\u0131r ama as\u0131l olan kal\u0131c\u0131, k\u00f6ye ait bir k\u00fct\u00fcphane kurmakt\u0131r. \u00dcniversitelerimizle bu \u00e7al\u0131\u015fmalar\u0131 yapaca\u011f\u0131z. Her \u00fcniversitenin bir katipl\u0131\u011f\u0131 olacak. Daha sonra o okulun \u00f6\u011frencileri, k\u00fct\u00fcphanelerde dersler verebilecek. K\u00f6yl\u00fcy\u00fc bilin\u00e7lendirebilicekler. Bu \u015fekilde k\u00f6ylerde 7&#8217;den 70&#8217;e herkes bu k\u00fct\u00fcphaneden faydalanabilecek. \u00d6zellikle de k\u00f6ye ait binalarda k\u00fct\u00fcphane a\u00e7\u0131yoruz. \u00c7\u00fcnk\u00fc bu k\u00fct\u00fcphanelerden sadece \u00f6\u011frencilerin de\u011fil b\u00fct\u00fcn herkesin faydalanmas\u0131n\u0131 istiyoruz&#8221; diye konu\u015ftu.<\/p>\n<p style=\"text-align: justify;\">8 g\u00fcnde 300 kitap al\u0131nd\u0131<\/p>\n<p style=\"text-align: justify;\">K\u00fct\u00fcphanelerle beraber \u00f6\u011frencilerin ba\u015far\u0131lar\u0131n\u0131n artt\u0131\u011f\u0131n\u0131 ifade eden Tim, &#8220;\u015eehir merkezlerinde insanlar kitaba uzak. \u0130nsanlar, kendilerini bilgisayar ve cep telefonu gibi insanl\u0131ktan uzakla\u015ft\u0131ran teknolojik aletlerle donat\u0131yor. Bir insan\u0131n y\u00fcz\u00fcne bakarak m\u0131 konu\u015fmak daha iyi, yoksa internet ve cep telefonundan konu\u015fmak m\u0131 daha iyi. K\u00f6ylerde ise insanlar kirlenmemi\u015f durumda. 3 Nisan 2010 y\u0131l\u0131nda Seferihisar&#8217;\u0131n Orhanl\u0131 K\u00f6y\u00fc&#8217;nde 4 bin kitapl\u0131 bir k\u00fct\u00fcphane a\u00e7t\u0131k. O sene ta\u015f\u0131mal\u0131 e\u011fitimle Seferihisar&#8217;a gelen lise \u00f6\u011frencileri en k\u00f6t\u00fc \u00f6\u011frencilerdi. Bir y\u0131l sonra o \u00f6\u011frenciler ta\u015f\u0131mal\u0131 e\u011fitim sistemi ile gelen en ba\u015far\u0131l\u0131 \u00f6\u011frenciler se\u00e7ildi. \u00d6\u011fretmenler bu durumu sorduklar\u0131nda \u00f6\u011frenciler k\u00f6ylerine a\u00e7t\u0131\u011f\u0131m\u0131z k\u00fct\u00fcphaneden bahsediyorlar. Bu duruma inanamayan \u00f6\u011fretmenler k\u00f6ydeki k\u00fct\u00fcphaneyi g\u00f6rmeye geliyor ve g\u00f6zlerine inanam\u0131yor. 25 Eyl\u00fcl 2011 tarihinde B\u0131\u00e7ak\u00e7\u0131 K\u00f6y\u00fc&#8217;nde k\u00fct\u00fcphane a\u00e7t\u0131k. A\u00e7\u0131lan 16. k\u00fct\u00fcphaneydi. M\u00fcd\u00fcr\u00fc Ramazan Bey a\u00e7\u0131l\u0131\u015ftan 8 g\u00fcn sonra beni arayarak, 8 g\u00fcn i\u00e7erisinde 300&#8217;den fazla kitap al\u0131nd\u0131\u011f\u0131n\u0131 s\u00f6yledi. Kitap alan yaln\u0131z \u00e7ocuklar da de\u011fil; anne, babalar ve yeti\u015fkinler de kitap okuyorlar&#8221; dedi.<\/p>\n<p style=\"text-align: justify;\">En \u00e7ok kitap okuyana Ankara gezisi<\/p>\n<p style=\"text-align: justify;\">\u00c7ocuklar\u0131n kitap okumas\u0131na te\u015fvik etmek i\u00e7in \u00e7e\u015fitli \u00e7al\u0131\u015fmalar yapt\u0131klar\u0131n\u0131 s\u00f6yleyen Tim, &#8220;1950 y\u0131l\u0131nda k\u00f6y enstit\u00fcleri ve halk evleri kapat\u0131ld\u0131\u011f\u0131ndan beri k\u00f6ylerde kitap yok. \u0130nsanlar kitaba a\u00e7. Malesef genel ve yerel y\u00f6neticiler k\u00f6yl\u00fcm\u00fcz\u00fcn bilin\u00e7lenmesini, bilgilendirilmesini, haklar\u0131n\u0131 aramas\u0131n\u0131 istemiyor. Bizler de bu durumu tersine \u00e7evirmek istiyoruz. \u00c7o\u00e7uklar\u0131m\u0131z\u0131n kitap okuma \u015fevkini artt\u0131r\u0131yoruz. \u00d6demi\u015f, B\u0131\u00e7ak\u00e7\u0131 K\u00f6y\u00fc&#8217;nde bir k\u0131z \u00e7ocu\u011fu 70 g\u00fcnde 68 kitap okudu. Yeti\u015fkinler de kitaplar\u0131m\u0131z\u0131 okuyor. \u00c7\u00fcnk\u00fc herkese hitap eden kitaplar\u0131m\u0131z bulunmakta. Dernek olarak sadece k\u00fct\u00fcphane a\u00e7makla kalm\u0131yoruz. Ge\u00e7ti\u011fimiz y\u0131l 1. Atatat\u00fcrk \u00c7ocuklar\u0131 \u015eenli\u011fi d\u00fczenlemi\u015ftik. Bu y\u0131l ise k\u00fct\u00fcphane a\u00e7t\u0131\u011f\u0131m\u0131z 17 k\u00f6yden en fazla kitap okuyan 75 \u00f6\u011frenciyi, 23-24 Mart&#8217;ta Ankara&#8217;ya An\u0131tkabir&#8217;e g\u00f6t\u00fcrece\u011fiz. Bu ama\u00e7 ile yola \u00e7\u0131kt\u0131k. K\u00f6\u015fe yazar\u0131 \u015eenay D\u00fcdek sa\u011folsun bu konuda \u00e7ok duyarl\u0131. Bu konuyu dile getirerek, bize deztek sa\u011flad\u0131. K\u00f6\u015fesinde yazd\u0131\u011f\u0131ndan beri telefonlar\u0131m hi\u00e7 susmuyor. Yap\u0131lan ba\u011f\u0131\u015flar\u0131 derne\u011fimizin makbuzu kar\u015f\u0131l\u0131\u011f\u0131 topluyorum. Hala bu s\u00fcre\u00e7 devam etmekte. \u015eu ana kadar 40&#8217;a yak\u0131n \u00f6\u011frencinin gidi\u015fi kesinle\u015fti. Ba\u011f\u0131\u015flarla, \u00f6\u011frencilerin tamam\u0131n\u0131 An\u0131tkabir&#8217;e g\u00f6t\u00fcr\u00fclece\u011fine eminim. Bu konuda en b\u00fcy\u00fck destek \u015eenay D\u00fcdek&#8217;ten geldi diyebilirm. Ayr\u0131ca kat\u0131lan \u00e7ocuklar\u0131m\u0131za \u00c7anakkale Kahramanlar\u0131 adl\u0131 \u00e7iz\u011fi roman seti de hediye edece\u011fiz&#8221; dedi.<\/p>\n<p style=\"text-align: justify;\">Kaynak: http:\/\/www.haberekspres.com.tr<\/p>\n","protected":false},"excerpt":{"rendered":"<p>Mesut Tim, K\u00f6y \u00c7ocuklar\u0131 K\u00fct\u00fcphaneleri Olu\u015fturma, K\u00fclt\u00fcr-Sanat ve Dayan\u0131\u015fma Derne\u011fi ad\u0131 alt\u0131nda k\u00f6ylere Atat\u00fcrk \u00c7ocuklar\u0131 K\u00fct\u00fcphanesi ad\u0131 alt\u0131nda K\u00f6y K\u00fct\u00fcphaneleri kuruyor. Hedefinin kurduklar\u0131 k\u00fct\u00fcphanelerle 40 bin k\u00f6ye ula\u015fmak oldu\u011funu ifade eden Tim, &#8220;\u00dcniversitelerin deste\u011fini alarak k\u00fct\u00fcphane haftas\u0131nda 50 k\u00fct\u00fcphane kuraca\u011f\u0131z&#8221; dedi.<\/p>\n","protected":false},"author":1,"featured_media":0,"comment_status":"open","ping_status":"open","sticky":false,"template":"","format":"standard","meta":{"footnotes":""},"categories":[1539,1,1498],"tags":[],"class_list":["post-2731","post","type-post","status-publish","format-standard","hentry","category-ataturk-cocuklari-kutuphanesi","category-genel","category-koy-kutuphaneleri"],"_links":{"self":[{"href":"https:\/\/www.bbyhaber.com\/bby\/wp-json\/wp\/v2\/posts\/2731"}],"collection":[{"href":"https:\/\/www.bbyhaber.com\/bby\/wp-json\/wp\/v2\/posts"}],"about":[{"href":"https:\/\/www.bbyhaber.com\/bby\/wp-json\/wp\/v2\/types\/post"}],"author":[{"embeddable":true,"href":"https:\/\/www.bbyhaber.com\/bby\/wp-json\/wp\/v2\/users\/1"}],"replies":[{"embeddable":true,"href":"https:\/\/www.bbyhaber.com\/bby\/wp-json\/wp\/v2\/comments?post=2731"}],"version-history":[{"count":0,"href":"https:\/\/www.bbyhaber.com\/bby\/wp-json\/wp\/v2\/posts\/2731\/revisions"}],"wp:attachment":[{"href":"https:\/\/www.bbyhaber.com\/bby\/wp-json\/wp\/v2\/media?parent=2731"}],"wp:term":[{"taxonomy":"category","embeddable":true,"href":"https:\/\/www.bbyhaber.com\/bby\/wp-json\/wp\/v2\/categories?post=2731"},{"taxonomy":"post_tag","embeddable":true,"href":"https:\/\/www.bbyhaber.com\/bby\/wp-json\/wp\/v2\/tags?post=2731"}],"curies":[{"name":"wp","href":"https:\/\/api.w.org\/{rel}","templated":true}]}}