{"id":27304,"date":"2019-10-19T18:01:01","date_gmt":"2019-10-19T15:01:01","guid":{"rendered":"http:\/\/www.bbyhaber.com\/bby\/?p=27304"},"modified":"2019-10-31T17:54:03","modified_gmt":"2019-10-31T14:54:03","slug":"kutuphane-etkinlik-kilavuzu-calistayi-30-31-ekim-2019-mus","status":"publish","type":"post","link":"https:\/\/www.bbyhaber.com\/bby\/2019\/10\/19\/kutuphane-etkinlik-kilavuzu-calistayi-30-31-ekim-2019-mus","title":{"rendered":"K\u00fct\u00fcphane Etkinlik K\u0131lavuzu \u00c7al\u0131\u015ftay\u0131, 30-31 Ekim 2019, Mu\u015f"},"content":{"rendered":"<p>&nbsp;<\/p>\n<p><a href=\"http:\/\/www.bbyhaber.com\/bby\/wp-content\/uploads\/2019\/10\/afis-revize-1.png\"><img loading=\"lazy\" decoding=\"async\" class=\"alignleft wp-image-27309 size-large\" src=\"http:\/\/www.bbyhaber.com\/bby\/wp-content\/uploads\/2019\/10\/afis-revize-1-731x1024.png\" alt=\"\" width=\"390\" height=\"180\" \/><\/a><\/p>\n<p style=\"font-weight: 400; text-align: center;\"><strong>K\u00fct\u00fcphaneler ve Yay\u0131mlar Genel M\u00fcd\u00fcrl\u00fc\u011f\u00fc<\/strong>\u00a0ve <strong>Do\u011fu Anadolu Projesi (DAP) B\u00f6lge Kalk\u0131nma \u0130daresi Ba\u015fkanl\u0131\u011f\u0131<\/strong> i\u015f birli\u011fi ile<strong>\u00a030-31 Ekim 2019<\/strong> tarihlerinde <strong>Mu\u015f<\/strong>&#8216;da bir \u00e7al\u0131\u015ftay d\u00fczenlenece\u011fi a\u00e7\u0131kland\u0131. <em>K\u00fct\u00fcphaneler ve Yay\u0131mlar Genel M\u00fcd\u00fcrl\u00fc\u011f\u00fc taraf\u0131ndan yap\u0131lan a\u00e7\u0131klama \u015f\u00f6yle<\/em>: &#8220;Halk k\u00fct\u00fcphanelerinde d\u00fczenlenen etkinlikler; kullan\u0131c\u0131lar\u0131n k\u00fct\u00fcphane ile olan ba\u011f\u0131n\u0131 g\u00fc\u00e7lendirmekte, potansiyel kullan\u0131c\u0131lara ula\u015fmak i\u00e7in ise bir ara\u00e7 olarak de\u011ferlendirilmektedir.<!--more--> \u00d6zellikle okul \u00f6ncesi ve okul \u00e7a\u011f\u0131 \u00e7ocuklara y\u00f6nelik faaliyetler; \u00e7ocuklar\u0131n fiziksel, bili\u015fsel ve kavramsal geli\u015fmelerine katk\u0131 sa\u011flayarak bilgi d\u00fczeylerini art\u0131rmaktad\u0131r. Etkinlerin, k\u00fct\u00fcphane kullan\u0131c\u0131 say\u0131s\u0131, \u00fcye say\u0131s\u0131, \u00f6d\u00fcn\u00e7 al\u0131nan kitap ve kitap d\u0131\u015f\u0131 materyal say\u0131lar\u0131nda art\u0131\u015f sa\u011flad\u0131\u011f\u0131 ve okuma k\u00fclt\u00fcr\u00fcn\u00fcn geli\u015ftirilmesinde katk\u0131s\u0131 oldu\u011fu g\u00f6zlemlenmektedir.<\/p>\n<p style=\"font-weight: 400;\">Bu kapsamda; Genel M\u00fcd\u00fcrl\u00fc\u011f\u00fcm\u00fcz ve Do\u011fu Anadolu Projesi (DAP) B\u00f6lge Kalk\u0131nma \u0130daresi Ba\u015fkanl\u0131\u011f\u0131 i\u015f birli\u011fi ile k\u00fct\u00fcphaneciler, ilgili kamu kurum\/kurulu\u015flar\u0131, \u00fcniversiteler, yerel y\u00f6netimler, STK\u2019lar ve konunun uzmanlar\u0131n\u0131n kat\u0131l\u0131m\u0131yla, <strong>30-31 Ekim 2019<\/strong> tarihleri aras\u0131nda, <strong>Mu\u015f \u0130linde<\/strong>, \u201c<strong>K\u00fct\u00fcphane Etkinlik K\u0131lavuzu \u00c7al\u0131\u015ftay\u0131<\/strong>\u201d d\u00fczenlenecektir. \u00c7al\u0131\u015ftay sonu\u00e7 raporunun elektronik ve bas\u0131l\u0131 olarak kitapla\u015ft\u0131r\u0131lmas\u0131 ile etkinlik d\u00fczenleme s\u00fcrecinde izlenecek yol ve y\u00f6ntemlere ili\u015fkin etkinlik k\u0131lavuzunun haz\u0131rlanmas\u0131 planlanmaktad\u0131r.&#8221; denildi.<\/p>\n","protected":false},"excerpt":{"rendered":"<p>&nbsp; K\u00fct\u00fcphaneler ve Yay\u0131mlar Genel M\u00fcd\u00fcrl\u00fc\u011f\u00fc\u00a0ve Do\u011fu Anadolu Projesi (DAP) B\u00f6lge Kalk\u0131nma \u0130daresi Ba\u015fkanl\u0131\u011f\u0131 i\u015f birli\u011fi ile\u00a030-31 Ekim 2019 tarihlerinde Mu\u015f&#8216;da bir \u00e7al\u0131\u015ftay d\u00fczenlenece\u011fi a\u00e7\u0131kland\u0131. K\u00fct\u00fcphaneler ve Yay\u0131mlar Genel M\u00fcd\u00fcrl\u00fc\u011f\u00fc taraf\u0131ndan yap\u0131lan a\u00e7\u0131klama \u015f\u00f6yle: &#8220;Halk k\u00fct\u00fcphanelerinde d\u00fczenlenen etkinlikler; kullan\u0131c\u0131lar\u0131n k\u00fct\u00fcphane ile olan ba\u011f\u0131n\u0131 g\u00fc\u00e7lendirmekte, potansiyel kullan\u0131c\u0131lara ula\u015fmak i\u00e7in ise bir ara\u00e7 olarak de\u011ferlendirilmektedir.<\/p>\n","protected":false},"author":1,"featured_media":27311,"comment_status":"open","ping_status":"open","sticky":false,"template":"","format":"standard","meta":{"footnotes":""},"categories":[1],"tags":[1395],"class_list":["post-27304","post","type-post","status-publish","format-standard","has-post-thumbnail","hentry","category-genel","tag-bby-mesleki-etkinlikler-arsivi"],"_links":{"self":[{"href":"https:\/\/www.bbyhaber.com\/bby\/wp-json\/wp\/v2\/posts\/27304"}],"collection":[{"href":"https:\/\/www.bbyhaber.com\/bby\/wp-json\/wp\/v2\/posts"}],"about":[{"href":"https:\/\/www.bbyhaber.com\/bby\/wp-json\/wp\/v2\/types\/post"}],"author":[{"embeddable":true,"href":"https:\/\/www.bbyhaber.com\/bby\/wp-json\/wp\/v2\/users\/1"}],"replies":[{"embeddable":true,"href":"https:\/\/www.bbyhaber.com\/bby\/wp-json\/wp\/v2\/comments?post=27304"}],"version-history":[{"count":4,"href":"https:\/\/www.bbyhaber.com\/bby\/wp-json\/wp\/v2\/posts\/27304\/revisions"}],"predecessor-version":[{"id":27353,"href":"https:\/\/www.bbyhaber.com\/bby\/wp-json\/wp\/v2\/posts\/27304\/revisions\/27353"}],"wp:featuredmedia":[{"embeddable":true,"href":"https:\/\/www.bbyhaber.com\/bby\/wp-json\/wp\/v2\/media\/27311"}],"wp:attachment":[{"href":"https:\/\/www.bbyhaber.com\/bby\/wp-json\/wp\/v2\/media?parent=27304"}],"wp:term":[{"taxonomy":"category","embeddable":true,"href":"https:\/\/www.bbyhaber.com\/bby\/wp-json\/wp\/v2\/categories?post=27304"},{"taxonomy":"post_tag","embeddable":true,"href":"https:\/\/www.bbyhaber.com\/bby\/wp-json\/wp\/v2\/tags?post=27304"}],"curies":[{"name":"wp","href":"https:\/\/api.w.org\/{rel}","templated":true}]}}