{"id":27300,"date":"2019-10-19T06:52:12","date_gmt":"2019-10-19T03:52:12","guid":{"rendered":"http:\/\/www.bbyhaber.com\/bby\/?p=27300"},"modified":"2019-11-28T08:27:36","modified_gmt":"2019-11-28T05:27:36","slug":"500-kutuphaneci-alimi-icin-mulakata-gireceklerin-listesi-aciklaniyor","status":"publish","type":"post","link":"https:\/\/www.bbyhaber.com\/bby\/2019\/10\/19\/500-kutuphaneci-alimi-icin-mulakata-gireceklerin-listesi-aciklaniyor","title":{"rendered":"500 K\u00fct\u00fcphaneci al\u0131m\u0131 i\u00e7in m\u00fclakata gireceklerin listesi a\u00e7\u0131klan\u0131yor"},"content":{"rendered":"<p><a href=\"http:\/\/www.bbyhaber.com\/bby\/wp-content\/uploads\/2019\/10\/500-S\u00f6zle\u015fmeli-son-duyuru.jpg\"><img loading=\"lazy\" decoding=\"async\" class=\"alignleft size-full wp-image-27301\" src=\"http:\/\/www.bbyhaber.com\/bby\/wp-content\/uploads\/2019\/10\/500-S\u00f6zle\u015fmeli-son-duyuru.jpg\" alt=\"\" width=\"390\" height=\"180\" \/><\/a>Bakanl\u0131k sayfas\u0131ndan <a href=\"https:\/\/www.bbyhaber.com\/bby\/tag\/500-kutuphaneci-alimi\" target=\"_blank\" rel=\"noopener\"><strong>500 K\u00fct\u00fcphaneci<\/strong><\/a> al\u0131m\u0131 ile ilgili bir <a href=\"https:\/\/pdb.ktb.gov.tr\/TR-244697\/kultur-ve-turizm-bakanligi-sozlesmeli-personel-785-kisi-.html\" target=\"_blank\" rel=\"noopener\">duyuru yay\u0131nland\u0131<\/a> ve \u015fu a\u00e7\u0131klama yap\u0131ld\u0131: &#8220;S\u00f6zle\u015fmeli personel al\u0131m\u0131nda ba\u015fvuru say\u0131s\u0131n\u0131n fazla olmas\u0131 nedeniyle inceleme devam etmekte olup, <!--more--><strong><span style=\"color: #ff0000;\">22\/10\/2019 tarihinde s\u0131ralama listesi a\u00e7\u0131klanacak<\/span>,<\/strong> <strong>s\u0131ralamada isimleri olan adaylar\u0131n <span style=\"color: #ff0000;\">06\/11\/2019 tarihine kadar da evrak teslimi yap\u0131lacakt\u0131r<\/span>.&#8221;<\/strong> denildi.<\/p>\n","protected":false},"excerpt":{"rendered":"<p>Bakanl\u0131k sayfas\u0131ndan 500 K\u00fct\u00fcphaneci al\u0131m\u0131 ile ilgili bir duyuru yay\u0131nland\u0131 ve \u015fu a\u00e7\u0131klama yap\u0131ld\u0131: &#8220;S\u00f6zle\u015fmeli personel al\u0131m\u0131nda ba\u015fvuru say\u0131s\u0131n\u0131n fazla olmas\u0131 nedeniyle inceleme devam etmekte olup,<\/p>\n","protected":false},"author":1,"featured_media":27301,"comment_status":"open","ping_status":"open","sticky":false,"template":"","format":"standard","meta":{"footnotes":""},"categories":[1521,31],"tags":[1187],"class_list":["post-27300","post","type-post","status-publish","format-standard","has-post-thumbnail","hentry","category-500-kutuphaneci","category-bbykpss","tag-500-kutuphaneci-alimi"],"_links":{"self":[{"href":"https:\/\/www.bbyhaber.com\/bby\/wp-json\/wp\/v2\/posts\/27300"}],"collection":[{"href":"https:\/\/www.bbyhaber.com\/bby\/wp-json\/wp\/v2\/posts"}],"about":[{"href":"https:\/\/www.bbyhaber.com\/bby\/wp-json\/wp\/v2\/types\/post"}],"author":[{"embeddable":true,"href":"https:\/\/www.bbyhaber.com\/bby\/wp-json\/wp\/v2\/users\/1"}],"replies":[{"embeddable":true,"href":"https:\/\/www.bbyhaber.com\/bby\/wp-json\/wp\/v2\/comments?post=27300"}],"version-history":[{"count":2,"href":"https:\/\/www.bbyhaber.com\/bby\/wp-json\/wp\/v2\/posts\/27300\/revisions"}],"predecessor-version":[{"id":27619,"href":"https:\/\/www.bbyhaber.com\/bby\/wp-json\/wp\/v2\/posts\/27300\/revisions\/27619"}],"wp:featuredmedia":[{"embeddable":true,"href":"https:\/\/www.bbyhaber.com\/bby\/wp-json\/wp\/v2\/media\/27301"}],"wp:attachment":[{"href":"https:\/\/www.bbyhaber.com\/bby\/wp-json\/wp\/v2\/media?parent=27300"}],"wp:term":[{"taxonomy":"category","embeddable":true,"href":"https:\/\/www.bbyhaber.com\/bby\/wp-json\/wp\/v2\/categories?post=27300"},{"taxonomy":"post_tag","embeddable":true,"href":"https:\/\/www.bbyhaber.com\/bby\/wp-json\/wp\/v2\/tags?post=27300"}],"curies":[{"name":"wp","href":"https:\/\/api.w.org\/{rel}","templated":true}]}}