{"id":27297,"date":"2019-10-19T02:19:17","date_gmt":"2019-10-18T23:19:17","guid":{"rendered":"http:\/\/www.bbyhaber.com\/bby\/?p=27297"},"modified":"2019-11-01T23:55:05","modified_gmt":"2019-11-01T20:55:05","slug":"sakarya-universitesi-1-ogretim-gorevlisi-ilani-son-basvuru-01-11-2019","status":"publish","type":"post","link":"https:\/\/www.bbyhaber.com\/bby\/2019\/10\/19\/sakarya-universitesi-1-ogretim-gorevlisi-ilani-son-basvuru-01-11-2019","title":{"rendered":"Sakarya \u00dcniversitesi 1 \u00d6\u011eRET\u0130M G\u00d6REVL\u0130S\u0130 \u0130lan\u0131-Son Ba\u015fvuru-01.11.2019"},"content":{"rendered":"<p style=\"text-align: justify;\"><a href=\"http:\/\/www.bbyhaber.com\/bby\/wp-content\/uploads\/2019\/10\/sakarya-universitesi.jpg\"><img loading=\"lazy\" decoding=\"async\" class=\"alignleft size-full wp-image-27298\" src=\"http:\/\/www.bbyhaber.com\/bby\/wp-content\/uploads\/2019\/10\/sakarya-universitesi.jpg\" alt=\"\" width=\"390\" height=\"180\" \/><\/a>Sakarya \u00dcniversitesi Sa\u011fl\u0131k Hizmetleri Meslek Y\u00fcksekokulu T\u0131bbi Hizmetler ve Teknikler T\u0131bbi D\u00f6k\u00fcmantasyon ve Sekreterlik B\u00f6l\u00fcm\u00fc&#8217;ne; &#8220;<strong>K\u00fct\u00fcphanecilik lisans mezunu olmak. Bilgi ve Belge Y\u00f6netimi Anabilim Dal\u0131nda tezli Y\u00fcksek Lisans yapm\u0131\u015f olmak. Lisans sonras\u0131 alan\u0131nda 10 (on) y\u0131l tecr\u00fcbe sahibi olmak<em>.<\/em><\/strong>&#8221; \u00f6zel \u015fart\u0131 ile <span style=\"color: #ff0000;\"><strong>1<\/strong>\u00a0<\/span><strong>\u00d6\u011eRET\u0130M G\u00d6REVL\u0130S\u0130\u00a0<\/strong>al\u0131nacakt\u0131r.<br \/>\n<!--more--><\/p>\n<table style=\"color: #000000; font-family: Arial, Tahoma, Verdana; font-size: 15px; line-height: 18px;\" border=\"1\" width=\"344\" cellspacing=\"0\" cellpadding=\"0\">\n<colgroup>\n<col width=\"233\" \/>\n<col width=\"111\" \/> <\/colgroup>\n<tbody>\n<tr>\n<td width=\"233\" height=\"20\">Kadro Unvan<\/td>\n<td width=\"111\"><strong>\u00d6\u011eRET\u0130M G\u00d6REVL\u0130S\u0130<\/strong><\/td>\n<\/tr>\n<tr>\n<td height=\"20\">ALES<\/td>\n<td><strong>70-S\u00f6z.<\/strong><\/td>\n<\/tr>\n<tr>\n<td height=\"20\">YABANCI D\u0130L<\/td>\n<td>MUAF<\/td>\n<\/tr>\n<tr>\n<td height=\"20\">Kadro Say\u0131s\u0131<\/td>\n<td><span style=\"color: #ff0000;\"><b>1<\/b><\/span><\/td>\n<\/tr>\n<tr>\n<td height=\"20\">Kadro Derecesi<\/td>\n<td>3<\/td>\n<\/tr>\n<tr>\n<td height=\"20\">Ba\u015fvuru Tipi<\/td>\n<td>Posta,\u015eahsen<\/td>\n<\/tr>\n<tr>\n<td height=\"20\"><strong><span style=\"color: #0000ff;\">\u00d6zel \u015eart<\/span><\/strong><\/td>\n<td style=\"text-align: justify;\"><strong>K\u00fct\u00fcphanecilik lisans mezunu olmak. Bilgi ve Belge Y\u00f6netimi Anabilim Dal\u0131nda tezli Y\u00fcksek Lisans yapm\u0131\u015f olmak. Lisans sonras\u0131 alan\u0131nda 10 (on) y\u0131l tecr\u00fcbe sahibi olmak<\/strong><\/td>\n<\/tr>\n<tr>\n<td height=\"20\">Ba\u015fvuru Yeri<\/td>\n<td>Sa\u011fl\u0131k Hizmetleri Meslek Y\u00fcksekokulu<\/td>\n<\/tr>\n<tr>\n<td height=\"20\"><strong style=\"color: #ff0000; font-family: Arial, Tahoma, Verdana; font-size: 15px; line-height: 18px;\">Son Ba\u015fvuru Tarihi<\/strong><\/td>\n<td><span style=\"font-family: Arial, Tahoma, Verdana;\"><span style=\"font-size: 15px;\"><strong>01.11.2019<\/strong><\/span><\/span><\/td>\n<\/tr>\n<tr>\n<td height=\"20\">\u00d6n De\u011ferlendirme Tarihi<\/td>\n<td><span style=\"font-family: Arial, Tahoma, Verdana;\"><span style=\"font-size: 15px;\"><strong>08.11.2019<\/strong><\/span><\/span><\/td>\n<\/tr>\n<tr>\n<td height=\"20\">S\u0131nav Giri\u015f Tarihi<\/td>\n<td><span style=\"font-family: Arial, Tahoma, Verdana;\"><span style=\"font-size: 15px;\"><strong>15.11.2019<\/strong><\/span><\/span><\/td>\n<\/tr>\n<tr>\n<td height=\"20\"><span style=\"color: #0000ff;\"><strong>Sonu\u00e7 A\u00e7\u0131klama Tarihi<\/strong><\/span><\/td>\n<td><span style=\"font-family: Arial, Tahoma, Verdana;\"><span style=\"font-size: 15px;\"><strong>22.11.2019<\/strong><\/span><\/span><\/td>\n<\/tr>\n<\/tbody>\n<\/table>\n<p><span style=\"color: #0000ff;\"><strong><span style=\"color: #0000ff;\"><a href=\"http:\/\/ilan.sakarya.edu.tr\/tr\/duyuru\/goster\/87107\/18-10-2019-tarihli-sakarya-universitesi-ogretim-elemani-ilani\" target=\"_blank\" rel=\"noopener\">Daha fazla bilgi ve belge i\u00e7in t\u0131klay\u0131n\u0131z<\/a><\/span><\/strong><\/span><\/p>\n<p>&#8211; \u0130lana ba\u015fvurular ilanda belirtilen ba\u015fvuru yerlerine <em>\u015fahsen veya posta yoluyla yap\u0131lacakt\u0131r<\/em>. S\u00fcresi i\u00e7inde yap\u0131lmayan ba\u015fvurular, eksik belgeli dosyalar ve posta ile yap\u0131lacak ba\u015fvurularda postadaki gecikmeler nedeniyle son ba\u015fvuru tarihinden sonra ula\u015fan ba\u015fvurular kabul edilmeyecektir.<\/p>\n","protected":false},"excerpt":{"rendered":"<p>Sakarya \u00dcniversitesi Sa\u011fl\u0131k Hizmetleri Meslek Y\u00fcksekokulu T\u0131bbi Hizmetler ve Teknikler T\u0131bbi D\u00f6k\u00fcmantasyon ve Sekreterlik B\u00f6l\u00fcm\u00fc&#8217;ne; &#8220;K\u00fct\u00fcphanecilik lisans mezunu olmak. Bilgi ve Belge Y\u00f6netimi Anabilim Dal\u0131nda tezli Y\u00fcksek Lisans yapm\u0131\u015f olmak. Lisans sonras\u0131 alan\u0131nda 10 (on) y\u0131l tecr\u00fcbe sahibi olmak.&#8221; \u00f6zel \u015fart\u0131 ile 1\u00a0\u00d6\u011eRET\u0130M G\u00d6REVL\u0130S\u0130\u00a0al\u0131nacakt\u0131r.<\/p>\n","protected":false},"author":1,"featured_media":27298,"comment_status":"open","ping_status":"open","sticky":false,"template":"","format":"standard","meta":{"footnotes":""},"categories":[],"tags":[1393],"class_list":["post-27297","post","type-post","status-publish","format-standard","has-post-thumbnail","hentry","tag-bby-is-ilanlari-arsivi"],"_links":{"self":[{"href":"https:\/\/www.bbyhaber.com\/bby\/wp-json\/wp\/v2\/posts\/27297"}],"collection":[{"href":"https:\/\/www.bbyhaber.com\/bby\/wp-json\/wp\/v2\/posts"}],"about":[{"href":"https:\/\/www.bbyhaber.com\/bby\/wp-json\/wp\/v2\/types\/post"}],"author":[{"embeddable":true,"href":"https:\/\/www.bbyhaber.com\/bby\/wp-json\/wp\/v2\/users\/1"}],"replies":[{"embeddable":true,"href":"https:\/\/www.bbyhaber.com\/bby\/wp-json\/wp\/v2\/comments?post=27297"}],"version-history":[{"count":1,"href":"https:\/\/www.bbyhaber.com\/bby\/wp-json\/wp\/v2\/posts\/27297\/revisions"}],"predecessor-version":[{"id":27299,"href":"https:\/\/www.bbyhaber.com\/bby\/wp-json\/wp\/v2\/posts\/27297\/revisions\/27299"}],"wp:featuredmedia":[{"embeddable":true,"href":"https:\/\/www.bbyhaber.com\/bby\/wp-json\/wp\/v2\/media\/27298"}],"wp:attachment":[{"href":"https:\/\/www.bbyhaber.com\/bby\/wp-json\/wp\/v2\/media?parent=27297"}],"wp:term":[{"taxonomy":"category","embeddable":true,"href":"https:\/\/www.bbyhaber.com\/bby\/wp-json\/wp\/v2\/categories?post=27297"},{"taxonomy":"post_tag","embeddable":true,"href":"https:\/\/www.bbyhaber.com\/bby\/wp-json\/wp\/v2\/tags?post=27297"}],"curies":[{"name":"wp","href":"https:\/\/api.w.org\/{rel}","templated":true}]}}