{"id":2727,"date":"2012-02-23T07:39:14","date_gmt":"2012-02-23T07:39:14","guid":{"rendered":"http:\/\/www.bbyhaber.com\/bby\/?p=2727"},"modified":"2012-05-22T06:38:50","modified_gmt":"2012-05-22T06:38:50","slug":"derleme-kanunu-tbmmden-gecti","status":"publish","type":"post","link":"https:\/\/www.bbyhaber.com\/bby\/2012\/02\/23\/derleme-kanunu-tbmmden-gecti","title":{"rendered":"Derleme Kanunu TBMM&#8217;den ge\u00e7ti"},"content":{"rendered":"<p style=\"text-align: justify;\">Kanun, fikir ve sanat eserleri ile anla\u015fmalar uyar\u0131nca yurt d\u0131\u015f\u0131nda \u00e7o\u011falt\u0131lan fikir ve sanat eserlerinin etkin, sa\u011fl\u0131kl\u0131 ve eksiksiz bir bi\u00e7imde toplanmas\u0131, gelecek ku\u015faklara aktar\u0131lmas\u0131, elveri\u015fli ortamlarda saklanmas\u0131, korunmas\u0131 ve toplumun bilgi ve yarar\u0131na sunulmas\u0131n\u0131 sa\u011flayacak esaslar\u0131 d\u00fczenliyor.<!--more--><\/p>\n<p style=\"text-align: justify;\">Kanuna g\u00f6re, \u00fclke s\u0131n\u0131rlar\u0131 i\u00e7inde bas\u0131lan ve \u00e7o\u011falt\u0131lan; kitap, kabartma harfli kitap, kitap\u00e7\u0131k, ansiklopedi, alb\u00fcm, atlas ve nota gibi tek ba\u015f\u0131na ya da bir tak\u0131m\u0131n veya bir dizinin par\u00e7as\u0131 niteli\u011finde olan ayr\u0131 yay\u0131mlanm\u0131\u015f eserler, gazete, dergi, y\u0131ll\u0131k, b\u00fclten, takvim gibi s\u00fcreli eserler, afi\u015f, kartpostal, grav\u00fcr, reprod\u00fcksiyon, bas\u0131l\u0131 foto\u011fraf gibi grafik eserler, slayt, film par\u00e7as\u0131 makara, kaset, kartu\u015f, film ve mikroform gibi materyaller, her t\u00fcrl\u00fc bilgisayar, m\u00fczik ve video cihazlar\u0131nda kullan\u0131lmak \u00fczere \u00fcretilmi\u015f ses, g\u00f6r\u00fcnt\u00fc ve veri i\u00e7eren optik ve manyetik ortamlara kaydedilerek \u00e7o\u011falt\u0131lm\u0131\u015f eserler, pul ve ka\u011f\u0131t para gibi eserler, co\u011frafik, jeolojik, topografik ya da meteorolojik harita, plan ve krokiler, yurt d\u0131\u015f\u0131nda bas\u0131m\u0131 veya \u00e7o\u011falt\u0131m\u0131 yap\u0131larak yurt i\u00e7inde sat\u0131\u015f\u0131 ve da\u011f\u0131t\u0131m\u0131 yap\u0131lan eserler, elektronik ortamda \u00fcretilerek kullan\u0131ma sunulmu\u015f elektronik yay\u0131nlar derlenecek.<\/p>\n<p style=\"text-align: justify;\">Yurt d\u0131\u015f\u0131nda T\u00fcrk\u00e7e olarak bas\u0131lan ve yurt i\u00e7inde sat\u0131\u015f\u0131 ve da\u011f\u0131t\u0131m\u0131 yap\u0131lan eserler de derleme kapsam\u0131na al\u0131nacak.<\/p>\n<p style=\"text-align: justify;\">\u00dclke s\u0131n\u0131rlar\u0131 d\u0131\u015f\u0131nda derlenecek eserler ise kanunlar ile ikili ya da \u00e7ok tarafl\u0131 anla\u015fmalar uyar\u0131nca, yabanc\u0131 uyruklu ger\u00e7ek ya da t\u00fczel ki\u015filerin T\u00fcrkiye&#8217;deki k\u00fct\u00fcphane, m\u00fcze, ar\u015fiv ve belgeliklerden yararlanarak haz\u0131rlad\u0131klar\u0131 eserler ile T\u00fcrkiye&#8217;de yapt\u0131klar\u0131 arkeolojik kaz\u0131 ya da ara\u015ft\u0131rmalar\u0131n y\u00f6ntem ya da sonu\u00e7lar\u0131na ili\u015fkin olarak yurt d\u0131\u015f\u0131nda yay\u0131mlam\u0131\u015f veya \u00e7o\u011faltm\u0131\u015f eserlerden olu\u015facak.<\/p>\n<p style=\"text-align: justify;\"><strong>-Derlenecek eserlerin g\u00f6nderilece\u011fi yerler-<\/strong><\/p>\n<p style=\"text-align: justify;\">Derleme i\u015fleri, K\u00fclt\u00fcr ve Turizm Bakanl\u0131\u011f\u0131 taraf\u0131ndan y\u00fcr\u00fct\u00fclecek ve koordine edilecek.<\/p>\n<p style=\"text-align: justify;\">Derleme i\u015flemlerinin ve derlemeyle ama\u00e7lanan hizmetlerin etkin bir bi\u00e7imde y\u00fcr\u00fct\u00fclebilmesine ili\u015fkin usul ve esaslar, K\u00fclt\u00fcr ve Turizm Bakanl\u0131\u011f\u0131nca \u00e7\u0131kar\u0131lacak y\u00f6netmelikle belirlenecek.<\/p>\n<p style=\"text-align: justify;\">Kitap, kabartma harfli kitap, kitap\u00e7\u0131k, ansiklopedi, alb\u00fcm, atlas ve nota gibi tek ba\u015f\u0131na ya da bir tak\u0131m\u0131n veya bir dizinin par\u00e7as\u0131 niteli\u011finde olan ayr\u0131 yay\u0131mlanm\u0131\u015f eserler, gazete, dergi, y\u0131ll\u0131k, b\u00fclten, takvim gibi s\u00fcreli eserler, yerel gazeteler hari\u00e7, 6 n\u00fcsha derlenerek Milli K\u00fct\u00fcphaneye, TBMM K\u00fct\u00fcphane ve Ar\u015fiv Hizmetleri Ba\u015fkanl\u0131\u011f\u0131na, \u0130stanbul Beyaz\u0131t Devlet K\u00fct\u00fcphanesine ve Ankara&#8217;da bakanl\u0131k\u00e7a belirlenecek k\u00fct\u00fcphaneye g\u00f6nderilecek.<\/p>\n<p style=\"text-align: justify;\">Di\u011fer eserler ise iki\u015fer n\u00fcsha Milli K\u00fct\u00fcphane ve \u0130stanbul Beyaz\u0131t Devlet K\u00fct\u00fcphanesine g\u00f6nderilecek. Tasar\u0131n\u0131n g\u00f6r\u00fc\u015fmelerinde gruplar\u0131n ortak \u00f6nergeyle, derlemelerin g\u00f6nderilece\u011fi k\u00fct\u00fcphaneler aras\u0131na \u0130zmir Milli K\u00fct\u00fcphane ve \u0130stanbul \u00dcniversitesi K\u00fct\u00fcphanesi de yer ald\u0131.<\/p>\n<p style=\"text-align: justify;\">Kabul edilen ba\u015fka bir \u00f6nergeyle, elektronik ortama aktar\u0131lan eserlerin bir n\u00fcshas\u0131, g\u00f6rme engellilerin hizmetine sunulmak \u00fczere Milli K\u00fct\u00fcphaneye g\u00f6nderilecek.<\/p>\n<p style=\"text-align: justify;\">Yerel ve b\u00f6lgesel gazeteler de Milli K\u00fct\u00fcphane ve \u0130l Halk K\u00fct\u00fcphanesine g\u00f6nderilecek.<\/p>\n<p style=\"text-align: justify;\"><strong>-Sorumluluk ve yapt\u0131r\u0131mlar-<\/strong><\/p>\n<p style=\"text-align: justify;\">Eserlerin derleme n\u00fcshalar\u0131, \u00e7o\u011falt\u0131lm\u0131\u015f di\u011fer kopyalarla ayn\u0131 olmas\u0131 zorunlu olacak. Derleme n\u00fcshalar\u0131 \u00e7o\u011faltma i\u015flemini izleyen 15 g\u00fcn i\u00e7erisinde eksiksiz ve hatas\u0131z olarak derleme m\u00fcd\u00fcrl\u00fc\u011f\u00fc veya derleme birimine teslim edilecek.<\/p>\n<p style=\"text-align: justify;\">Derleme k\u00fct\u00fcphanelerinin belirledi\u011fi yanl\u0131\u015f, eksik ya da ciltsiz n\u00fcshalar\u0131n de\u011fi\u015ftirilmesi, en ge\u00e7 15 g\u00fcn i\u00e7inde derleme m\u00fckelleflerince yerine getirilecek. Kanunda yer alan sorumluluklar\u0131n\u0131 yerine getirmeyen derleme m\u00fckelleflerine, derlemenin yap\u0131ld\u0131\u011f\u0131 yerdeki en b\u00fcy\u00fck m\u00fclki amir taraf\u0131ndan yapt\u0131r\u0131mlar uygulanacak.<\/p>\n<p style=\"text-align: justify;\">Derleme n\u00fcshalar\u0131n\u0131 zaman\u0131nda derleme m\u00fcd\u00fcrl\u00fc\u011f\u00fc veya birimine g\u00f6ndermeyenler, her derleme n\u00fcshas\u0131 i\u00e7in bin TL&#8217;den 5 bin TL&#8217;ye kadar idari para cezas\u0131na \u00e7arpt\u0131r\u0131lacak.<\/p>\n<p style=\"text-align: justify;\">Derleme n\u00fcshas\u0131 olarak verilen eserlerin maliyet bedeli, kazanc\u0131n saptanmas\u0131nda gider olarak dikkate al\u0131nacak. Bu \u015fekilde gider fazlal\u0131\u011f\u0131ndan do\u011fan zarar, bir sonraki y\u0131la devredilemeyecek.<\/p>\n<p style=\"text-align: justify;\"><strong>-&#8221;Uyanlarla yolumuza devam edece\u011fiz&#8221;-<\/strong><\/p>\n<p style=\"text-align: justify;\">K\u00fclt\u00fcr ve Turizm Bakan\u0131 Ertu\u011frul G\u00fcnay, \u0130zmir Milli K\u00fct\u00fcphanesinin, bir m\u00fcze olabilece\u011fini s\u00f6yledi. G\u00fcnay, Ankara&#8217;ya da yeni bir milli k\u00fct\u00fcphane gerekti\u011fini dile getirerek, &#8221;T\u00fcrkiye&#8217;de \u00e7ok say\u0131da \u00f6\u011frenci var, n\u00fcfusu \u00e7ok gen\u00e7. Her ne kadar elektronik ortamlar\u0131 kullansak da k\u00fct\u00fcphane, hayat\u0131m\u0131zdan \u00e7\u0131kmamas\u0131 gereken \u00f6nemli bir k\u00fclt\u00fcr varl\u0131\u011f\u0131&#8221; dedi.<\/p>\n<p style=\"text-align: justify;\">Tarihi eser ka\u00e7ak\u00e7\u0131l\u0131\u011f\u0131yla m\u00fccadele ettiklerini ifade eden G\u00fcnay, \u015eanl\u0131urfa G\u00f6beklitepe&#8217;de bir heykel kutusunun, kaz\u0131 heyeti taraf\u0131ndan yeterince korunmad\u0131\u011f\u0131 i\u00e7in kay\u0131plara kar\u0131\u015ft\u0131\u011f\u0131n\u0131 s\u00f6yledi. G\u00fcnay, bunu bir \u00f6l\u00e7\u00fcde kaz\u0131 heyetine tanzim ettirdiklerini, ba\u015fka yapt\u0131r\u0131mlar da d\u00fc\u015f\u00fcnd\u00fcklerini belirterek, \u015f\u00f6yle konu\u015ftu:<\/p>\n<p style=\"text-align: justify;\">&#8221;Maddi kar\u015f\u0131l\u0131kla bu eserler \u00f6l\u00e7\u00fclemez. Yapt\u0131r\u0131mlar d\u00fc\u015f\u00fcnmemiz nedeniyle kaz\u0131 heyeti, kar\u015f\u0131 bilgilendirme kampanyas\u0131 a\u00e7t\u0131. T\u00fcrkiye&#8217;de bir kaz\u0131y\u0131 ister yabanc\u0131lar, ister bizim hocalar\u0131m\u0131z, \u00fcniversitelerimiz yaps\u0131n, herkesin \u00e7al\u0131\u015ft\u0131\u011f\u0131 topra\u011f\u0131 sevmesi, yeterince zaman ay\u0131rmas\u0131, buluntularla ilgili eserler yazmas\u0131 gibi yeni getirdi\u011fimiz kurallar var. Bu kurallara uyanlar devam edecekler, uymayanlar\u0131n emeklerine te\u015fekk\u00fcr edece\u011fiz, uyanlarla yolumuza devam edece\u011fiz.&#8221;<\/p>\n<p style=\"text-align: justify;\">G\u00fcnay, herhangi bir ay\u0131r\u0131m yapmaks\u0131z\u0131n, b\u00fct\u00fcn zenginlikleri yeni ku\u015faklara ta\u015f\u0131maya \u00e7al\u0131\u015ft\u0131klar\u0131n\u0131 belirterek, bu konuda yapt\u0131klar\u0131 \u00e7al\u0131\u015fmalardan bahsetti. G\u00fcnay, \u015eeyh Bedreddin \u00fczerine bir \u00e7al\u0131\u015fma yapt\u0131klar\u0131n\u0131, ilk kez bir S\u00fcryani kitab\u0131n\u0131 T\u00fcrk\u00e7e&#8217;ye basmaya \u00e7al\u0131\u015ft\u0131klar\u0131n\u0131 anlatt\u0131. G\u00fcnay, &#8221;Bu topraklarda hangi renk, \u00e7i\u00e7ekler varsa hi\u00e7biri solmas\u0131n, bu topraklar\u0131n bereketi \u00e7o\u011fals\u0131n diye u\u011fra\u015f\u0131yoruz&#8221; dedi.<\/p>\n<p style=\"text-align: justify;\">Tasar\u0131n\u0131n yasala\u015fmas\u0131n\u0131n ard\u0131ndan TBMM Ba\u015fkanvekili Meral Ak\u015fener, birle\u015fimi yar\u0131n saat 13.00&#8217;de toplanmak \u00fczere kapatt\u0131.<\/p>\n<p style=\"text-align: justify;\">Kaynak: http:\/\/haber.ihlassondakika.com<\/p>\n","protected":false},"excerpt":{"rendered":"<p>Kanun, fikir ve sanat eserleri ile anla\u015fmalar uyar\u0131nca yurt d\u0131\u015f\u0131nda \u00e7o\u011falt\u0131lan fikir ve sanat eserlerinin etkin, sa\u011fl\u0131kl\u0131 ve eksiksiz bir bi\u00e7imde toplanmas\u0131, gelecek ku\u015faklara aktar\u0131lmas\u0131, elveri\u015fli ortamlarda saklanmas\u0131, korunmas\u0131 ve toplumun bilgi ve yarar\u0131na sunulmas\u0131n\u0131 sa\u011flayacak esaslar\u0131 d\u00fczenliyor.<\/p>\n","protected":false},"author":1,"featured_media":0,"comment_status":"open","ping_status":"open","sticky":false,"template":"","format":"standard","meta":{"footnotes":""},"categories":[1],"tags":[250,164],"class_list":["post-2727","post","type-post","status-publish","format-standard","hentry","category-genel","tag-basma-yazi-ve-eserleri-derleme-kanunu","tag-derleme-kanunu"],"_links":{"self":[{"href":"https:\/\/www.bbyhaber.com\/bby\/wp-json\/wp\/v2\/posts\/2727"}],"collection":[{"href":"https:\/\/www.bbyhaber.com\/bby\/wp-json\/wp\/v2\/posts"}],"about":[{"href":"https:\/\/www.bbyhaber.com\/bby\/wp-json\/wp\/v2\/types\/post"}],"author":[{"embeddable":true,"href":"https:\/\/www.bbyhaber.com\/bby\/wp-json\/wp\/v2\/users\/1"}],"replies":[{"embeddable":true,"href":"https:\/\/www.bbyhaber.com\/bby\/wp-json\/wp\/v2\/comments?post=2727"}],"version-history":[{"count":0,"href":"https:\/\/www.bbyhaber.com\/bby\/wp-json\/wp\/v2\/posts\/2727\/revisions"}],"wp:attachment":[{"href":"https:\/\/www.bbyhaber.com\/bby\/wp-json\/wp\/v2\/media?parent=2727"}],"wp:term":[{"taxonomy":"category","embeddable":true,"href":"https:\/\/www.bbyhaber.com\/bby\/wp-json\/wp\/v2\/categories?post=2727"},{"taxonomy":"post_tag","embeddable":true,"href":"https:\/\/www.bbyhaber.com\/bby\/wp-json\/wp\/v2\/tags?post=2727"}],"curies":[{"name":"wp","href":"https:\/\/api.w.org\/{rel}","templated":true}]}}