{"id":27262,"date":"2019-10-15T14:35:53","date_gmt":"2019-10-15T11:35:53","guid":{"rendered":"http:\/\/www.bbyhaber.com\/bby\/?p=27262"},"modified":"2019-10-15T14:39:27","modified_gmt":"2019-10-15T11:39:27","slug":"uakdan-karar-hangi-dergiler-docentlik-basvuru-sartlarinda-beyannamede-kullanilamaz","status":"publish","type":"post","link":"https:\/\/www.bbyhaber.com\/bby\/2019\/10\/15\/uakdan-karar-hangi-dergiler-docentlik-basvuru-sartlarinda-beyannamede-kullanilamaz","title":{"rendered":"\u00dcAK&#8217;dan karar&#8211;>Hangi dergiler Do\u00e7entlik Ba\u015fvuru \u015eartlar\u0131nda (Beyannamede) kullan\u0131lamaz?"},"content":{"rendered":"<p><a href=\"http:\/\/www.bbyhaber.com\/bby\/wp-content\/uploads\/2019\/03\/yagmaci-dergiler-sezgin-yilmaz.jpg\"><img loading=\"lazy\" decoding=\"async\" class=\"alignleft size-full wp-image-26362\" src=\"http:\/\/www.bbyhaber.com\/bby\/wp-content\/uploads\/2019\/03\/yagmaci-dergiler-sezgin-yilmaz.jpg\" alt=\"\" width=\"390\" height=\"180\" \/><\/a>2019 Ekim D\u00f6nemi Do\u00e7entlik Ba\u015fvurusuna \u0130li\u015fkin S\u0131k\u00e7a Sorulan Sorular ve Cevaplar k\u0131sm\u0131nda ge\u00e7en &#8220;Hangi dergiler Do\u00e7entlik Ba\u015fvuru \u015eartlar\u0131nda (Beyannamede) kullan\u0131lamaz?&#8221; sorusuna dair \u00dcAK&#8217;\u0131n verdi\u011fi cevap \u015f\u00f6yledir:\u00a0 Y\u00fcksek\u00f6\u011fretim Kurulu\u2019nun 07.03.2019 tarihli Genel Kurulunda al\u0131nan karar gere\u011fi, <strong>07.03.2019 sonras\u0131 yay\u0131mlanm\u0131\u015f makaleler i\u00e7in ge\u00e7erli olmak \u00fczere;<\/strong> <!--more--><\/p>\n<p><span style=\"color: #ff0000;\"><strong>&#8211;&gt; Makale kabul\u00fcnden sonra yay\u0131mlanmas\u0131 i\u00e7in yazardan \u00fccret veya ek \u00fccret talep eden dergiler<\/strong><\/span> (<a href=\"https:\/\/www.bbyhaber.com\/bby\/tag\/yagmaci-dergiler\" target=\"_blank\" rel=\"noopener\"><strong>Ya\u011fmac\u0131\/\u015eaibeli Dergiler<\/strong><\/a>), <strong><span style=\"color: #ff0000;\">bu ili\u015fkinin bir \u00e7\u0131kar \u00e7at\u0131\u015fmas\u0131 i\u00e7ermesi nedeniyle do\u00e7entlik ba\u015fvuru \u015fartlar\u0131nda (beyannamede) kullan\u0131lamaz.<\/span><\/strong> Ancak \u00f6zge\u00e7mi\u015f ve eserler listesine eklenmelidir.<\/p>\n<p><span style=\"color: #008000;\"><strong>&#8211;&gt; Bu ba\u011flamda a\u015fa\u011f\u0131daki dergiler do\u00e7entlik ba\u015fvuru \u015fartlar\u0131nda (beyannamede) kullan\u0131labilir:<\/strong><\/span><\/p>\n<ul>\n<li>Makale ba\u015fvurusu s\u0131ras\u0131nda -kabul\/red \u015fart\u0131na ba\u011fl\u0131 olmaks\u0131z\u0131n- \u00fccret alan dergiler,<\/li>\n<li>Abonelik usul\u00fc ile \u00e7al\u0131\u015ft\u0131\u011f\u0131 halde ilgili makaleyi a\u00e7\u0131k eri\u015fimli yapmak i\u00e7in \u00fccret talep eden dergiler,<\/li>\n<li>Makale bas\u0131m\u0131 s\u00fcrecinde yazarlardan herhangi bir \u00fccret talep etmeyen dergiler.<\/li>\n<\/ul>\n<p>Ba\u015fvuruda beyan edilen makalenin yay\u0131mland\u0131\u011f\u0131 dergi, \u015feklen yukar\u0131da belirtilen \u201cbeyannamede kullan\u0131lamaz dergiler\u201d nitelemesine uymakla birlikte, ilgili derginin bu kapsamda de\u011ferlendirilmemesi gerekti\u011fini iddia eden adaylar gerek\u00e7esini belirterek ilgili makaleyi beyan edebilir.<\/p>\n<p><a href=\"http:\/\/www.uak.gov.tr\/?q=node\/96\" target=\"_blank\" rel=\"noopener\">Kaynak<\/a><\/p>\n","protected":false},"excerpt":{"rendered":"<p>2019 Ekim D\u00f6nemi Do\u00e7entlik Ba\u015fvurusuna \u0130li\u015fkin S\u0131k\u00e7a Sorulan Sorular ve Cevaplar k\u0131sm\u0131nda ge\u00e7en &#8220;Hangi dergiler Do\u00e7entlik Ba\u015fvuru \u015eartlar\u0131nda (Beyannamede) kullan\u0131lamaz?&#8221; sorusuna dair \u00dcAK&#8217;\u0131n verdi\u011fi cevap \u015f\u00f6yledir:\u00a0 Y\u00fcksek\u00f6\u011fretim Kurulu\u2019nun 07.03.2019 tarihli Genel Kurulunda al\u0131nan karar gere\u011fi, 07.03.2019 sonras\u0131 yay\u0131mlanm\u0131\u015f makaleler i\u00e7in ge\u00e7erli olmak \u00fczere;<\/p>\n","protected":false},"author":1,"featured_media":26362,"comment_status":"open","ping_status":"open","sticky":false,"template":"","format":"standard","meta":{"footnotes":""},"categories":[1],"tags":[1108,1109],"class_list":["post-27262","post","type-post","status-publish","format-standard","has-post-thumbnail","hentry","category-genel","tag-predatory-journal","tag-yagmaci-dergiler"],"_links":{"self":[{"href":"https:\/\/www.bbyhaber.com\/bby\/wp-json\/wp\/v2\/posts\/27262"}],"collection":[{"href":"https:\/\/www.bbyhaber.com\/bby\/wp-json\/wp\/v2\/posts"}],"about":[{"href":"https:\/\/www.bbyhaber.com\/bby\/wp-json\/wp\/v2\/types\/post"}],"author":[{"embeddable":true,"href":"https:\/\/www.bbyhaber.com\/bby\/wp-json\/wp\/v2\/users\/1"}],"replies":[{"embeddable":true,"href":"https:\/\/www.bbyhaber.com\/bby\/wp-json\/wp\/v2\/comments?post=27262"}],"version-history":[{"count":3,"href":"https:\/\/www.bbyhaber.com\/bby\/wp-json\/wp\/v2\/posts\/27262\/revisions"}],"predecessor-version":[{"id":27265,"href":"https:\/\/www.bbyhaber.com\/bby\/wp-json\/wp\/v2\/posts\/27262\/revisions\/27265"}],"wp:featuredmedia":[{"embeddable":true,"href":"https:\/\/www.bbyhaber.com\/bby\/wp-json\/wp\/v2\/media\/26362"}],"wp:attachment":[{"href":"https:\/\/www.bbyhaber.com\/bby\/wp-json\/wp\/v2\/media?parent=27262"}],"wp:term":[{"taxonomy":"category","embeddable":true,"href":"https:\/\/www.bbyhaber.com\/bby\/wp-json\/wp\/v2\/categories?post=27262"},{"taxonomy":"post_tag","embeddable":true,"href":"https:\/\/www.bbyhaber.com\/bby\/wp-json\/wp\/v2\/tags?post=27262"}],"curies":[{"name":"wp","href":"https:\/\/api.w.org\/{rel}","templated":true}]}}