{"id":27253,"date":"2019-10-15T09:12:23","date_gmt":"2019-10-15T06:12:23","guid":{"rendered":"http:\/\/www.bbyhaber.com\/bby\/?p=27253"},"modified":"2019-11-01T08:57:35","modified_gmt":"2019-11-01T05:57:35","slug":"turkiye-adalet-akademisi-baskanligina-naklen-2-kutuphaneci-alim-ilani-son-basvuru-28-ekim-2019","status":"publish","type":"post","link":"https:\/\/www.bbyhaber.com\/bby\/2019\/10\/15\/turkiye-adalet-akademisi-baskanligina-naklen-2-kutuphaneci-alim-ilani-son-basvuru-28-ekim-2019","title":{"rendered":"T\u00fcrkiye Adalet Akademisi Ba\u015fkanl\u0131\u011f\u0131na Naklen 2 K\u00fct\u00fcphaneci Al\u0131m \u0130lan\u0131-Son Ba\u015fvuru-28 Ekim 2019"},"content":{"rendered":"<p><a href=\"http:\/\/www.bbyhaber.com\/bby\/wp-content\/uploads\/2019\/10\/turkiye-adalet-akademisi-naklen-kutuphaneci.jpg\"><img loading=\"lazy\" decoding=\"async\" class=\"alignleft size-full wp-image-27256\" src=\"http:\/\/www.bbyhaber.com\/bby\/wp-content\/uploads\/2019\/10\/turkiye-adalet-akademisi-naklen-kutuphaneci.jpg\" alt=\"\" width=\"390\" height=\"180\" \/><\/a><strong>T\u00fcrkiye Adalet Akademisi Ba\u015fkanl\u0131\u011f\u0131<\/strong> resmi internet sitesi \u00fczerinden yay\u0131mlad\u0131\u011f\u0131 bir duyuru ile;\u00a0657 say\u0131l\u0131 Devlet Memurlar\u0131 Kanunun 74. Maddesi gere\u011fince <a href=\"https:\/\/www.bbyhaber.com\/bby\/category\/naklen-atamalar\" target=\"_blank\" rel=\"noopener\"><strong>naklen personel al\u0131m\u0131<\/strong><\/a> yapaca\u011f\u0131n\u0131 duyurdu. Kamu kurumlar\u0131 aras\u0131ndan \u00e7al\u0131\u015fan memurlar aras\u0131ndan yap\u0131lacak naklen personel al\u0131mlar\u0131na ili\u015fkin \u015fu bilgiler verildi.<!--more--><\/p>\n<table style=\"height: 79px;\" width=\"387\">\n<tbody>\n<tr>\n<td width=\"259\">KADRO UNVANI<\/td>\n<td width=\"224\">KADRO DERECES\u0130<\/td>\n<td width=\"196\">KADRO ADED\u0130<\/td>\n<\/tr>\n<tr>\n<td width=\"259\">K\u00dcT\u00dcPHANEC\u0130<\/td>\n<td width=\"224\">5<\/td>\n<td width=\"196\">1<\/td>\n<\/tr>\n<tr>\n<td width=\"259\">K\u00dcT\u00dcPHANEC\u0130<\/td>\n<td width=\"224\">7<\/td>\n<td width=\"196\">1<\/td>\n<\/tr>\n<\/tbody>\n<\/table>\n<p>Ba\u015fvurular\u0131n ilan tarihinden itibaren 15 (on be\u015f ) g\u00fcn i\u00e7erisinde a\u015fa\u011f\u0131da belirtilen adrese \u015fahsen veya T\u00fcrkiye Adalet Akademisine g\u00f6nderilmek \u00fczere Cumhuriyet Ba\u015fsavc\u0131l\u0131klar\u0131na yap\u0131lmas\u0131 gerekmektedir.<\/p>\n<p><strong><span style=\"color: #ff0000;\">Ba\u015fvuru Adresi: <\/span><\/strong><\/p>\n<p>T\u00fcrkiye Adalet Akademisi \u0130nsan Kaynaklar\u0131 ve Destek Hizmetleri<br \/>\nB\u00fcrosu \u015eehit Savc\u0131 Mehmet Selim Kiraz Bulvar\u0131 Ahlatl\u0131bel Yerle\u015fkesi \u00c7ankaya\/Ankara<br \/>\n<strong><span style=\"color: #ff0000;\">Son Ba\u015fvuru Tarihi: 28 Ekim 2019<\/span><\/strong><br \/>\n\u0130leti\u015fim: 0312 489 81 80 \/ 1025<\/p>\n<p><strong><span style=\"color: #ff0000;\">\u0130STEN\u0130LEN BELGELER<\/span><\/strong><br \/>\nBa\u015fvuru Dilek\u00e7esi<br \/>\n\u00d6zge\u00e7mi\u015f<br \/>\nLisans Mezuniyet Belgesi (Onayl\u0131)<br \/>\nAvukatl\u0131k Ruhsatnamesi (Onayl\u0131) (Avukatl\u0131k kadrosu i\u00e7in)<br \/>\nMali Hizmetleri Uzman\u0131 (Bulundu\u011fu kurumda en az 3 y\u0131l \u00e7al\u0131\u015fm\u0131\u015f olmak)<br \/>\nVesikal\u0131k Fotograf (1 Adet)<br \/>\nHizmet Belgesi (Onayl\u0131)<\/p>\n<p><strong><span style=\"color: #ff0000;\">BA\u015eVURU \u015eARTLARI<\/span><\/strong><br \/>\n<strong>Kamu Kurumlar\u0131nda belirtilen kadrolarda g\u00f6rev yap\u0131yor olmak,<\/strong><br \/>\nHakk\u0131nda devam eden adli-idari soru\u015fturma veya kesinle\u015fen cezas\u0131 bulunmamak,<br \/>\nErkek adaylar i\u00e7in askerlik ile ilgisi bulunmamak<\/p>\n<p><a href=\"https:\/\/www.taa.gov.tr\/Duyuru\/turkiye-adalet-akademisi-baskanligina-naklen-atama-ile-personel-alim-ilani\" target=\"_blank\" rel=\"noopener\">Kaynak<\/a><\/p>\n","protected":false},"excerpt":{"rendered":"<p>T\u00fcrkiye Adalet Akademisi Ba\u015fkanl\u0131\u011f\u0131 resmi internet sitesi \u00fczerinden yay\u0131mlad\u0131\u011f\u0131 bir duyuru ile;\u00a0657 say\u0131l\u0131 Devlet Memurlar\u0131 Kanunun 74. Maddesi gere\u011fince naklen personel al\u0131m\u0131 yapaca\u011f\u0131n\u0131 duyurdu. Kamu kurumlar\u0131 aras\u0131ndan \u00e7al\u0131\u015fan memurlar aras\u0131ndan yap\u0131lacak naklen personel al\u0131mlar\u0131na ili\u015fkin \u015fu bilgiler verildi.<\/p>\n","protected":false},"author":1,"featured_media":27256,"comment_status":"open","ping_status":"open","sticky":false,"template":"","format":"standard","meta":{"footnotes":""},"categories":[],"tags":[1393,1464,1211],"class_list":["post-27253","post","type-post","status-publish","format-standard","has-post-thumbnail","hentry","tag-bby-is-ilanlari-arsivi","tag-naklen-atamalar","tag-naklen-kutuphaneci-ilanlari"],"_links":{"self":[{"href":"https:\/\/www.bbyhaber.com\/bby\/wp-json\/wp\/v2\/posts\/27253"}],"collection":[{"href":"https:\/\/www.bbyhaber.com\/bby\/wp-json\/wp\/v2\/posts"}],"about":[{"href":"https:\/\/www.bbyhaber.com\/bby\/wp-json\/wp\/v2\/types\/post"}],"author":[{"embeddable":true,"href":"https:\/\/www.bbyhaber.com\/bby\/wp-json\/wp\/v2\/users\/1"}],"replies":[{"embeddable":true,"href":"https:\/\/www.bbyhaber.com\/bby\/wp-json\/wp\/v2\/comments?post=27253"}],"version-history":[{"count":6,"href":"https:\/\/www.bbyhaber.com\/bby\/wp-json\/wp\/v2\/posts\/27253\/revisions"}],"predecessor-version":[{"id":27261,"href":"https:\/\/www.bbyhaber.com\/bby\/wp-json\/wp\/v2\/posts\/27253\/revisions\/27261"}],"wp:featuredmedia":[{"embeddable":true,"href":"https:\/\/www.bbyhaber.com\/bby\/wp-json\/wp\/v2\/media\/27256"}],"wp:attachment":[{"href":"https:\/\/www.bbyhaber.com\/bby\/wp-json\/wp\/v2\/media?parent=27253"}],"wp:term":[{"taxonomy":"category","embeddable":true,"href":"https:\/\/www.bbyhaber.com\/bby\/wp-json\/wp\/v2\/categories?post=27253"},{"taxonomy":"post_tag","embeddable":true,"href":"https:\/\/www.bbyhaber.com\/bby\/wp-json\/wp\/v2\/tags?post=27253"}],"curies":[{"name":"wp","href":"https:\/\/api.w.org\/{rel}","templated":true}]}}