{"id":27250,"date":"2019-10-15T08:51:43","date_gmt":"2019-10-15T05:51:43","guid":{"rendered":"http:\/\/www.bbyhaber.com\/bby\/?p=27250"},"modified":"2019-10-15T08:51:43","modified_gmt":"2019-10-15T05:51:43","slug":"turk-kutuphaneciler-derneginin-70-yil-sloganini-sen-belirle-son-tarih-1-kasim-2019","status":"publish","type":"post","link":"https:\/\/www.bbyhaber.com\/bby\/2019\/10\/15\/turk-kutuphaneciler-derneginin-70-yil-sloganini-sen-belirle-son-tarih-1-kasim-2019","title":{"rendered":"T\u00fcrk K\u00fct\u00fcphaneciler Derne\u011fi&#8217;nin 70.Y\u0131l Slogan\u0131n\u0131 Sen Belirle-Son Tarih-1 Kas\u0131m 2019"},"content":{"rendered":"<p><strong><a href=\"http:\/\/www.bbyhaber.com\/bby\/wp-content\/uploads\/2019\/10\/70.yil-slogan-yarismasi-tkd.jpg\"><img loading=\"lazy\" decoding=\"async\" class=\"alignleft size-full wp-image-27251\" src=\"http:\/\/www.bbyhaber.com\/bby\/wp-content\/uploads\/2019\/10\/70.yil-slogan-yarismasi-tkd.jpg\" alt=\"\" width=\"390\" height=\"180\" \/><\/a>T\u00fcrk K\u00fct\u00fcphaneciler Derne\u011finin kurulu\u015funun<\/strong> <strong>70. Y\u0131l etkinliklerinde kullanmak \u00fczere<\/strong>, T\u00fcrk K\u00fct\u00fcphaneciler Derne\u011finin olu\u015fum amac\u0131n\u0131 yans\u0131tan <strong>yarat\u0131c\u0131 ve \u00e7arp\u0131c\u0131 slogan<\/strong>lar\u0131n \u00fcretilece\u011fi bir &#8220;70.Y\u0131l Slogan Yar\u0131\u015fmas\u0131&#8221; d\u00fczenleniyor. TKD&#8217;den yap\u0131lan a\u00e7\u0131klamaya g\u00f6re yar\u0131\u015fman\u0131n amac\u0131n\u0131n gen\u00e7lerin yarat\u0131c\u0131l\u0131\u011f\u0131n\u0131 \u00f6ne \u00e7\u0131karmak oldu\u011fu belirtildi.<!--more--><\/p>\n<p><span style=\"color: #ff0000;\"><strong>K\u0130MLER YARI\u015eMAYA KATILAB\u0130L\u0130R<\/strong><\/span><\/p>\n<p><strong>Yar\u0131\u015fmaya Bilgi ve\u00a0 Belge Y\u00f6netimi B\u00f6l\u00fcmlerinde <span style=\"color: #ff0000;\">Lisans ve Y\u00fcksek Lisans programlar\u0131nda okuyan \u00f6\u011frenciler<\/span> kat\u0131labilir.<\/strong><\/p>\n<div class=\"text_exposed_show\">\n<p><strong><span style=\"color: #ff0000;\">Slogan Yar\u0131\u015fmas\u0131 J\u00fcrisi<\/span><\/strong><\/p>\n<p>TKD Genel Merkezi YK \u00fcyeleri j\u00fcride yer alacak; birinci olan ve dereceye giren \u00f6\u011frencilere TKD Genel Merkezi 70. y\u0131l etkinliklerinde s\u00fcrpriz hediyeler verilecek. Birinci olan ve dereceye giren sloganlar 70. y\u0131l etkinlikleri s\u00fcrecinde sosyal medyada hashtag olarak kullan\u0131lacak ve birinci slogan\u0131n oldu\u011fu afi\u015f, poster vb. g\u00f6rseller \u00fcretilecektir.<\/p>\n<p><strong><span style=\"color: #ff0000;\">En son kat\u0131l\u0131m tarihi<\/span><\/strong> <span style=\"color: #0000ff;\"><strong>1 Kas\u0131m 2019 Cuma<\/strong><\/span> g\u00fcn\u00fc mesai bitimine kadar <span style=\"color: #ff0000;\"><strong>derne\u011fin mail adresine<\/strong>\u00a0<strong>(tkd.dernek@gmail.com)<\/strong>\u00a0<\/span>yap\u0131lmal\u0131d\u0131r. Bir kat\u0131l\u0131mc\u0131 birden fazla slogan \u00f6nerisi ile kat\u0131labilir.<\/p>\n<p><strong><span style=\"color: #ff0000;\">Sloganlar\u0131n g\u00f6nderildece\u011fi e-posta adresi:<\/span><\/strong> <strong>tkd.dernek@gmail.com<\/strong><\/p>\n<p>Slogan yar\u0131\u015fmas\u0131n\u0131n <span style=\"color: #ff0000;\"><strong>sonu\u00e7lar\u0131 5 Kas\u0131m 2019 Sal\u0131 g\u00fcn\u00fc 09.00&#8217;da<\/strong><\/span>\u00a0Derne\u011fin sosyal medya hesaplar\u0131ndan ve Kutup-l yaz\u0131\u015fma listesinden a\u00e7\u0131klanacakt\u0131r.<\/p>\n<p>TKD Genel Merkezi Y\u00f6netim Kurulu<\/p>\n<\/div>\n","protected":false},"excerpt":{"rendered":"<p>T\u00fcrk K\u00fct\u00fcphaneciler Derne\u011finin kurulu\u015funun 70. Y\u0131l etkinliklerinde kullanmak \u00fczere, T\u00fcrk K\u00fct\u00fcphaneciler Derne\u011finin olu\u015fum amac\u0131n\u0131 yans\u0131tan yarat\u0131c\u0131 ve \u00e7arp\u0131c\u0131 sloganlar\u0131n \u00fcretilece\u011fi bir &#8220;70.Y\u0131l Slogan Yar\u0131\u015fmas\u0131&#8221; d\u00fczenleniyor. TKD&#8217;den yap\u0131lan a\u00e7\u0131klamaya g\u00f6re yar\u0131\u015fman\u0131n amac\u0131n\u0131n gen\u00e7lerin yarat\u0131c\u0131l\u0131\u011f\u0131n\u0131 \u00f6ne \u00e7\u0131karmak oldu\u011fu belirtildi.<\/p>\n","protected":false},"author":1,"featured_media":27251,"comment_status":"open","ping_status":"open","sticky":false,"template":"","format":"standard","meta":{"footnotes":""},"categories":[1],"tags":[],"class_list":["post-27250","post","type-post","status-publish","format-standard","has-post-thumbnail","hentry","category-genel"],"_links":{"self":[{"href":"https:\/\/www.bbyhaber.com\/bby\/wp-json\/wp\/v2\/posts\/27250"}],"collection":[{"href":"https:\/\/www.bbyhaber.com\/bby\/wp-json\/wp\/v2\/posts"}],"about":[{"href":"https:\/\/www.bbyhaber.com\/bby\/wp-json\/wp\/v2\/types\/post"}],"author":[{"embeddable":true,"href":"https:\/\/www.bbyhaber.com\/bby\/wp-json\/wp\/v2\/users\/1"}],"replies":[{"embeddable":true,"href":"https:\/\/www.bbyhaber.com\/bby\/wp-json\/wp\/v2\/comments?post=27250"}],"version-history":[{"count":1,"href":"https:\/\/www.bbyhaber.com\/bby\/wp-json\/wp\/v2\/posts\/27250\/revisions"}],"predecessor-version":[{"id":27252,"href":"https:\/\/www.bbyhaber.com\/bby\/wp-json\/wp\/v2\/posts\/27250\/revisions\/27252"}],"wp:featuredmedia":[{"embeddable":true,"href":"https:\/\/www.bbyhaber.com\/bby\/wp-json\/wp\/v2\/media\/27251"}],"wp:attachment":[{"href":"https:\/\/www.bbyhaber.com\/bby\/wp-json\/wp\/v2\/media?parent=27250"}],"wp:term":[{"taxonomy":"category","embeddable":true,"href":"https:\/\/www.bbyhaber.com\/bby\/wp-json\/wp\/v2\/categories?post=27250"},{"taxonomy":"post_tag","embeddable":true,"href":"https:\/\/www.bbyhaber.com\/bby\/wp-json\/wp\/v2\/tags?post=27250"}],"curies":[{"name":"wp","href":"https:\/\/api.w.org\/{rel}","templated":true}]}}