{"id":27246,"date":"2019-10-14T08:59:19","date_gmt":"2019-10-14T05:59:19","guid":{"rendered":"http:\/\/www.bbyhaber.com\/bby\/?p=27246"},"modified":"2019-10-14T08:59:47","modified_gmt":"2019-10-14T05:59:47","slug":"istanbul-havalimani-kutuphanesi-kultur-ve-turizm-bakaninin-katilimiyla-acildi","status":"publish","type":"post","link":"https:\/\/www.bbyhaber.com\/bby\/2019\/10\/14\/istanbul-havalimani-kutuphanesi-kultur-ve-turizm-bakaninin-katilimiyla-acildi","title":{"rendered":"\u0130stanbul Havaliman\u0131 K\u00fct\u00fcphanesi K\u00fclt\u00fcr ve Turizm Bakan\u0131&#8217;n\u0131n kat\u0131l\u0131m\u0131yla a\u00e7\u0131ld\u0131"},"content":{"rendered":"<p><a href=\"http:\/\/www.bbyhaber.com\/bby\/wp-content\/uploads\/2019\/10\/havaalani-kutuphanesi.jpg\"><img loading=\"lazy\" decoding=\"async\" class=\"alignleft size-full wp-image-27247\" src=\"http:\/\/www.bbyhaber.com\/bby\/wp-content\/uploads\/2019\/10\/havaalani-kutuphanesi.jpg\" alt=\"\" width=\"390\" height=\"180\" \/><\/a>\u0130stanbul Havaliman\u0131 K\u00fct\u00fcphanesi&#8217;nin yak\u0131n zamanda a\u00e7\u0131laca\u011f\u0131n\u0131 <a href=\"https:\/\/www.bbyhaber.com\/bby\/2019\/10\/07\/istanbul-havalimani-kutuphanesi-airport-library-yakin-zamanda-aciliyor\" target=\"_blank\" rel=\"noopener\">duyurmu\u015ftuk<\/a>. K\u00fclt\u00fcr ve Turizm Bakanl\u0131\u011f\u0131, \u0130GA i\u015f birli\u011fiyle, Nobel \u00f6d\u00fcll\u00fc yazarlar\u0131n kitaplar\u0131n\u0131n da aralar\u0131nda bulundu\u011fu 2 bini a\u015fk\u0131n esere ev sahipli\u011fi yapacak olan <strong>\u0130stanbul Havaliman\u0131 K\u00fct\u00fcphanesi<\/strong> hizmete a\u00e7\u0131ld\u0131.<!--more--><\/p>\n<p><strong>\u0130stanbul Havaliman\u0131 \u0130\u00e7 Hatlar Gidi\u015f kat\u0131ndaki Ar\u0131nd\u0131r\u0131lm\u0131\u015f Salon&#8217;da kurulan k\u00fct\u00fcphanede<\/strong>, bin 350&#8217;si edebiyat, 500&#8217;\u00fc \u00e7ocuk, 150&#8217;si \u0130ngilizce, 500&#8217;\u00fc Nobel \u00f6d\u00fcll\u00fc yazarlar\u0131n kitaplar\u0131 ve 50&#8217;si dergi olmak \u00fczere 2 bin 550 eser bulunuyor. Yolcular\u0131n vakit ge\u00e7irebilecekleri k\u00fclt\u00fcrel bir dinlenme noktas\u0131 olmas\u0131 tasarlanan alan\u0131 K\u00fclt\u00fcr ve Turizm Bakan\u0131 Ersoy, \u0130stanbul Havaalan\u0131 M\u00fclki \u0130dare Amiri Ahmet \u00d6nal ve \u0130stanbul Havaalan\u0131 i\u015fletmecisi \u0130GA CEO&#8217;su Kadri Samsunlu birlikte kestiler.<\/p>\n<p>Bakan Ersoy da k\u00fct\u00fcphaneye 5 adet kitap hediye etti.<\/p>\n<p>&#8220;Kitab\u0131 yan\u0131n\u0131zda g\u00f6t\u00fcr\u00fcp herhangi bir k\u00fct\u00fcphaneye teslim edebiliyorsunuz&#8221;<\/p>\n<p>A\u00e7\u0131l\u0131\u015f\u0131n ard\u0131ndan konu\u015fan Bakan Ersoy \u015fu s\u00f6zlere yer verdi:<\/p>\n<p>&#8220;\u00d6ncelikli hedefimiz \u0130stanbul&#8217;a kadar gelip, \u0130stanbul&#8217;a girmeden d\u00fcnyan\u0131n ba\u015fka bir \u015fehrine devam eden yolculara T\u00fcrkiye&#8217;yi tan\u0131tmakt\u0131. Bu ba\u011flamda havaliman\u0131 ilk a\u00e7\u0131ld\u0131\u011f\u0131 g\u00fcnden itibaren \u00f6zellikle ar\u0131nd\u0131r\u0131lm\u0131\u015f b\u00f6lgede T\u00fcrkiye&#8217;nin do\u011fal ve k\u00fclt\u00fcrel zenginliklerini, denizi, kumu, g\u00fcne\u015fi ile ilgili \u00e7ok yo\u011fun bir tan\u0131t\u0131ma ba\u015flad\u0131k. Bunu i\u00e7 hatta okumay\u0131 seven, havaliman\u0131ndaki vaktini okuyarak de\u011ferlendirmek isteyen yolcular\u0131m\u0131za bir de\u011fer katmak i\u00e7in d\u00fcnyada ilk kez uygulanan k\u00fct\u00fcphane konsepti ile devam ediyoruz. Yolcular kitaplar\u0131n\u0131 burada okuyup b\u0131rakabiliyor ya da buradan ald\u0131\u011f\u0131n\u0131z kitab\u0131 yan\u0131n\u0131zda g\u00f6t\u00fcr\u00fcp T\u00fcrkiye&#8217;de u\u00e7tu\u011funuz \u015fehirdeki herhangi bir k\u00fct\u00fcphaneye teslim edebiliyorsunuz. U\u00e7akta da s\u0131k\u0131lmadan kitab\u0131n\u0131z\u0131 sonuna kadar okuma f\u0131rsat\u0131 vermi\u015f oluyoruz.&#8221;<\/p>\n<p>\u00dcyelik sistemiyle \u00e7al\u0131\u015fan k\u00fct\u00fcphane<\/p>\n<p>Okurlar, ilk etapta \u0130stanbul Havaalan\u0131 Gelen Yolcu B\u00f6l\u00fcm\u00fc \u00e7\u0131k\u0131\u015f\u0131na konacak &#8216;Kitap \u0130ade Kutusu&#8217;na k\u00fct\u00fcphaneden \u00f6d\u00fcn\u00e7 ald\u0131klar\u0131 kitaplar\u0131 b\u0131rakabilecekleri gibi T\u00fcrkiye&#8217;deki herhangi bir halk k\u00fct\u00fcphanesine de kitaplar\u0131 teslim etme imk\u00e2n\u0131na sahip olacaklar. \u00dcyelik sistemiyle i\u015fleyen ve \u0130GA taraf\u0131ndan yer tahsisi ile altyap\u0131n\u0131n sa\u011fland\u0131\u011f\u0131 k\u00fct\u00fcphane, 06.30 ile 23.30 saatleri aras\u0131nda hizmet sunacak. <strong>6 Bakanl\u0131k personeli de burada g\u00f6rev alacak.<\/strong><\/p>\n<p><a href=\"https:\/\/basin.ktb.gov.tr\" target=\"_blank\" rel=\"noopener\">Kaynak<\/a><\/p>\n","protected":false},"excerpt":{"rendered":"<p>\u0130stanbul Havaliman\u0131 K\u00fct\u00fcphanesi&#8217;nin yak\u0131n zamanda a\u00e7\u0131laca\u011f\u0131n\u0131 duyurmu\u015ftuk. K\u00fclt\u00fcr ve Turizm Bakanl\u0131\u011f\u0131, \u0130GA i\u015f birli\u011fiyle, Nobel \u00f6d\u00fcll\u00fc yazarlar\u0131n kitaplar\u0131n\u0131n da aralar\u0131nda bulundu\u011fu 2 bini a\u015fk\u0131n esere ev sahipli\u011fi yapacak olan \u0130stanbul Havaliman\u0131 K\u00fct\u00fcphanesi hizmete a\u00e7\u0131ld\u0131.<\/p>\n","protected":false},"author":1,"featured_media":27247,"comment_status":"open","ping_status":"open","sticky":false,"template":"","format":"standard","meta":{"footnotes":""},"categories":[1],"tags":[1209,1208],"class_list":["post-27246","post","type-post","status-publish","format-standard","has-post-thumbnail","hentry","category-genel","tag-airport-library","tag-havalimani-kutuphanesi"],"_links":{"self":[{"href":"https:\/\/www.bbyhaber.com\/bby\/wp-json\/wp\/v2\/posts\/27246"}],"collection":[{"href":"https:\/\/www.bbyhaber.com\/bby\/wp-json\/wp\/v2\/posts"}],"about":[{"href":"https:\/\/www.bbyhaber.com\/bby\/wp-json\/wp\/v2\/types\/post"}],"author":[{"embeddable":true,"href":"https:\/\/www.bbyhaber.com\/bby\/wp-json\/wp\/v2\/users\/1"}],"replies":[{"embeddable":true,"href":"https:\/\/www.bbyhaber.com\/bby\/wp-json\/wp\/v2\/comments?post=27246"}],"version-history":[{"count":2,"href":"https:\/\/www.bbyhaber.com\/bby\/wp-json\/wp\/v2\/posts\/27246\/revisions"}],"predecessor-version":[{"id":27249,"href":"https:\/\/www.bbyhaber.com\/bby\/wp-json\/wp\/v2\/posts\/27246\/revisions\/27249"}],"wp:featuredmedia":[{"embeddable":true,"href":"https:\/\/www.bbyhaber.com\/bby\/wp-json\/wp\/v2\/media\/27247"}],"wp:attachment":[{"href":"https:\/\/www.bbyhaber.com\/bby\/wp-json\/wp\/v2\/media?parent=27246"}],"wp:term":[{"taxonomy":"category","embeddable":true,"href":"https:\/\/www.bbyhaber.com\/bby\/wp-json\/wp\/v2\/categories?post=27246"},{"taxonomy":"post_tag","embeddable":true,"href":"https:\/\/www.bbyhaber.com\/bby\/wp-json\/wp\/v2\/tags?post=27246"}],"curies":[{"name":"wp","href":"https:\/\/api.w.org\/{rel}","templated":true}]}}