{"id":2723,"date":"2012-02-22T20:18:47","date_gmt":"2012-02-22T20:18:47","guid":{"rendered":"http:\/\/www.bbyhaber.com\/bby\/?p=2723"},"modified":"2012-09-07T17:51:18","modified_gmt":"2012-09-07T14:51:18","slug":"okul-kutuphanesi-icin-kitap-topladilar-susehri-sivas","status":"publish","type":"post","link":"https:\/\/www.bbyhaber.com\/bby\/2012\/02\/22\/okul-kutuphanesi-icin-kitap-topladilar-susehri-sivas","title":{"rendered":"Okul k\u00fct\u00fcphanesi i\u00e7in kitap toplad\u0131lar-Su\u015fehri-Sivas"},"content":{"rendered":"<p style=\"text-align: justify;\">Sivas\u2019\u0131n Su\u015fehri il\u00e7esinde bir ilk\u00f6\u011fretim okulu \u00f6\u011frencileri, olu\u015fturduklar\u0131 okul k\u00fct\u00fcphanesi i\u00e7in esnaftan kitap toplad\u0131.Atat\u00fcrk \u0130lk\u00f6\u011fretim Okulu\u2019nun k\u00fct\u00fcphane b\u00f6l\u00fcm\u00fcnden sorumlu olan 8\u2032inci s\u0131n\u0131f \u00f6\u011frencisi Yasemin \u00c7i\u00e7ek, baz\u0131 arkada\u015flar\u0131yla birlikte il\u00e7e esnaf\u0131n\u0131 gezerek, okul k\u00fct\u00fcphanesi i\u00e7in kitap ba\u011f\u0131\u015f\u0131nda bulunmalar\u0131n\u0131 istedi.<!--more--><\/p>\n<p style=\"text-align: justify;\">\u00d6\u011frencilerin bu duyarl\u0131l\u0131\u011f\u0131 kar\u015f\u0131s\u0131nda \u015fa\u015f\u0131ran baz\u0131 esnaflar, \u00f6\u011frencilere destek olmak amac\u0131yla i\u015f yerlerindeki baz\u0131 kitaplar\u0131 verdi. Kimi esnaflar da kitaplar\u0131 okula getireceklerini s\u00f6yledi. Yasemin \u00c7i\u00e7ek,\u00a0 okul k\u00fct\u00fcphanesinde kitap eksikli\u011fi nedeniyle arkada\u015flar\u0131n\u0131n bilgiye ula\u015fmakta zorland\u0131\u011f\u0131n\u0131, bu nedenle b\u00f6yle bir \u00e7al\u0131\u015fma ba\u015flatt\u0131klar\u0131n\u0131 belirtti.<\/p>\n<p style=\"text-align: justify;\">Okuldaki arkada\u015flar\u0131n\u0131n derslerle ilgili bilgiye daha kolay ula\u015fabilmelerini sa\u011flamak ve okuma al\u0131\u015fkanl\u0131\u011f\u0131n\u0131 geli\u015ftirmek amac\u0131yla bu \u00e7al\u0131\u015fmay\u0131 yapt\u0131klar\u0131n\u0131 ifade eden \u00c7i\u00e7ek, \u201dZiyaret etti\u011fimiz esnaflar\u0131m\u0131z bize \u00e7ok yard\u0131mc\u0131 oldu. Baz\u0131 esnaflar\u0131m\u0131z i\u015f yerlerinde bulunan baz\u0131 k\u00fclt\u00fcrel kitaplardan verdi. Baz\u0131lar\u0131 ise evlerinden getirece\u011fini s\u00f6yledi. Biz de bu esnaflar\u0131m\u0131zdan ve vatanda\u015flar\u0131m\u0131zdan k\u00fct\u00fcphanemize en \u00e7ok kitap getiren vatanda\u015f\u0131m\u0131za veya en \u00e7ok kitap getiren \u00f6\u011frenci arkada\u015f\u0131m\u0131za bir foto\u011fraf makinesi hediye edece\u011fiz\u201d diye konu\u015ftu.<\/p>\n<p style=\"text-align: justify;\">Bilgi kayna\u011f\u0131 olan her t\u00fcrl\u00fc kitaba ihtiya\u00e7 oldu\u011funu belirten \u00c7i\u00e7ek, \u201dVatanda\u015flar\u0131m\u0131z\u0131n, i\u015f yeri ve evlerde okunup raflarda duran kitaplar\u0131 okulumuz k\u00fct\u00fcphanesine destek ama\u00e7l\u0131 g\u00f6ndermesini arzuluyoruz\u201d dedi.<\/p>\n<p style=\"text-align: justify;\">\u0130l\u00e7e esnaf\u0131ndan Mustafa \u00d6zer ise \u00f6\u011frencilerin ba\u015flatt\u0131\u011f\u0131 kitap toplama kampanyas\u0131n\u0131n \u00e7ok g\u00fczel oldu\u011funu belirterek, \u00f6\u011frencilere bir roman hediye etti.<\/p>\n<p style=\"text-align: justify;\">Su\u015fehri Y\u00f6re Gazetesi\u2019nin imtiyaz sahibi H\u00fcseyin \u00c7i\u00e7ek de kampanyan\u0131n \u00f6nemine dikkati \u00e7ekerek, yerel bas\u0131n olarak \u00f6\u011frencilere destek vereceklerini s\u00f6yledi.<\/p>\n<p style=\"text-align: justify;\">Kaynak: http:\/\/www.sivasdemokrat.com<\/p>\n","protected":false},"excerpt":{"rendered":"<p>Sivas\u2019\u0131n Su\u015fehri il\u00e7esinde bir ilk\u00f6\u011fretim okulu \u00f6\u011frencileri, olu\u015fturduklar\u0131 okul k\u00fct\u00fcphanesi i\u00e7in esnaftan kitap toplad\u0131.Atat\u00fcrk \u0130lk\u00f6\u011fretim Okulu\u2019nun k\u00fct\u00fcphane b\u00f6l\u00fcm\u00fcnden sorumlu olan 8\u2032inci s\u0131n\u0131f \u00f6\u011frencisi Yasemin \u00c7i\u00e7ek, baz\u0131 arkada\u015flar\u0131yla birlikte il\u00e7e esnaf\u0131n\u0131 gezerek, okul k\u00fct\u00fcphanesi i\u00e7in kitap ba\u011f\u0131\u015f\u0131nda bulunmalar\u0131n\u0131 istedi.<\/p>\n","protected":false},"author":1,"featured_media":0,"comment_status":"open","ping_status":"open","sticky":false,"template":"","format":"standard","meta":{"footnotes":""},"categories":[],"tags":[845],"class_list":["post-2723","post","type-post","status-publish","format-standard","hentry","tag-okul-kutuphaneleri"],"_links":{"self":[{"href":"https:\/\/www.bbyhaber.com\/bby\/wp-json\/wp\/v2\/posts\/2723"}],"collection":[{"href":"https:\/\/www.bbyhaber.com\/bby\/wp-json\/wp\/v2\/posts"}],"about":[{"href":"https:\/\/www.bbyhaber.com\/bby\/wp-json\/wp\/v2\/types\/post"}],"author":[{"embeddable":true,"href":"https:\/\/www.bbyhaber.com\/bby\/wp-json\/wp\/v2\/users\/1"}],"replies":[{"embeddable":true,"href":"https:\/\/www.bbyhaber.com\/bby\/wp-json\/wp\/v2\/comments?post=2723"}],"version-history":[{"count":0,"href":"https:\/\/www.bbyhaber.com\/bby\/wp-json\/wp\/v2\/posts\/2723\/revisions"}],"wp:attachment":[{"href":"https:\/\/www.bbyhaber.com\/bby\/wp-json\/wp\/v2\/media?parent=2723"}],"wp:term":[{"taxonomy":"category","embeddable":true,"href":"https:\/\/www.bbyhaber.com\/bby\/wp-json\/wp\/v2\/categories?post=2723"},{"taxonomy":"post_tag","embeddable":true,"href":"https:\/\/www.bbyhaber.com\/bby\/wp-json\/wp\/v2\/tags?post=2723"}],"curies":[{"name":"wp","href":"https:\/\/api.w.org\/{rel}","templated":true}]}}