{"id":27226,"date":"2019-10-08T10:54:50","date_gmt":"2019-10-08T07:54:50","guid":{"rendered":"http:\/\/www.bbyhaber.com\/bby\/?p=27226"},"modified":"2019-12-31T10:55:01","modified_gmt":"2019-12-31T07:55:01","slug":"ataturk-universitesine-naklen-kutuphaneci-alim-ilani","status":"publish","type":"post","link":"https:\/\/www.bbyhaber.com\/bby\/2019\/10\/08\/ataturk-universitesine-naklen-kutuphaneci-alim-ilani","title":{"rendered":"Atat\u00fcrk \u00dcniversitesi&#8217;ne naklen K\u00fct\u00fcphaneci al\u0131m ilan\u0131"},"content":{"rendered":"<p><a href=\"http:\/\/www.bbyhaber.com\/bby\/wp-content\/uploads\/2017\/09\/ataturk-universitesi-e1512224880703.jpg\"><img loading=\"lazy\" decoding=\"async\" class=\"alignleft size-full wp-image-22611\" src=\"http:\/\/www.bbyhaber.com\/bby\/wp-content\/uploads\/2017\/09\/ataturk-universitesi-e1512224880703.jpg\" alt=\"\" width=\"390\" height=\"180\" \/><\/a><strong>Atat\u00fcrk \u00dcniversitesi K\u00fct\u00fcphane ve Dok\u00fcmantasyon Daire Ba\u015fkanl\u0131\u011f\u0131<\/strong>\u2019na , 657 say\u0131l\u0131 Devlet Memurlar\u0131 Kanununun ilgili maddesine g\u00f6re \u201d<strong>K\u00fct\u00fcphaneci<\/strong>\u201d kadrosuna \u201d<strong><span style=\"color: #ff0000;\">naklen<\/span><\/strong>\u00a0<span style=\"color: #ff0000;\"><strong>atama<\/strong><\/span>&#8221; yap\u0131lacakt\u0131r. Ba\u015fvurular\u0131n y\u0131l sonuna kadar devam edece\u011fi belirtildi.<!--more--><\/p>\n<p>Detayl\u0131 bilgi ve ileti\u015fim i\u00e7in:<br \/>\n\u00d6\u011fr. G\u00f6r. Mahmut ARIK 0 442 231 16 03<br \/>\n(K\u00fct. ve Dok. Daire Ba\u015fkan\u0131)<\/p>\n","protected":false},"excerpt":{"rendered":"<p>Atat\u00fcrk \u00dcniversitesi K\u00fct\u00fcphane ve Dok\u00fcmantasyon Daire Ba\u015fkanl\u0131\u011f\u0131\u2019na , 657 say\u0131l\u0131 Devlet Memurlar\u0131 Kanununun ilgili maddesine g\u00f6re \u201dK\u00fct\u00fcphaneci\u201d kadrosuna \u201dnaklen\u00a0atama&#8221; yap\u0131lacakt\u0131r. Ba\u015fvurular\u0131n y\u0131l sonuna kadar devam edece\u011fi belirtildi.<\/p>\n","protected":false},"author":1,"featured_media":22611,"comment_status":"open","ping_status":"open","sticky":false,"template":"","format":"standard","meta":{"footnotes":""},"categories":[],"tags":[1393,1464,1211],"class_list":["post-27226","post","type-post","status-publish","format-standard","has-post-thumbnail","hentry","tag-bby-is-ilanlari-arsivi","tag-naklen-atamalar","tag-naklen-kutuphaneci-ilanlari"],"_links":{"self":[{"href":"https:\/\/www.bbyhaber.com\/bby\/wp-json\/wp\/v2\/posts\/27226"}],"collection":[{"href":"https:\/\/www.bbyhaber.com\/bby\/wp-json\/wp\/v2\/posts"}],"about":[{"href":"https:\/\/www.bbyhaber.com\/bby\/wp-json\/wp\/v2\/types\/post"}],"author":[{"embeddable":true,"href":"https:\/\/www.bbyhaber.com\/bby\/wp-json\/wp\/v2\/users\/1"}],"replies":[{"embeddable":true,"href":"https:\/\/www.bbyhaber.com\/bby\/wp-json\/wp\/v2\/comments?post=27226"}],"version-history":[{"count":1,"href":"https:\/\/www.bbyhaber.com\/bby\/wp-json\/wp\/v2\/posts\/27226\/revisions"}],"predecessor-version":[{"id":27227,"href":"https:\/\/www.bbyhaber.com\/bby\/wp-json\/wp\/v2\/posts\/27226\/revisions\/27227"}],"wp:featuredmedia":[{"embeddable":true,"href":"https:\/\/www.bbyhaber.com\/bby\/wp-json\/wp\/v2\/media\/22611"}],"wp:attachment":[{"href":"https:\/\/www.bbyhaber.com\/bby\/wp-json\/wp\/v2\/media?parent=27226"}],"wp:term":[{"taxonomy":"category","embeddable":true,"href":"https:\/\/www.bbyhaber.com\/bby\/wp-json\/wp\/v2\/categories?post=27226"},{"taxonomy":"post_tag","embeddable":true,"href":"https:\/\/www.bbyhaber.com\/bby\/wp-json\/wp\/v2\/tags?post=27226"}],"curies":[{"name":"wp","href":"https:\/\/api.w.org\/{rel}","templated":true}]}}