{"id":27193,"date":"2019-10-04T08:52:51","date_gmt":"2019-10-04T05:52:51","guid":{"rendered":"http:\/\/www.bbyhaber.com\/bby\/?p=27193"},"modified":"2019-10-08T08:50:10","modified_gmt":"2019-10-08T05:50:10","slug":"bebek-kutuphaneleri-calistayi-6-8-ekim-2019-karabuk","status":"publish","type":"post","link":"https:\/\/www.bbyhaber.com\/bby\/2019\/10\/04\/bebek-kutuphaneleri-calistayi-6-8-ekim-2019-karabuk","title":{"rendered":"Bebek K\u00fct\u00fcphaneleri \u00c7al\u0131\u015ftay\u0131, 6-8 Ekim 2019, Karab\u00fck"},"content":{"rendered":"<p style=\"font-weight: 400;\"><a href=\"http:\/\/www.bbyhaber.com\/bby\/wp-content\/uploads\/2019\/10\/bebek-kutuphanesi-calistayi.jpg\"><img loading=\"lazy\" decoding=\"async\" class=\"alignleft size-full wp-image-27194\" src=\"http:\/\/www.bbyhaber.com\/bby\/wp-content\/uploads\/2019\/10\/bebek-kutuphanesi-calistayi.jpg\" alt=\"\" width=\"390\" height=\"180\" \/><\/a>K\u00fct\u00fcphaneler ve Yay\u0131mlar Genel M\u00fcd\u00fcrl\u00fc\u011f\u00fc olarak; okuma al\u0131\u015fkanl\u0131\u011f\u0131n\u0131n erken \u00e7ocukluk d\u00f6neminde kazand\u0131r\u0131lmas\u0131na, okuma k\u00fclt\u00fcr\u00fcn\u00fcn geli\u015ftirilmesine ve yayg\u0131nla\u015ft\u0131r\u0131lmas\u0131na ili\u015fkin \u00f6nemli \u00e7al\u0131\u015fmalar y\u00fcr\u00fctmekteyiz.<!--more--><\/p>\n<p style=\"font-weight: 400;\">Yap\u0131lan ara\u015ft\u0131rmalar, okuma k\u00fclt\u00fcr\u00fcn\u00fcn geli\u015ftirilmesi s\u00fcrecinde okul \u00f6ncesi d\u00f6nemin \u00f6nemini ortaya koymaktad\u0131r. Halk k\u00fct\u00fcphanelerinin koleksiyonunda yer alan, bebeklerin g\u00f6rsel okuma d\u00f6nemlerinde faydalanacaklar\u0131 oyuncaklar, dokunmatik kitaplar vb. materyaller sayesinde bebe\u011fe 0-3 ya\u015f aral\u0131\u011f\u0131nda ula\u015f\u0131lmaktad\u0131r.\u00a0Bununla birlikte, halk k\u00fct\u00fcphanelerinde \u00e7ocuk geli\u015fimini destekleyici etkinlikler d\u00fczenlenmektedir.\u00a0Okul \u00f6ncesi ve okul \u00e7a\u011f\u0131 \u00e7ocuklara y\u00f6nelik faaliyetler, \u00e7ocuklar\u0131n fiziksel, bili\u015fsel ve kavramsal geli\u015fmelerine katk\u0131 sa\u011flayarak bilgi d\u00fczeylerini art\u0131rmaktad\u0131r.<\/p>\n<p style=\"font-weight: 400;\">Bu kapsamda;\u00a0Genel M\u00fcd\u00fcrl\u00fc\u011f\u00fcm\u00fcz ve Karab\u00fck \u00dcniversitesi Sa\u011fl\u0131k Bilimleri Fak\u00fcltesi \u00c7ocuk Geli\u015fimi B\u00f6l\u00fcm\u00fc i\u015f birli\u011fi ile ilgili kamu kurum\/kurulu\u015flar\u0131, \u00fcniversiteler, yerel y\u00f6netimler, STK\u2019lar, k\u00fct\u00fcphaneciler ve konunun uzmanlar\u0131n\u0131n kat\u0131l\u0131m\u0131yla, <strong><span style=\"color: #ff0000;\">6-8 Ekim 2019 tarihleri aras\u0131nda, Karab\u00fck \u0130linde<\/span><\/strong>,\u00a0<strong>\u201cBebek K\u00fct\u00fcphaneleri \u00c7al\u0131\u015ftay\u0131\u201d<\/strong>\u00a0d\u00fczenlenecektir.<\/p>\n","protected":false},"excerpt":{"rendered":"<p>K\u00fct\u00fcphaneler ve Yay\u0131mlar Genel M\u00fcd\u00fcrl\u00fc\u011f\u00fc olarak; okuma al\u0131\u015fkanl\u0131\u011f\u0131n\u0131n erken \u00e7ocukluk d\u00f6neminde kazand\u0131r\u0131lmas\u0131na, okuma k\u00fclt\u00fcr\u00fcn\u00fcn geli\u015ftirilmesine ve yayg\u0131nla\u015ft\u0131r\u0131lmas\u0131na ili\u015fkin \u00f6nemli \u00e7al\u0131\u015fmalar y\u00fcr\u00fctmekteyiz.<\/p>\n","protected":false},"author":1,"featured_media":27194,"comment_status":"open","ping_status":"open","sticky":false,"template":"","format":"standard","meta":{"footnotes":""},"categories":[],"tags":[1395,1095],"class_list":["post-27193","post","type-post","status-publish","format-standard","has-post-thumbnail","hentry","tag-bby-mesleki-etkinlikler-arsivi","tag-bebek-kutuphanesi"],"_links":{"self":[{"href":"https:\/\/www.bbyhaber.com\/bby\/wp-json\/wp\/v2\/posts\/27193"}],"collection":[{"href":"https:\/\/www.bbyhaber.com\/bby\/wp-json\/wp\/v2\/posts"}],"about":[{"href":"https:\/\/www.bbyhaber.com\/bby\/wp-json\/wp\/v2\/types\/post"}],"author":[{"embeddable":true,"href":"https:\/\/www.bbyhaber.com\/bby\/wp-json\/wp\/v2\/users\/1"}],"replies":[{"embeddable":true,"href":"https:\/\/www.bbyhaber.com\/bby\/wp-json\/wp\/v2\/comments?post=27193"}],"version-history":[{"count":1,"href":"https:\/\/www.bbyhaber.com\/bby\/wp-json\/wp\/v2\/posts\/27193\/revisions"}],"predecessor-version":[{"id":27195,"href":"https:\/\/www.bbyhaber.com\/bby\/wp-json\/wp\/v2\/posts\/27193\/revisions\/27195"}],"wp:featuredmedia":[{"embeddable":true,"href":"https:\/\/www.bbyhaber.com\/bby\/wp-json\/wp\/v2\/media\/27194"}],"wp:attachment":[{"href":"https:\/\/www.bbyhaber.com\/bby\/wp-json\/wp\/v2\/media?parent=27193"}],"wp:term":[{"taxonomy":"category","embeddable":true,"href":"https:\/\/www.bbyhaber.com\/bby\/wp-json\/wp\/v2\/categories?post=27193"},{"taxonomy":"post_tag","embeddable":true,"href":"https:\/\/www.bbyhaber.com\/bby\/wp-json\/wp\/v2\/tags?post=27193"}],"curies":[{"name":"wp","href":"https:\/\/api.w.org\/{rel}","templated":true}]}}