{"id":27145,"date":"2019-09-28T01:04:10","date_gmt":"2019-09-27T22:04:10","guid":{"rendered":"http:\/\/www.bbyhaber.com\/bby\/?p=27145"},"modified":"2019-09-28T01:04:10","modified_gmt":"2019-09-27T22:04:10","slug":"okul-kutuphanecileri-derneginin-yeni-yonetim-kurulu-belirlendi","status":"publish","type":"post","link":"https:\/\/www.bbyhaber.com\/bby\/2019\/09\/28\/okul-kutuphanecileri-derneginin-yeni-yonetim-kurulu-belirlendi","title":{"rendered":"Okul K\u00fct\u00fcphanecileri Derne\u011fi&#8217;nin yeni y\u00f6netim kurulu belirlendi"},"content":{"rendered":"<p><a href=\"http:\/\/www.bbyhaber.com\/bby\/wp-content\/uploads\/2019\/09\/okd-yeni-yonetim.jpg\"><img loading=\"lazy\" decoding=\"async\" class=\"alignleft size-full wp-image-27146\" src=\"http:\/\/www.bbyhaber.com\/bby\/wp-content\/uploads\/2019\/09\/okd-yeni-yonetim.jpg\" alt=\"\" width=\"390\" height=\"180\" \/><\/a>24 A\u011fustos 2019 tarihinde ger\u00e7ekle\u015fen <strong>Okul K\u00fct\u00fcphanecileri Derne\u011fi<\/strong> Genel Kurulu\u2019nda yap\u0131lan se\u00e7im sonucunda y\u00f6netim kurulu belirlenmi\u015ftir. Yeni y\u00f6netim kurulu ekibinin\u00a0<strong>Haziran 2021<\/strong> tarihine kadar devam edece\u011fi a\u00e7\u0131kland\u0131.<!--more--><\/p>\n<div class=\"gmail_default\">Ge\u00e7mi\u015f d\u00f6nemlerde g\u00f6rev alan ba\u015fta OKD Ba\u015fkan\u0131 meslekta\u015f\u0131m\u0131z Ayd\u0131n \u0130leri olmak \u00fczere t\u00fcm dernek y\u00f6neticilerine\u00a0 emeklerinden dolay\u0131 te\u015fekk\u00fcr eder, yeni y\u00f6netim kuruluna ba\u015far\u0131lar dileriz.<\/div>\n<div><\/div>\n<div><em><strong>Okul K\u00fct\u00fcphanecileri Derne\u011fi Y\u00f6netim Kurulu<\/strong><\/em><\/div>\n<div>\n<p><strong>OKD Y\u00f6netim Kurulu<\/strong><\/p>\n<ul>\n<li>Hasan Nihat S\u00fcrek:\u00a0Ba\u015fkan<\/li>\n<li>Erkan Nurcan\u00a0: Ba\u015fkan Yard\u0131mc\u0131s\u0131<\/li>\n<li>Semra \u00d6zder : Sayman<\/li>\n<li>Tubanur B\u00fcy\u00fck\u00e7olpan : \u00dcye<\/li>\n<li>Kamil \u00c7\u00f6mlek\u00e7i : \u00dcye<\/li>\n<\/ul>\n<p><strong>Yedek \u00dcyeler<\/strong><\/p>\n<ul>\n<li>\u0130clal Y\u0131ld\u0131z<\/li>\n<li>\u0130fakat Yorganc\u0131<\/li>\n<li>Nurcan Zenginer<\/li>\n<li>\u00d6zg\u00fcr \u00c7oban<\/li>\n<li>\u00d6zkan Arslan<\/li>\n<\/ul>\n<\/div>\n<div class=\"gmail_default\"><\/div>\n","protected":false},"excerpt":{"rendered":"<p>24 A\u011fustos 2019 tarihinde ger\u00e7ekle\u015fen Okul K\u00fct\u00fcphanecileri Derne\u011fi Genel Kurulu\u2019nda yap\u0131lan se\u00e7im sonucunda y\u00f6netim kurulu belirlenmi\u015ftir. Yeni y\u00f6netim kurulu ekibinin\u00a0Haziran 2021 tarihine kadar devam edece\u011fi a\u00e7\u0131kland\u0131.<\/p>\n","protected":false},"author":1,"featured_media":27146,"comment_status":"open","ping_status":"open","sticky":false,"template":"","format":"standard","meta":{"footnotes":""},"categories":[1],"tags":[],"class_list":["post-27145","post","type-post","status-publish","format-standard","has-post-thumbnail","hentry","category-genel"],"_links":{"self":[{"href":"https:\/\/www.bbyhaber.com\/bby\/wp-json\/wp\/v2\/posts\/27145"}],"collection":[{"href":"https:\/\/www.bbyhaber.com\/bby\/wp-json\/wp\/v2\/posts"}],"about":[{"href":"https:\/\/www.bbyhaber.com\/bby\/wp-json\/wp\/v2\/types\/post"}],"author":[{"embeddable":true,"href":"https:\/\/www.bbyhaber.com\/bby\/wp-json\/wp\/v2\/users\/1"}],"replies":[{"embeddable":true,"href":"https:\/\/www.bbyhaber.com\/bby\/wp-json\/wp\/v2\/comments?post=27145"}],"version-history":[{"count":1,"href":"https:\/\/www.bbyhaber.com\/bby\/wp-json\/wp\/v2\/posts\/27145\/revisions"}],"predecessor-version":[{"id":27147,"href":"https:\/\/www.bbyhaber.com\/bby\/wp-json\/wp\/v2\/posts\/27145\/revisions\/27147"}],"wp:featuredmedia":[{"embeddable":true,"href":"https:\/\/www.bbyhaber.com\/bby\/wp-json\/wp\/v2\/media\/27146"}],"wp:attachment":[{"href":"https:\/\/www.bbyhaber.com\/bby\/wp-json\/wp\/v2\/media?parent=27145"}],"wp:term":[{"taxonomy":"category","embeddable":true,"href":"https:\/\/www.bbyhaber.com\/bby\/wp-json\/wp\/v2\/categories?post=27145"},{"taxonomy":"post_tag","embeddable":true,"href":"https:\/\/www.bbyhaber.com\/bby\/wp-json\/wp\/v2\/tags?post=27145"}],"curies":[{"name":"wp","href":"https:\/\/api.w.org\/{rel}","templated":true}]}}