{"id":27135,"date":"2019-09-26T16:41:03","date_gmt":"2019-09-26T13:41:03","guid":{"rendered":"http:\/\/www.bbyhaber.com\/bby\/?p=27135"},"modified":"2019-12-27T09:54:10","modified_gmt":"2019-12-27T06:54:10","slug":"balcova-ilce-halk-kutuphanesi-okullardaki-ogrencilere-gidiyor","status":"publish","type":"post","link":"https:\/\/www.bbyhaber.com\/bby\/2019\/09\/26\/balcova-ilce-halk-kutuphanesi-okullardaki-ogrencilere-gidiyor","title":{"rendered":"Bal\u00e7ova \u0130l\u00e7e Halk K\u00fct\u00fcphanesi okullardaki \u00f6\u011frencilere gidiyor"},"content":{"rendered":"<p><a href=\"https:\/\/www.facebook.com\/profile.php?id=100009421931490\" target=\"_blank\" rel=\"noopener\"><strong>\u0130zmir Bal\u00e7ova \u0130l\u00e7e Halk K\u00fct\u00fcphanesi<\/strong><\/a> e\u011fitim-\u00f6\u011fretimin a\u00e7\u0131ld\u0131\u011f\u0131 g\u00fcnden itibaren \u00e7evresindeki t\u00fcm MEB&#8217;e ba\u011fl\u0131 okullara gidiyor ve tan\u0131t\u0131m organizasyonu ger\u00e7ekle\u015ftiriyor. K\u00fct\u00fcphane \u00e7al\u0131\u015fanlar\u0131, bug\u00fcn Bal\u00e7ova Asil Nadir Ortaokulunda tan\u0131t\u0131m stand\u0131 kurduklar\u0131n\u0131, yo\u011fun bir ilgiyle kar\u015f\u0131la\u015ft\u0131klar\u0131n\u0131 ve mutlu olduklar\u0131n\u0131 belirtiyorlar. Organizasyonda \u00f6\u011frencilere k\u00fct\u00fcphane hakk\u0131nda bilgi verdiklerini, tan\u0131t\u0131m bro\u015f\u00fcr\u00fc da\u011f\u0131tt\u0131klar\u0131n\u0131, k\u00fct\u00fcphaneye \u00fcye yapt\u0131klar\u0131n\u0131 ve davet ettiklerini ifade ediyorlar. Organizasyonlara dair g\u00f6r\u00fcnt\u00fcler a\u015fa\u011f\u0131da yer almaktad\u0131r.<!--more--><\/p>\n<p>Meslekta\u015flar\u0131m\u0131za ve k\u00fct\u00fcphane \u00e7al\u0131\u015fanlar\u0131na ba\u015far\u0131lar dileriz.<\/p>\n<div id='gallery-1' class='gallery galleryid-27135 gallery-columns-4 gallery-size-thumbnail'><figure class='gallery-item'>\n\t\t\t<div class='gallery-icon landscape'>\n\t\t\t\t<a href='https:\/\/www.bbyhaber.com\/bby\/wp-content\/uploads\/2019\/09\/balcova-ilce-halk-kutuphanesi-tanitim-turlari-1.jpg'><img loading=\"lazy\" decoding=\"async\" width=\"150\" height=\"150\" src=\"https:\/\/www.bbyhaber.com\/bby\/wp-content\/uploads\/2019\/09\/balcova-ilce-halk-kutuphanesi-tanitim-turlari-1-150x150.jpg\" class=\"attachment-thumbnail size-thumbnail\" alt=\"\" \/><\/a>\n\t\t\t<\/div><\/figure><figure class='gallery-item'>\n\t\t\t<div class='gallery-icon portrait'>\n\t\t\t\t<a href='https:\/\/www.bbyhaber.com\/bby\/wp-content\/uploads\/2019\/09\/balcova-ilce-halk-kutuphanesi-tanitim-turlari-2.jpg'><img loading=\"lazy\" decoding=\"async\" width=\"150\" height=\"150\" src=\"https:\/\/www.bbyhaber.com\/bby\/wp-content\/uploads\/2019\/09\/balcova-ilce-halk-kutuphanesi-tanitim-turlari-2-150x150.jpg\" class=\"attachment-thumbnail size-thumbnail\" alt=\"\" \/><\/a>\n\t\t\t<\/div><\/figure><figure class='gallery-item'>\n\t\t\t<div class='gallery-icon landscape'>\n\t\t\t\t<a href='https:\/\/www.bbyhaber.com\/bby\/wp-content\/uploads\/2019\/09\/balcova-ilce-halk-kutuphanesi-tanitim-turlari-3.jpg'><img loading=\"lazy\" decoding=\"async\" width=\"150\" height=\"150\" src=\"https:\/\/www.bbyhaber.com\/bby\/wp-content\/uploads\/2019\/09\/balcova-ilce-halk-kutuphanesi-tanitim-turlari-3-150x150.jpg\" class=\"attachment-thumbnail size-thumbnail\" alt=\"\" \/><\/a>\n\t\t\t<\/div><\/figure><figure class='gallery-item'>\n\t\t\t<div class='gallery-icon landscape'>\n\t\t\t\t<a href='https:\/\/www.bbyhaber.com\/bby\/wp-content\/uploads\/2019\/09\/balcova-ilce-halk-kutuphanesi-tanitim-turlari-4.jpg'><img loading=\"lazy\" decoding=\"async\" width=\"150\" height=\"150\" src=\"https:\/\/www.bbyhaber.com\/bby\/wp-content\/uploads\/2019\/09\/balcova-ilce-halk-kutuphanesi-tanitim-turlari-4-150x150.jpg\" class=\"attachment-thumbnail size-thumbnail\" alt=\"\" \/><\/a>\n\t\t\t<\/div><\/figure><figure class='gallery-item'>\n\t\t\t<div class='gallery-icon landscape'>\n\t\t\t\t<a href='https:\/\/www.bbyhaber.com\/bby\/wp-content\/uploads\/2019\/09\/balcova-ilce-halk-kutuphanesi-tanitim-turlari-5.jpg'><img loading=\"lazy\" decoding=\"async\" width=\"150\" height=\"150\" src=\"https:\/\/www.bbyhaber.com\/bby\/wp-content\/uploads\/2019\/09\/balcova-ilce-halk-kutuphanesi-tanitim-turlari-5-150x150.jpg\" class=\"attachment-thumbnail size-thumbnail\" alt=\"\" \/><\/a>\n\t\t\t<\/div><\/figure><figure class='gallery-item'>\n\t\t\t<div class='gallery-icon landscape'>\n\t\t\t\t<a href='https:\/\/www.bbyhaber.com\/bby\/wp-content\/uploads\/2019\/09\/balcova-ilce-halk-kutuphanesi-tanitim-turlari-6.jpg'><img loading=\"lazy\" decoding=\"async\" width=\"150\" height=\"150\" src=\"https:\/\/www.bbyhaber.com\/bby\/wp-content\/uploads\/2019\/09\/balcova-ilce-halk-kutuphanesi-tanitim-turlari-6-150x150.jpg\" class=\"attachment-thumbnail size-thumbnail\" alt=\"\" \/><\/a>\n\t\t\t<\/div><\/figure><figure class='gallery-item'>\n\t\t\t<div class='gallery-icon landscape'>\n\t\t\t\t<a href='https:\/\/www.bbyhaber.com\/bby\/wp-content\/uploads\/2019\/09\/balcova-ilce-halk-kutuphanesi-tanitim-turlari-7.jpg'><img loading=\"lazy\" decoding=\"async\" width=\"150\" height=\"150\" src=\"https:\/\/www.bbyhaber.com\/bby\/wp-content\/uploads\/2019\/09\/balcova-ilce-halk-kutuphanesi-tanitim-turlari-7-150x150.jpg\" class=\"attachment-thumbnail size-thumbnail\" alt=\"\" \/><\/a>\n\t\t\t<\/div><\/figure><figure class='gallery-item'>\n\t\t\t<div class='gallery-icon landscape'>\n\t\t\t\t<a href='https:\/\/www.bbyhaber.com\/bby\/wp-content\/uploads\/2019\/09\/balcova-ilce-halk-kutuphanesi-tanitim-turlari-8.jpg'><img loading=\"lazy\" decoding=\"async\" width=\"150\" height=\"150\" src=\"https:\/\/www.bbyhaber.com\/bby\/wp-content\/uploads\/2019\/09\/balcova-ilce-halk-kutuphanesi-tanitim-turlari-8-150x150.jpg\" class=\"attachment-thumbnail size-thumbnail\" alt=\"\" \/><\/a>\n\t\t\t<\/div><\/figure>\n\t\t<\/div>\n\n","protected":false},"excerpt":{"rendered":"<p>\u0130zmir Bal\u00e7ova \u0130l\u00e7e Halk K\u00fct\u00fcphanesi e\u011fitim-\u00f6\u011fretimin a\u00e7\u0131ld\u0131\u011f\u0131 g\u00fcnden itibaren \u00e7evresindeki t\u00fcm MEB&#8217;e ba\u011fl\u0131 okullara gidiyor ve tan\u0131t\u0131m organizasyonu ger\u00e7ekle\u015ftiriyor. K\u00fct\u00fcphane \u00e7al\u0131\u015fanlar\u0131, bug\u00fcn Bal\u00e7ova Asil Nadir Ortaokulunda tan\u0131t\u0131m stand\u0131 kurduklar\u0131n\u0131, yo\u011fun bir ilgiyle kar\u015f\u0131la\u015ft\u0131klar\u0131n\u0131 ve mutlu olduklar\u0131n\u0131 belirtiyorlar. Organizasyonda \u00f6\u011frencilere k\u00fct\u00fcphane hakk\u0131nda bilgi verdiklerini, tan\u0131t\u0131m bro\u015f\u00fcr\u00fc da\u011f\u0131tt\u0131klar\u0131n\u0131, k\u00fct\u00fcphaneye \u00fcye yapt\u0131klar\u0131n\u0131 ve davet ettiklerini ifade ediyorlar. Organizasyonlara [&hellip;]<\/p>\n","protected":false},"author":1,"featured_media":27137,"comment_status":"open","ping_status":"open","sticky":false,"template":"","format":"standard","meta":{"footnotes":""},"categories":[1],"tags":[1225,1229],"class_list":["post-27135","post","type-post","status-publish","format-standard","has-post-thumbnail","hentry","category-genel","tag-balcova-ilce-halk-kutuphanesi","tag-mustafa-mekikli"],"_links":{"self":[{"href":"https:\/\/www.bbyhaber.com\/bby\/wp-json\/wp\/v2\/posts\/27135"}],"collection":[{"href":"https:\/\/www.bbyhaber.com\/bby\/wp-json\/wp\/v2\/posts"}],"about":[{"href":"https:\/\/www.bbyhaber.com\/bby\/wp-json\/wp\/v2\/types\/post"}],"author":[{"embeddable":true,"href":"https:\/\/www.bbyhaber.com\/bby\/wp-json\/wp\/v2\/users\/1"}],"replies":[{"embeddable":true,"href":"https:\/\/www.bbyhaber.com\/bby\/wp-json\/wp\/v2\/comments?post=27135"}],"version-history":[{"count":1,"href":"https:\/\/www.bbyhaber.com\/bby\/wp-json\/wp\/v2\/posts\/27135\/revisions"}],"predecessor-version":[{"id":27144,"href":"https:\/\/www.bbyhaber.com\/bby\/wp-json\/wp\/v2\/posts\/27135\/revisions\/27144"}],"wp:featuredmedia":[{"embeddable":true,"href":"https:\/\/www.bbyhaber.com\/bby\/wp-json\/wp\/v2\/media\/27137"}],"wp:attachment":[{"href":"https:\/\/www.bbyhaber.com\/bby\/wp-json\/wp\/v2\/media?parent=27135"}],"wp:term":[{"taxonomy":"category","embeddable":true,"href":"https:\/\/www.bbyhaber.com\/bby\/wp-json\/wp\/v2\/categories?post=27135"},{"taxonomy":"post_tag","embeddable":true,"href":"https:\/\/www.bbyhaber.com\/bby\/wp-json\/wp\/v2\/tags?post=27135"}],"curies":[{"name":"wp","href":"https:\/\/api.w.org\/{rel}","templated":true}]}}