{"id":2711,"date":"2012-02-22T11:51:46","date_gmt":"2012-02-22T11:51:46","guid":{"rendered":"http:\/\/www.bbyhaber.com\/bby\/?p=2711"},"modified":"2012-02-22T11:52:13","modified_gmt":"2012-02-22T11:52:13","slug":"halil-hamit-pasa-kutuphanesi-yenilendi","status":"publish","type":"post","link":"https:\/\/www.bbyhaber.com\/bby\/2012\/02\/22\/halil-hamit-pasa-kutuphanesi-yenilendi","title":{"rendered":"Halil Hamit Pa\u015fa K\u00fct\u00fcphanesi yenilendi-Isparta"},"content":{"rendered":"<p style=\"text-align: justify;\">Isparta\u2019da Yeni binas\u0131nda hizmet vermeye ba\u015flayan <a href=\"http:\/\/www.ispartakutup.gov.tr\/\" target=\"_blank\">Halil Hamit Pa\u015fa K\u00fct\u00fcphanesi<\/a> okuyucular\u0131n ilgi oda\u011f\u0131 olmay\u0131 ba\u015fard\u0131. \u0130l K\u00fclt\u00fcr Turizm binas\u0131n\u0131n tamamlanmas\u0131yla \u00fc\u00e7 katta hafta ba\u015f\u0131nda faaliyete ge\u00e7irilen Halil Hamit Pa\u015fa K\u00fct\u00fcphanesi toplam 450 ki\u015filik salonlar\u0131yla ilk g\u00fcnden okuyucular\u0131n ilgisini \u00e7ekmeyi ba\u015fard\u0131. \u00d6zellikle ilk\u00f6\u011fretim \u00f6\u011frencileri k\u00fct\u00fcphaneye b\u00fcy\u00fck ilgi g\u00f6sterdi. \u00dclk\u00fc \u0130lk\u00f6\u011fretim Okulu\u2019ndan 120 \u00f6\u011frenci yeni k\u00fct\u00fcphaneye \u00f6\u011fretmenleriyle gelerek kitaplar\u0131n\u0131 se\u00e7ti. Renkli masalara ge\u00e7erek hikaye kitaplar\u0131 okudu.<\/p>\n<p style=\"text-align: justify;\">\u00dclk\u00fc \u0130lk\u00f6\u011fretim Okulu S\u0131n\u0131f \u00d6\u011fretmeni Mehmet Ery\u0131lmaz, k\u00fct\u00fcphanenin \u00f6\u011frencilerin her zaman u\u011frayabilece\u011fi bir yerde olmas\u0131ndan dolay\u0131 avantaj oldu\u011funu s\u00f6yledi. Ery\u0131lmaz, \u201cBuras\u0131 ula\u015f\u0131m a\u00e7\u0131s\u0131ndan \u00e7ok uygun. Ayr\u0131ca \u00e7ok \u015feffaf bir yer. Okumak, \u00e7al\u0131\u015fmak isteyen i\u00e7in \u00e7ok uygun bir mekan. B\u00f6yle bir yer Isparta\u2019ya kazand\u0131r\u0131ld\u0131\u011f\u0131 i\u00e7in yetkililere te\u015fekk\u00fcr ediyorum\u201d dedi.<\/p>\n<p style=\"text-align: justify;\">K\u00fclt\u00fcr ve Turizm \u0130l M\u00fcd\u00fcr\u00fc Abdullah K\u0131l\u0131\u00e7 da, Isparta\u2019da bir okuyucu toplulu\u011fu olu\u015fturma hedefinde olduklar\u0131n\u0131 kaydetti. K\u0131l\u0131\u00e7, \u201cKitap medeniyettir. Allah\u2019\u0131n ilk emri \u2018Oku\u2019 dur. Gerek semavi dinlerde gerek insanl\u0131k medeniyetinde tarih boyunca kitaba k\u00fct\u00fcphaneye \u00f6nem verilmi\u015ftir. Okuyan toplumlar medeniyet seviyesine ula\u015fm\u0131\u015f bilgi ve tekni\u011fi \u00fcreterek d\u00fcnyada sosyal, k\u00fclt\u00fcrel ve ekonomik y\u00f6nden g\u00fc\u00e7 sahibi olmu\u015flard\u0131r. Isparta hepimizin bildi\u011fi gibi bir e\u011fitim kentidir\u201d dedi. \u00d6te yandan \u0130l K\u00fclt\u00fcr Turizm M\u00fcd\u00fcrl\u00fc\u011f\u00fc b\u00fcnyesinin \u00fc\u00e7 kat\u0131nda hizmet vermeye ba\u015flayan Halil Hamit Pa\u015fa K\u00fct\u00fcphanesi, klasik k\u00fct\u00fcphane hizmetinin \u00f6tesinde etkinliklere ev sahipli\u011fi yapacak.<\/p>\n<p style=\"text-align: justify;\">Kaynak: http:\/\/www.haberfx.net<\/p>\n","protected":false},"excerpt":{"rendered":"<p>Isparta\u2019da Yeni binas\u0131nda hizmet vermeye ba\u015flayan Halil Hamit Pa\u015fa K\u00fct\u00fcphanesi okuyucular\u0131n ilgi oda\u011f\u0131 olmay\u0131 ba\u015fard\u0131. \u0130l K\u00fclt\u00fcr Turizm binas\u0131n\u0131n tamamlanmas\u0131yla \u00fc\u00e7 katta hafta ba\u015f\u0131nda faaliyete ge\u00e7irilen Halil Hamit Pa\u015fa K\u00fct\u00fcphanesi toplam 450 ki\u015filik salonlar\u0131yla ilk g\u00fcnden okuyucular\u0131n ilgisini \u00e7ekmeyi ba\u015fard\u0131. \u00d6zellikle ilk\u00f6\u011fretim \u00f6\u011frencileri k\u00fct\u00fcphaneye b\u00fcy\u00fck ilgi g\u00f6sterdi. \u00dclk\u00fc \u0130lk\u00f6\u011fretim Okulu\u2019ndan 120 \u00f6\u011frenci yeni k\u00fct\u00fcphaneye \u00f6\u011fretmenleriyle [&hellip;]<\/p>\n","protected":false},"author":1,"featured_media":0,"comment_status":"open","ping_status":"open","sticky":false,"template":"","format":"standard","meta":{"footnotes":""},"categories":[1],"tags":[848],"class_list":["post-2711","post","type-post","status-publish","format-standard","hentry","category-genel","tag-halk-kutuphaneleri"],"_links":{"self":[{"href":"https:\/\/www.bbyhaber.com\/bby\/wp-json\/wp\/v2\/posts\/2711"}],"collection":[{"href":"https:\/\/www.bbyhaber.com\/bby\/wp-json\/wp\/v2\/posts"}],"about":[{"href":"https:\/\/www.bbyhaber.com\/bby\/wp-json\/wp\/v2\/types\/post"}],"author":[{"embeddable":true,"href":"https:\/\/www.bbyhaber.com\/bby\/wp-json\/wp\/v2\/users\/1"}],"replies":[{"embeddable":true,"href":"https:\/\/www.bbyhaber.com\/bby\/wp-json\/wp\/v2\/comments?post=2711"}],"version-history":[{"count":0,"href":"https:\/\/www.bbyhaber.com\/bby\/wp-json\/wp\/v2\/posts\/2711\/revisions"}],"wp:attachment":[{"href":"https:\/\/www.bbyhaber.com\/bby\/wp-json\/wp\/v2\/media?parent=2711"}],"wp:term":[{"taxonomy":"category","embeddable":true,"href":"https:\/\/www.bbyhaber.com\/bby\/wp-json\/wp\/v2\/categories?post=2711"},{"taxonomy":"post_tag","embeddable":true,"href":"https:\/\/www.bbyhaber.com\/bby\/wp-json\/wp\/v2\/tags?post=2711"}],"curies":[{"name":"wp","href":"https:\/\/api.w.org\/{rel}","templated":true}]}}