{"id":27088,"date":"2019-09-20T02:30:36","date_gmt":"2019-09-19T23:30:36","guid":{"rendered":"http:\/\/www.bbyhaber.com\/bby\/?p=27088"},"modified":"2019-11-28T08:27:45","modified_gmt":"2019-11-28T05:27:45","slug":"500-kutuphaneci-alim-detaylari-ve-illere-gore-dagilimlar-aciklandi","status":"publish","type":"post","link":"https:\/\/www.bbyhaber.com\/bby\/2019\/09\/20\/500-kutuphaneci-alim-detaylari-ve-illere-gore-dagilimlar-aciklandi","title":{"rendered":"500 K\u00fct\u00fcphaneci al\u0131m detaylar\u0131 ve illere g\u00f6re da\u011f\u0131l\u0131mlar a\u00e7\u0131kland\u0131"},"content":{"rendered":"<p><a href=\"http:\/\/www.bbyhaber.com\/bby\/wp-content\/uploads\/2019\/09\/500-S\u00f6zle\u015fmeli-alimi.jpg\"><img loading=\"lazy\" decoding=\"async\" class=\"alignleft size-full wp-image-27092\" src=\"http:\/\/www.bbyhaber.com\/bby\/wp-content\/uploads\/2019\/09\/500-S\u00f6zle\u015fmeli-alimi.jpg\" alt=\"\" width=\"390\" height=\"180\" \/><\/a>Bakanl\u0131k sayfas\u0131ndan yap\u0131lan a\u00e7\u0131klama \u015f\u00f6yledir.\u00a0Bakanl\u0131\u011f\u0131m\u0131z ta\u015fra te\u015fkilat\u0131nda,\u00a0657 say\u0131l\u0131 Devlet Memurlar\u0131 Kanunu\u2019nun 4 \u00fcnc\u00fc maddesinin (B) f\u0131kras\u0131 kapsam\u0131nda istihdam edilmek ve 06\/06\/1978 tarihli ve 7\/15754 say\u0131l\u0131 Bakanlar Kurulu Karar\u0131 ile y\u00fcr\u00fcrl\u00fc\u011fe konulan S\u00f6zle\u015fmeli Personel \u00c7al\u0131\u015ft\u0131r\u0131lmas\u0131na \u0130li\u015fkin Esaslara g\u00f6re \u00e7al\u0131\u015ft\u0131r\u0131lmak \u00fczere, K\u00fclt\u00fcr ve Turizm Bakanl\u0131\u011f\u0131 S\u00f6zle\u015fmeli Personel Al\u0131m Usul ve Esaslar\u0131\u00a0h\u00fck\u00fcmleri \u00e7er\u00e7evesinde a\u015fa\u011f\u0131da unvan\u0131, b\u00f6l\u00fcm\u00fc, puan t\u00fcr\u00fc, yeri ve adedi belirtilen bo\u015f pozisyonlara, <strong>2018 y\u0131l\u0131 KPSS (B) grubu puan\u0131 esas al\u0131narak, yap\u0131lacak giri\u015f (s\u00f6zl\u00fc) s\u0131nav sonucuna g\u00f6r<\/strong>e, toplam 785 s\u00f6zle\u015fmeli personel al\u0131m\u0131 yap\u0131lacakt\u0131r.<!--more--><\/p>\n<p><span style=\"color: #ff0000;\"><strong><span style=\"color: #3366ff;\">Ba\u015fvurular<\/span> elektronik ortamda <span style=\"color: #800000;\"><span style=\"color: #3366ff;\">25\/09\/2019 &#8211; 09\/10\/2019<\/span><\/span> tarihleri aras\u0131nda al\u0131nacakt\u0131r.<\/strong><\/span><\/p>\n<p><span style=\"color: #800000;\"><strong>S\u00f6zl\u00fc s\u0131nav tarihi, saati ve yeri daha sonra\u00a0<a style=\"color: #800000;\" href=\"http:\/\/www.kulturturizm.gov.tr\/\" target=\"_blank\" rel=\"noopener\">www.kulturturizm.gov.tr\u00a0<\/a>internet adresinden ilan edilecektir.<\/strong><\/span><\/p>\n<p><strong>A\u015fa\u011f\u0131daki tablonun alt\u0131nda \u015fartlara, gerekli belgelere dair bilgileri bulabilirsiniz.<\/strong><\/p>\n<p><span style=\"color: #ff0000;\"><strong>K\u00dcT\u00dcPHANEC\u0130 (Toplam Adedi: 500, Puan T\u00fcr\u00fc: KPSSP3-en az 70 puan alm\u0131\u015f olmak):<\/strong><\/span><\/p>\n<p>\u0130llere g\u00f6re da\u011f\u0131l\u0131mlar a\u015fa\u011f\u0131daki tabloda mevcuttur:<\/p>\n<table width=\"128\">\n<tbody>\n<tr>\n<td width=\"64\"><strong><span style=\"color: #ff0000;\">\u0130ller<\/span><\/strong><\/td>\n<td width=\"64\"><span style=\"color: #ff0000;\"><strong>Toplam<\/strong><\/span><\/td>\n<\/tr>\n<tr>\n<td>\u00a0Adana<\/td>\n<td>7<\/td>\n<\/tr>\n<tr>\n<td>\u00a0Ad\u0131yaman<\/td>\n<td>5<\/td>\n<\/tr>\n<tr>\n<td>\u00a0Afyonkarahisar<\/td>\n<td>6<\/td>\n<\/tr>\n<tr>\n<td>\u00a0A\u011fr\u0131<\/td>\n<td>6<\/td>\n<\/tr>\n<tr>\n<td>\u00a0Aksaray<\/td>\n<td>4<\/td>\n<\/tr>\n<tr>\n<td>\u00a0Amasya<\/td>\n<td>4<\/td>\n<\/tr>\n<tr>\n<td>\u00a0Ankara<\/td>\n<td>12<\/td>\n<\/tr>\n<tr>\n<td>\u00a0Antalya<\/td>\n<td>8<\/td>\n<\/tr>\n<tr>\n<td>\u00a0Ardahan<\/td>\n<td>3<\/td>\n<\/tr>\n<tr>\n<td>\u00a0Artvin<\/td>\n<td>5<\/td>\n<\/tr>\n<tr>\n<td>\u00a0Ayd\u0131n<\/td>\n<td>7<\/td>\n<\/tr>\n<tr>\n<td>\u00a0Bal\u0131kesir<\/td>\n<td>7<\/td>\n<\/tr>\n<tr>\n<td>\u00a0Bart\u0131n<\/td>\n<td>3<\/td>\n<\/tr>\n<tr>\n<td>\u00a0Batman<\/td>\n<td>7<\/td>\n<\/tr>\n<tr>\n<td>\u00a0Bayburt<\/td>\n<td>3<\/td>\n<\/tr>\n<tr>\n<td>\u00a0Bilecik<\/td>\n<td>5<\/td>\n<\/tr>\n<tr>\n<td>\u00a0Bing\u00f6l<\/td>\n<td>5<\/td>\n<\/tr>\n<tr>\n<td>\u00a0Bitlis<\/td>\n<td>7<\/td>\n<\/tr>\n<tr>\n<td>\u00a0Bolu<\/td>\n<td>4<\/td>\n<\/tr>\n<tr>\n<td>\u00a0Burdur<\/td>\n<td>8<\/td>\n<\/tr>\n<tr>\n<td>\u00a0Bursa<\/td>\n<td>5<\/td>\n<\/tr>\n<tr>\n<td>\u00a0\u00c7anakkale<\/td>\n<td>6<\/td>\n<\/tr>\n<tr>\n<td>\u00a0\u00c7ank\u0131r\u0131<\/td>\n<td>5<\/td>\n<\/tr>\n<tr>\n<td>\u00a0\u00c7orum<\/td>\n<td>6<\/td>\n<\/tr>\n<tr>\n<td>\u00a0Denizli<\/td>\n<td>7<\/td>\n<\/tr>\n<tr>\n<td>\u00a0Diyarbak\u0131r<\/td>\n<td>7<\/td>\n<\/tr>\n<tr>\n<td>\u00a0D\u00fczce<\/td>\n<td>5<\/td>\n<\/tr>\n<tr>\n<td>\u00a0Edirne<\/td>\n<td>4<\/td>\n<\/tr>\n<tr>\n<td>\u00a0Elaz\u0131\u011f<\/td>\n<td>6<\/td>\n<\/tr>\n<tr>\n<td>\u00a0Erzincan<\/td>\n<td>5<\/td>\n<\/tr>\n<tr>\n<td>\u00a0Erzurum<\/td>\n<td>10<\/td>\n<\/tr>\n<tr>\n<td>\u00a0Eski\u015fehir<\/td>\n<td>6<\/td>\n<\/tr>\n<tr>\n<td>\u00a0Gaziantep<\/td>\n<td>9<\/td>\n<\/tr>\n<tr>\n<td>\u00a0Giresun<\/td>\n<td>4<\/td>\n<\/tr>\n<tr>\n<td>\u00a0G\u00fcm\u00fc\u015fhane<\/td>\n<td>4<\/td>\n<\/tr>\n<tr>\n<td>\u00a0Hakkari<\/td>\n<td>3<\/td>\n<\/tr>\n<tr>\n<td>\u00a0Hatay<\/td>\n<td>7<\/td>\n<\/tr>\n<tr>\n<td>\u00a0I\u011fd\u0131r<\/td>\n<td>3<\/td>\n<\/tr>\n<tr>\n<td>\u00a0Isparta<\/td>\n<td>7<\/td>\n<\/tr>\n<tr>\n<td>\u00a0\u0130stanbul<\/td>\n<td>16<\/td>\n<\/tr>\n<tr>\n<td>\u00a0\u0130zmir<\/td>\n<td>11<\/td>\n<\/tr>\n<tr>\n<td>\u00a0Kahramanmara\u015f<\/td>\n<td>6<\/td>\n<\/tr>\n<tr>\n<td>\u00a0Karab\u00fck<\/td>\n<td>4<\/td>\n<\/tr>\n<tr>\n<td>\u00a0Karaman<\/td>\n<td>4<\/td>\n<\/tr>\n<tr>\n<td>\u00a0Kars<\/td>\n<td>4<\/td>\n<\/tr>\n<tr>\n<td>\u00a0Kastamonu<\/td>\n<td>8<\/td>\n<\/tr>\n<tr>\n<td>\u00a0Kayseri<\/td>\n<td>7<\/td>\n<\/tr>\n<tr>\n<td>\u00a0K\u0131r\u0131kkale<\/td>\n<td>5<\/td>\n<\/tr>\n<tr>\n<td>\u00a0K\u0131rklareli<\/td>\n<td>7<\/td>\n<\/tr>\n<tr>\n<td>\u00a0K\u0131r\u015fehir<\/td>\n<td>5<\/td>\n<\/tr>\n<tr>\n<td>\u00a0Kilis<\/td>\n<td>4<\/td>\n<\/tr>\n<tr>\n<td>\u00a0Kocaeli<\/td>\n<td>6<\/td>\n<\/tr>\n<tr>\n<td>\u00a0Konya<\/td>\n<td>13<\/td>\n<\/tr>\n<tr>\n<td>\u00a0K\u00fctahya<\/td>\n<td>8<\/td>\n<\/tr>\n<tr>\n<td>\u00a0Malatya<\/td>\n<td>8<\/td>\n<\/tr>\n<tr>\n<td>\u00a0Manisa<\/td>\n<td>8<\/td>\n<\/tr>\n<tr>\n<td>\u00a0Mardin<\/td>\n<td>6<\/td>\n<\/tr>\n<tr>\n<td>\u00a0Mersin<\/td>\n<td>9<\/td>\n<\/tr>\n<tr>\n<td>\u00a0Mu\u011fla<\/td>\n<td>4<\/td>\n<\/tr>\n<tr>\n<td>\u00a0Mu\u015f<\/td>\n<td>6<\/td>\n<\/tr>\n<tr>\n<td>\u00a0Nev\u015fehir<\/td>\n<td>8<\/td>\n<\/tr>\n<tr>\n<td>\u00a0Ni\u011fde<\/td>\n<td>6<\/td>\n<\/tr>\n<tr>\n<td>\u00a0Ordu<\/td>\n<td>6<\/td>\n<\/tr>\n<tr>\n<td>\u00a0Osmaniye<\/td>\n<td>4<\/td>\n<\/tr>\n<tr>\n<td>\u00a0Rize<\/td>\n<td>4<\/td>\n<\/tr>\n<tr>\n<td>\u00a0Sakarya<\/td>\n<td>5<\/td>\n<\/tr>\n<tr>\n<td>\u00a0Samsun<\/td>\n<td>9<\/td>\n<\/tr>\n<tr>\n<td>\u00a0Siirt<\/td>\n<td>5<\/td>\n<\/tr>\n<tr>\n<td>\u00a0Sinop<\/td>\n<td>4<\/td>\n<\/tr>\n<tr>\n<td>\u00a0Sivas<\/td>\n<td>9<\/td>\n<\/tr>\n<tr>\n<td>\u00a0\u015eanl\u0131urfa<\/td>\n<td>8<\/td>\n<\/tr>\n<tr>\n<td>\u00a0\u015e\u0131rnak<\/td>\n<td>4<\/td>\n<\/tr>\n<tr>\n<td>\u00a0Tekirda\u011f<\/td>\n<td>9<\/td>\n<\/tr>\n<tr>\n<td>\u00a0Tokat<\/td>\n<td>8<\/td>\n<\/tr>\n<tr>\n<td>\u00a0Trabzon<\/td>\n<td>7<\/td>\n<\/tr>\n<tr>\n<td>\u00a0Tunceli<\/td>\n<td>4<\/td>\n<\/tr>\n<tr>\n<td>\u00a0U\u015fak<\/td>\n<td>6<\/td>\n<\/tr>\n<tr>\n<td>\u00a0Van<\/td>\n<td>6<\/td>\n<\/tr>\n<tr>\n<td>\u00a0Yalova<\/td>\n<td>4<\/td>\n<\/tr>\n<tr>\n<td>\u00a0Yozgat<\/td>\n<td>6<\/td>\n<\/tr>\n<tr>\n<td>\u00a0Zonguldak<\/td>\n<td>4<\/td>\n<\/tr>\n<tr>\n<td>TOPLAM<\/td>\n<td>500<\/td>\n<\/tr>\n<\/tbody>\n<\/table>\n<p><span style=\"color: #ff0000;\"><strong>1-G\u0130R\u0130\u015e SINAVI BA\u015eVURU \u015eARTLARI:<\/strong><\/span><\/p>\n<p>a) 657 say\u0131l\u0131 Devlet Memurlar\u0131 Kanununun de\u011fi\u015fik 48 inci maddesinin birinci f\u0131kras\u0131n\u0131n (A) bendinde belirtilen \u015fartlar\u0131 ta\u015f\u0131mak.<\/p>\n<p>b) \u00d6l\u00e7me, Se\u00e7me ve Yerle\u015ftirme Merkezi (\u00d6SYM) taraf\u0131ndan 2018 y\u0131l\u0131nda yap\u0131lan, Kamu Personeli Se\u00e7me S\u0131nav\u0131n\u0131n KPSS (B) Grubu; K\u00fct\u00fcphaneci, Arkeolog, M\u00fcze Ara\u015ft\u0131rmac\u0131s\u0131, M\u00fchendis, Mimar, \u015eehir Planc\u0131s\u0131 i\u00e7in KPSSP3, Tekniker i\u00e7in KPSSP93, puan t\u00fcr\u00fcnden asgari 70 ve daha yukar\u0131 puan almak kayd\u0131yla, m\u00fcracaat edenlerin en y\u00fcksek puandan ba\u015flanarak pozisyon unvanlar\u0131 (m\u00fcze ara\u015ft\u0131rmac\u0131s\u0131, m\u00fchendis, tekniker pozisyon unvanlar\u0131 i\u00e7in b\u00f6l\u00fcmler) itibariyle s\u0131ralanmas\u0131 neticesinde al\u0131nacak s\u00f6zle\u015fmeli personel say\u0131s\u0131n\u0131n \u00fc\u00e7 kat\u0131 aday aras\u0131na girmek.<\/p>\n<p>M\u00fctercim-Terc\u00fcman pozisyon unvan\u0131 i\u00e7in 2018 y\u0131l\u0131 KPSS (B) grubu KPSSP3 puan t\u00fcr\u00fcnden, en y\u00fcksek puandan ba\u015flanarak, yabanc\u0131 diller itibariyle s\u0131ralanmas\u0131 neticesinde, al\u0131nacak s\u00f6zle\u015fmeli personel say\u0131s\u0131n\u0131n be\u015f kat\u0131 aday aras\u0131na girmek.<\/p>\n<p>En son aday\u0131n ald\u0131\u011f\u0131 puanla ayn\u0131 puana sahip adaylar da giri\u015f s\u0131nav\u0131na \u00e7a\u011fr\u0131l\u0131r.<\/p>\n<p>c) Adaylar\u0131n, son ba\u015fvuru tarihi itibar\u0131yla, pozisyonlar i\u00e7in belirlenen \u00f6\u011frenim ve b\u00f6l\u00fcm mezunu olmalar\u0131 gerekir.<\/p>\n<p><strong><span style=\"color: #ff0000;\">2-SINAVA KATILMA \u015eARTLARI:<\/span><\/strong><\/p>\n<p><span style=\"color: #ff0000;\"><strong>a) K\u00fct\u00fcphaneci:<\/strong><\/span><\/p>\n<p>\u2014 Y\u00fcksek\u00f6\u011fretim kurumlar\u0131n\u0131n lisans d\u00fczeyinde e\u011fitim veren; bilgi ve belge y\u00f6netimi, k\u00fct\u00fcphanecilik, ar\u015fivcilik, dok\u00fcmantasyon ve enformasyon programlar\u0131n\u0131n herhangi birinden ya da bunlara denkli\u011fi Y\u00fcksek\u00f6\u011fretim Kurulunca kabul edilen yurt d\u0131\u015f\u0131ndaki \u00f6\u011fretim kurumlar\u0131ndan mezun olmak,<\/p>\n<p><span style=\"color: #ff0000;\"><strong>3- BA\u015eVURU \u015eEKL\u0130 VE S\u00dcRES\u0130:<\/strong><\/span><\/p>\n<p>Ba\u015fvurular elektronik ortamda 25\/09\/2019 &#8211; 09\/10\/2019 tarihleri aras\u0131nda al\u0131nacakt\u0131r.\u00a0S\u0131nava kat\u0131lmak isteyen adaylar, Bakanl\u0131\u011f\u0131m\u0131z\u00a0<a href=\"http:\/\/www.kulturturizm.gov.tr\/\" target=\"_blank\" rel=\"noopener\">www.kulturturizm.gov.tr<\/a>\u00a0internet adresinin ana sayfas\u0131nda bulunan \u201cS\u0131nav Ba\u015fvuru Sistemi\u201d ba\u015fl\u0131kl\u0131 linkten ba\u015fvurular\u0131n\u0131 ger\u00e7ekle\u015ftireceklerdir. Adaylar\u0131n gerekli i\u015flemleri yapmadan \u00f6nce sorunla kar\u015f\u0131la\u015fmamalar\u0131 a\u00e7\u0131s\u0131ndan ayn\u0131 sayfada yay\u0131nlanan \u201cS\u0131nav Ba\u015fvuru K\u0131lavuzunu\u201d incelemeleri gerekmektedir.<\/p>\n<p>S\u0131nav ba\u015fvurular\u0131 S\u0131nav Ba\u015fvuru Sisteminin 25\/09\/2019 tarihinde a\u00e7\u0131lmas\u0131yla ba\u015flayacak ve 09\/10\/2019 tarihi saat 23:59\u2019da kapanacakt\u0131r. Bu tarihten sonra sistem kesinlikle a\u00e7\u0131lmayacak ve elektronik ortamda yap\u0131lmayan, posta ya da bizzat veya di\u011fer ki\u015filer arac\u0131l\u0131\u011f\u0131yla yap\u0131lan ba\u015fvurular kabul edilmeyecektir.<\/p>\n<p>Aranan \u015fartlardan herhangi birini ta\u015f\u0131mad\u0131\u011f\u0131 tespit edilen adaylar\u0131n ba\u015fvurusu de\u011ferlendirmeye al\u0131nmayacakt\u0131r.<\/p>\n<p>Giri\u015f s\u0131nav\u0131na kat\u0131lacak adaylar\u0131n listesi Bakanl\u0131k (<a href=\"http:\/\/www.kulturtur\u0131zm.gov.tr\" target=\"_blank\" rel=\"noopener\">www.kulturtur\u0131zm.gov.tr<\/a>) internet sitesinde ilan edilecektir. En son aday\u0131n ald\u0131\u011f\u0131 puanla ayn\u0131 puana sahip adaylar da giri\u015f s\u0131nav\u0131na \u00e7a\u011fr\u0131lacakt\u0131r. S\u0131nava kat\u0131lma hakk\u0131 elde edemeyen ba\u015fvuru sahiplerine herhangi bir bildirimde bulunulmayacakt\u0131r.<\/p>\n<p>Adaylar, giri\u015f s\u0131nav\u0131na kat\u0131lacaklar\u0131n listesine, isim listelerinin Bakanl\u0131k internet sitesinde ilan\u0131ndan itibaren be\u015f g\u00fcn i\u00e7inde, gerek\u00e7eleriyle birlikte, Personel Dairesi Ba\u015fkanl\u0131\u011f\u0131na yaz\u0131l\u0131 olarak itiraz edebileceklerdir.<\/p>\n<p>Adaylar ancak bir pozisyon unvan\u0131n\u0131n s\u0131nav\u0131na ba\u015fvurabilecektir.<\/p>\n<p><span style=\"color: #ff0000;\"><strong>4- ELEKTRON\u0130K BA\u015eVURU SONRASINDA SIRALAMAYA G\u0130REN ADAYLARDAN \u0130STEN\u0130LECEK BELGELER:<\/strong><\/span><\/p>\n<p>a) Ba\u015fvuru formu \u00e7\u0131kt\u0131s\u0131, (Islak imzal\u0131)<\/p>\n<p>b) Sisteme taramak suretiyle giri\u015fi yap\u0131lan, y\u00fcksek\u00f6\u011frenim diplomas\u0131\/\u00e7\u0131k\u0131\u015f belgesi \u00f6rne\u011fi. (Yurt d\u0131\u015f\u0131nda \u00f6\u011frenim g\u00f6renler denklik belgelerini\u00a0de ekleyeceklerdir.)<\/p>\n<p>c) Sisteme taramak suretiyle giri\u015fi yap\u0131lan yabanc\u0131 dil sonu\u00e7 belgesi. (M\u00fctercim-Terc\u00fcman pozisyonu i\u00e7in ba\u015fvuranlar.)<\/p>\n<p>\u00e7) \u00d6zge\u00e7mi\u015f \u00e7\u0131kt\u0131s\u0131. (Islak imzal\u0131)<\/p>\n<p>Adaylar\u0131n, yukar\u0131da belirtilen form ve belgeleri \u201c\u0130\u015f\u00e7i Bloklar\u0131 Mahallesi Muhsin Yaz\u0131c\u0131o\u011flu Cad. No:50 \u00c7ankaya-ANKARA\u201d adresinde bulunan Bakanl\u0131\u011f\u0131m\u0131z Personel Dairesi Ba\u015fkanl\u0131\u011f\u0131na\u00a017\/10\/2019\u00a0tarihi mesai saati bitimine kadar elden veya posta yolu ile teslim etmesi gerekmektedir. Postadaki gecikmeler dikkate al\u0131nmayacakt\u0131r. Formun ve eklerinin belirtilen tarihe kadar; verilmemesi ya da belirtilen adrese g\u00f6nderilerek Bakanl\u0131k genel evrak kay\u0131t sistemine kayd\u0131n\u0131n yap\u0131lmamas\u0131 halinde, ba\u015fvuru yap\u0131lmam\u0131\u015f kabul edilecektir.<\/p>\n<p><span style=\"color: #ff0000;\"><strong>5- SINAVIN \u015eEKL\u0130 VE DE\u011eERLEND\u0130RMES\u0130:<\/strong><\/span><\/p>\n<p>Sadece s\u00f6zl\u00fc olarak yap\u0131lacak olan s\u0131nava girmeye hak kazanan adaylar;<\/p>\n<p>a) Pozisyon unvan\u0131na ili\u015fkin mesleki bilgi d\u00fczeyi,<\/p>\n<p>b) Kavrama, muhakeme etme, \u00f6zetleme ve ifade etme yetene\u011fi,<\/p>\n<p>c) Liyakati, temsil kabiliyeti, davran\u0131\u015f ve tepkilerinin mesle\u011fe uygunlu\u011fu,<\/p>\n<p>\u00e7) \u00d6zg\u00fcveni, ikna kabiliyeti ve inand\u0131r\u0131c\u0131l\u0131\u011f\u0131,<\/p>\n<p>d) Genel yetenek ve genel k\u00fclt\u00fcr\u00fc,<\/p>\n<p>e) Bilimsel ve teknolojik geli\u015fmelere a\u00e7\u0131kl\u0131\u011f\u0131,<\/p>\n<p>y\u00f6nlerinden ayr\u0131 ayr\u0131 puan verilmek suretiyle de\u011ferlendirileceklerdir.<\/p>\n<p>Adaylar, s\u0131nav komisyonu taraf\u0131ndan (a) bendi i\u00e7in elli puan, di\u011fer bentlerde yaz\u0131l\u0131 \u00f6zelliklerin her biri i\u00e7in onar puan \u00fczerinden de\u011ferlendirileceklerdir. S\u00f6zl\u00fc s\u0131nav puan\u0131 giri\u015f s\u0131nav\u0131 ba\u015far\u0131 notunu te\u015fkil edecektir. S\u00f6zl\u00fc s\u0131navda ba\u015far\u0131l\u0131 say\u0131lmak i\u00e7in komisyon ba\u015fkan ve \u00fcyelerinin y\u00fcz tam puan \u00fczerinden verdikleri puanlar\u0131n aritmetik ortalamas\u0131n\u0131n en az yetmi\u015f olmas\u0131 gerekir.<\/p>\n<p>Giri\u015f s\u0131nav\u0131 ba\u015far\u0131 notu e\u015fit olan adaylardan pozisyon unvan\u0131 itibariyle belirlenen KPSS puan\u0131 y\u00fcksek olan adaya \u00f6ncelik tan\u0131n\u0131r.<\/p>\n<p>Giri\u015f s\u0131nav\u0131nda yetmi\u015f ve \u00fczeri puan alm\u0131\u015f olmak, asil ve yedek s\u0131ralamas\u0131na giremeyen adaylar i\u00e7in m\u00fcktesep hak te\u015fkil etmez.<\/p>\n<p><strong>6- D\u0130\u011eER HUSUSLAR:<\/strong><\/p>\n<p>S\u00f6zle\u015fmeli personel, kamu hizmetlerinin g\u00f6rd\u00fcr\u00fclmesini temin maksad\u0131yla, ihtiya\u00e7 duyulan hizmet birimleri ve pozisyonlarda istihdam edildi\u011finden, kurumlar aras\u0131 yer de\u011fi\u015fikli\u011fi yap\u0131lamaz. S\u00f6zle\u015fmeli personelin Kurum i\u00e7i yer de\u011fi\u015fikli\u011fi ise\u00a0S\u00f6zle\u015fmeli Personel \u00c7al\u0131\u015ft\u0131r\u0131lmas\u0131na \u0130li\u015fkin\u00a0Esaslar\u0131n ek 3 \u00fcnc\u00fc maddesinde belirtilen hallerde ger\u00e7ekle\u015ftirilebilecektir.<\/p>\n<p>Kamu kurum ve kurulu\u015flar\u0131nda herhangi bir 657\/4(B) s\u00f6zle\u015fmeli pozisyonda \u00e7al\u0131\u015fanlar\u0131n, ba\u015fvuruda bulunmak istedikleri s\u00f6zle\u015fmeli pozisyon unvan\u0131 ile halen g\u00f6rev yapt\u0131klar\u0131 657\/4(B) s\u00f6zle\u015fmeli personel pozisyon unvan\u0131n\u0131n ayn\u0131 olmamas\u0131 gerekmektedir.<\/p>\n<p>Kamu kurum ve kurulu\u015flar\u0131nda herhangi bir 657\/4(B) s\u00f6zle\u015fmeli pozisyonda \u00e7al\u0131\u015fmakta iken s\u00f6zle\u015fmesi feshedilen adaylar\u0131n, fesihten \u00f6nce g\u00f6rev yapt\u0131klar\u0131 657\/4(B) s\u00f6zle\u015fmeli personel pozisyonuyla ayn\u0131 unvanl\u0131 pozisyona ba\u015fvuruda bulunmalar\u0131 halinde, son m\u00fcracaat tarihi itibariyle bir y\u0131ll\u0131k bekleme s\u00fcresini tamamlam\u0131\u015f olmalar\u0131 gerekmektedir.<\/p>\n<p>Ancak, S\u00f6zle\u015fmeli Personel \u00c7al\u0131\u015ft\u0131r\u0131lmas\u0131na \u0130li\u015fkin Esaslar\u0131n ek 1 inci maddesinin d\u00f6rd\u00fcnc\u00fc f\u0131kras\u0131n\u0131n (a), (b) ve (c) bentlerine g\u00f6re s\u00f6zle\u015fmesini tek tarafl\u0131 fesheden adaylarda bir y\u0131ll\u0131k bekleme s\u00fcresi \u015fart\u0131 aranmayacakt\u0131r. Ba\u015fka bir ifadeyle bu durumda olanlar\u0131n ba\u015fvuruda bulunmas\u0131nda herhangi bir engel bulunmamaktad\u0131r.<\/p>\n<p>S\u0131nava kat\u0131lma \u015fartlar\u0131 aras\u0131nda yer alan \u201cArazi ve \u015fantiye \u015fartlar\u0131nda \u00e7al\u0131\u015fmaya engel hali bulunmamak.\u201d \u015fart\u0131 hususunda, adaylar\u0131n yaz\u0131l\u0131 beyanlar\u0131 dikkate al\u0131nacakt\u0131r.<\/p>\n<p>S\u0131nav ba\u015fvuru formunda ger\u00e7e\u011fe ayk\u0131r\u0131 beyanda bulundu\u011fu veya belge verdi\u011fi tespit edilenlerin s\u0131nav sonu\u00e7lar\u0131 ge\u00e7ersiz say\u0131larak atamalar\u0131 yap\u0131lmaz. Bu durumda olup atamas\u0131 yap\u0131lm\u0131\u015f olanlar\u0131n atamalar\u0131 ve s\u00f6zle\u015fmeleri iptal edilir. Bunlar hi\u00e7bir hak talep edemezler. Kendilerine bir bedel \u00f6denmi\u015f ise bu bedel yasal faizi ile birlikte tazmin edilir. Ayr\u0131ca bu adaylar hakk\u0131nda 5237 say\u0131l\u0131 T\u00fcrk Ceza Kanununun ilgili h\u00fck\u00fcmleri uygulanmak \u00fczere Cumhuriyet Ba\u015fsavc\u0131l\u0131\u011f\u0131na su\u00e7 duyurusunda bulunulacak, kamu g\u00f6revlisi ise ayr\u0131ca \u00e7al\u0131\u015ft\u0131klar\u0131 kurumlara da bildirilecektir.<\/p>\n<p><strong>7- SINAV YER\u0130 VE TAR\u0130H\u0130:<\/strong><\/p>\n<p>S\u00f6zl\u00fc s\u0131nav tarihi, saati ve yeri daha sonra\u00a0<a href=\"http:\/\/www.kulturturizm.gov.tr\/\" target=\"_blank\" rel=\"noopener\">www.kulturturizm.gov.tr\u00a0<\/a>internet adresinden ilan edilecektir.<\/p>\n<p><strong>8- YERLE\u015eT\u0130RME SONU\u00c7LARININ DUYURULMASI:<\/strong><\/p>\n<p>Ba\u015far\u0131l\u0131 olan adaylar\u0131n listesi, pozisyonlar ve bol\u00fcmler itibariyle, \u00a0<a href=\"http:\/\/www.kulturturizm.gov.tr\/\" target=\"_blank\" rel=\"noopener\">www.kulturturizm.gov.tr<\/a>\u00a0internet adresinden ilan edilecektir.<\/p>\n<p>Atamas\u0131 yap\u0131lacaklar, ba\u015fvuru s\u0131ras\u0131nda istenen belgeler d\u0131\u015f\u0131ndaki, Bakanl\u0131\u011f\u0131m\u0131z resmi internet sitesinde belirtilecek di\u011fer belgeleri, sonu\u00e7lar\u0131n yukar\u0131daki \u015fekilde ilan edildi\u011fi tarihten itibaren en ge\u00e7 15 g\u00fcn i\u00e7inde Personel Dairesi Ba\u015fkanl\u0131\u011f\u0131n\u0131n belirtilen adresine elden teslim edeceklerdir.<\/p>\n<p>Gerekli belgeleri s\u00fcresinde tam olarak ibraz etmeyenlerin atamalar\u0131 yap\u0131lmayacakt\u0131r.<\/p>\n<p>Ba\u015far\u0131 s\u0131ras\u0131na g\u00f6re atamalar\u0131 yap\u0131lan adaylardan ikamet ettikleri yere atananlar atanma onaylar\u0131n\u0131n kendilerine tebli\u011fi tarihini izleyen i\u015f g\u00fcn\u00fc, ikamet ettikleri yer d\u0131\u015f\u0131na atananlar ise atanma onaylar\u0131n\u0131n kendilerine tebli\u011f tarihinden itibaren 15 g\u00fcn i\u00e7inde, g\u00f6revlerine ba\u015flamak zorundad\u0131rlar.<\/p>\n<p>Adaylar, s\u0131nav sonu\u00e7lar\u0131n\u0131n ilan edilmesinden itibaren yedi g\u00fcn i\u00e7inde, gerek\u00e7eleri ile birlikte, Giri\u015f S\u0131nav Komisyonuna, Personel Dairesi Ba\u015fkanl\u0131\u011f\u0131 hitapl\u0131 bir dilek\u00e7e ile itiraz edebileceklerdir.<\/p>\n<p>\u0130lan metninde belirtilmeyen hususlar hakk\u0131nda ilgili mevzuat h\u00fck\u00fcmlerine g\u00f6re i\u015flem yap\u0131lacakt\u0131r.<\/p>\n<p>Bu duyuru tebli\u011f mahiyetinde olaca\u011f\u0131ndan, ayr\u0131ca ilgililere yaz\u0131l\u0131 tebligat yap\u0131lmayacakt\u0131r.<\/p>\n<p>Duyurulur.<\/p>\n<p>Ayr\u0131nt\u0131l\u0131 Bilgi \u0130\u00e7in \u0130rtibat:<\/p>\n<p>\u015euayip BAHADIR\u00a0\u00a0\u00a0\u00a0\u00a0\u00a0\u00a0\u00a0\u00a0\u00a0\u00a0\u00a0 0312 470 88 50<br \/>\nS\u0131navlar \u015eubesi\u00a0\u00a0 \u00a0\u00a0\u00a0\u00a0\u00a0\u00a0\u00a0\u00a0\u00a0 \u00a0 \u00a0\u00a0\u00a00312 470 88 51-52-53-55<\/p>\n<p>&nbsp;<\/p>\n<p><a href=\"https:\/\/pdb.ktb.gov.tr\/TR-243531\/kultur-ve-turizm-bakanligi-sozlesmeli-personel-alimi-ha-.html\" target=\"_blank\" rel=\"noopener\">Kaynak<\/a><\/p>\n","protected":false},"excerpt":{"rendered":"<p>Bakanl\u0131k sayfas\u0131ndan yap\u0131lan a\u00e7\u0131klama \u015f\u00f6yledir.\u00a0Bakanl\u0131\u011f\u0131m\u0131z ta\u015fra te\u015fkilat\u0131nda,\u00a0657 say\u0131l\u0131 Devlet Memurlar\u0131 Kanunu\u2019nun 4 \u00fcnc\u00fc maddesinin (B) f\u0131kras\u0131 kapsam\u0131nda istihdam edilmek ve 06\/06\/1978 tarihli ve 7\/15754 say\u0131l\u0131 Bakanlar Kurulu Karar\u0131 ile y\u00fcr\u00fcrl\u00fc\u011fe konulan S\u00f6zle\u015fmeli Personel \u00c7al\u0131\u015ft\u0131r\u0131lmas\u0131na \u0130li\u015fkin Esaslara g\u00f6re \u00e7al\u0131\u015ft\u0131r\u0131lmak \u00fczere, K\u00fclt\u00fcr ve Turizm Bakanl\u0131\u011f\u0131 S\u00f6zle\u015fmeli Personel Al\u0131m Usul ve Esaslar\u0131\u00a0h\u00fck\u00fcmleri \u00e7er\u00e7evesinde a\u015fa\u011f\u0131da unvan\u0131, b\u00f6l\u00fcm\u00fc, puan t\u00fcr\u00fc, [&hellip;]<\/p>\n","protected":false},"author":1,"featured_media":27092,"comment_status":"open","ping_status":"open","sticky":false,"template":"","format":"standard","meta":{"footnotes":""},"categories":[1521,31],"tags":[1187],"class_list":["post-27088","post","type-post","status-publish","format-standard","has-post-thumbnail","hentry","category-500-kutuphaneci","category-bbykpss","tag-500-kutuphaneci-alimi"],"_links":{"self":[{"href":"https:\/\/www.bbyhaber.com\/bby\/wp-json\/wp\/v2\/posts\/27088"}],"collection":[{"href":"https:\/\/www.bbyhaber.com\/bby\/wp-json\/wp\/v2\/posts"}],"about":[{"href":"https:\/\/www.bbyhaber.com\/bby\/wp-json\/wp\/v2\/types\/post"}],"author":[{"embeddable":true,"href":"https:\/\/www.bbyhaber.com\/bby\/wp-json\/wp\/v2\/users\/1"}],"replies":[{"embeddable":true,"href":"https:\/\/www.bbyhaber.com\/bby\/wp-json\/wp\/v2\/comments?post=27088"}],"version-history":[{"count":9,"href":"https:\/\/www.bbyhaber.com\/bby\/wp-json\/wp\/v2\/posts\/27088\/revisions"}],"predecessor-version":[{"id":27098,"href":"https:\/\/www.bbyhaber.com\/bby\/wp-json\/wp\/v2\/posts\/27088\/revisions\/27098"}],"wp:featuredmedia":[{"embeddable":true,"href":"https:\/\/www.bbyhaber.com\/bby\/wp-json\/wp\/v2\/media\/27092"}],"wp:attachment":[{"href":"https:\/\/www.bbyhaber.com\/bby\/wp-json\/wp\/v2\/media?parent=27088"}],"wp:term":[{"taxonomy":"category","embeddable":true,"href":"https:\/\/www.bbyhaber.com\/bby\/wp-json\/wp\/v2\/categories?post=27088"},{"taxonomy":"post_tag","embeddable":true,"href":"https:\/\/www.bbyhaber.com\/bby\/wp-json\/wp\/v2\/tags?post=27088"}],"curies":[{"name":"wp","href":"https:\/\/api.w.org\/{rel}","templated":true}]}}