{"id":27074,"date":"2019-09-17T07:53:51","date_gmt":"2019-09-17T04:53:51","guid":{"rendered":"http:\/\/www.bbyhaber.com\/bby\/?p=27074"},"modified":"2019-09-17T21:22:07","modified_gmt":"2019-09-17T18:22:07","slug":"ellerinden-alinan-kutuphanelerini-geri-istiyorlar","status":"publish","type":"post","link":"https:\/\/www.bbyhaber.com\/bby\/2019\/09\/17\/ellerinden-alinan-kutuphanelerini-geri-istiyorlar","title":{"rendered":"Ellerinden al\u0131nan k\u00fct\u00fcphanelerini geri istiyorlar"},"content":{"rendered":"<p><a href=\"http:\/\/www.bbyhaber.com\/bby\/wp-content\/uploads\/2019\/09\/heybeliada-kutuphane.jpg\"><img loading=\"lazy\" decoding=\"async\" class=\"alignleft size-full wp-image-27076\" src=\"http:\/\/www.bbyhaber.com\/bby\/wp-content\/uploads\/2019\/09\/heybeliada-kutuphane.jpg\" alt=\"\" width=\"390\" height=\"180\" \/><\/a>Heybeliada halk\u0131, 2008\u2019den beri bo\u015f olan, bah\u00e7esine \u00e7\u00f6p bo\u015falt\u0131lan Triandafilidis K\u00f6\u015fk\u00fc\u2019n\u00fcn yeniden k\u00fct\u00fcphane olarak hizmet vermesi i\u00e7in 2013 y\u0131l\u0131nda Heybeliada K\u00fct\u00fcphane Giri\u015fimi\u2019ni kurmu\u015f, giri\u015fimden Heybeliada K\u00fct\u00fcphane Derne\u011fi ortaya \u00e7\u0131km\u0131\u015ft\u0131. <strong><a href=\"https:\/\/www.bbyhaber.com\/bby\/tag\/prof-dr-bulent-yilmaz\" target=\"_blank\" rel=\"noopener\">Prof.Dr. B\u00fclent YILMAZ<\/a><\/strong> konu\u015fmac\u0131 olarak kat\u0131ld\u0131\u011f\u0131 bir panel sonras\u0131nda, Ada halk\u0131n\u0131n k\u00fct\u00fcphaneye olan \u00f6zlem ve isteklerini anlatan bir yaz\u0131 payla\u015ft\u0131.<!--more--><\/p>\n<p>Prof.Dr. B\u00fclent YILMAZ \u015funlar\u0131 dile getirdi: &#8220;G\u00fczel Bir D\u00fcnya \u0130stemek ya da Heybeliada Halk K\u00fct\u00fcphanesi. Bu g\u00fczel adan\u0131n yukar\u0131daki foto\u011frafta g\u00f6rd\u00fc\u011f\u00fcn\u00fcz g\u00fczel insanlar\u0131 ne istiyorlar biliyor musunuz? \u00c7ok k\u0131saca anlatay\u0131m.<\/p>\n<p>K\u00fclt\u00fcr ve Turizm Bakanl\u0131\u011f\u0131\u2019na ba\u011fl\u0131 olarak hizmet vermi\u015f olan ve 2013 y\u0131l\u0131nda onar\u0131ma giren, sonra da ellerinden al\u0131nan k\u00fct\u00fcphanelerini, <strong><a href=\"https:\/\/www.bbyhaber.com\/bby\/tag\/heybeliada-kutuphanesi\" target=\"_blank\" rel=\"noopener\">Heybeliada Halk K\u00fct\u00fcphanesi<\/a><\/strong>&#8216;ni geri istiyorlar.<\/p>\n<p>Bir y\u00f6re halk\u0131n\u0131n k\u00fct\u00fcphane istemesinin, \u00fcstelik ellerinden al\u0131nan k\u00fct\u00fcphanelerini geri istemesinin T\u00fcrkiye\u2019deki anlam\u0131n\u0131 d\u00fc\u015f\u00fcn\u00fcr m\u00fcs\u00fcn\u00fcz l\u00fctfen? Bir k\u00fct\u00fcphane istiyorlar; yol, ev, araba, bedava bilmem ne istemiyorlar; haklar\u0131 olmayan bir \u015fey istemiyorlar. K\u00fct\u00fcphane istiyorlar, ellerinden al\u0131nan kendi k\u00fct\u00fcphanelerini geri istiyorlar.<\/p>\n<p>Biliyoruz ki, bilgi ve k\u00fct\u00fcphane herkesin hakk\u0131d\u0131r. Bu bir insan hakk\u0131d\u0131r.<\/p>\n<p>K\u00fct\u00fcphane istemek bir kent i\u00e7in ak\u0131l ve ruh istemektir, d\u00fc\u015f\u00fcnen insan, bilgiyle ya\u015fayan toplum, e\u011fitim, k\u00fclt\u00fcr, g\u00fczel bir \u00fclke ve d\u00fcnya istemektir. B\u00f6yle g\u00fczel bir &#8220;istemek&#8221; var m\u0131d\u0131r? T\u00fcrkiye&#8217;de k\u00fct\u00fcphane isteyen, bunun i\u00e7in tam 6 y\u0131ld\u0131r u\u011fra\u015fan, \u00e7aba harcayan, kaymakaml\u0131k, il k\u00fclt\u00fcr ve turizm m\u00fcd\u00fcrl\u00fc\u011f\u00fc, vali yard\u0131mc\u0131l\u0131\u011f\u0131, valilik, bakanl\u0131k vb. \u00e7almad\u0131k, a\u015f\u0131nd\u0131rmad\u0131k kap\u0131 b\u0131rakmayan bir grup ada halk\u0131, bir yerel halk duydunuz mu? Ellerinden al\u0131nan k\u00fct\u00fcphanelerini korumak ve geli\u015ftirmek i\u00e7in toplum deste\u011fi vermek ad\u0131na dernek kuran, o dernekle h\u00e2l\u00e2 etkinlikler yapan bir yer var m\u0131 sizce? Sar\u0131say\u0131n\u2019\u0131n deyi\u015fiyle, olmayan, ellerinden al\u0131nan k\u00fct\u00fcphaneleri i\u00e7in kitaplar biriktiren, u\u011fra\u015fan, etkinlikler yapan, bunun i\u00e7in T\u00fcrk K\u00fct\u00fcphaneciler Derne\u011fi\u2019nden \u00f6d\u00fcl alan bir \u00f6rnek var m\u0131 T\u00fcrkiye&#8217;de ve hatta d\u00fcnyada?<\/p>\n<p>Onar\u0131m\u0131 bitmi\u015f, bina haz\u0131r; ancak b\u00fcrokrasinin dehlizlerinde, duyars\u0131zl\u0131klar\u0131nda ve bilin\u00e7sizliklerinde nas\u0131l d\u00fc\u015f\u00fcn\u00fcld\u00fcyse, bina i\u00e7in sonunda \u201cHalk E\u011fitim M\u00fcd\u00fcrl\u00fc\u011f\u00fc&#8217;n\u00fcn y\u00f6netim binas\u0131\u201d olmas\u0131 karar\u0131 al\u0131nm\u0131\u015f. L\u00fctuf kabilinden \u201cisterseniz k\u00fct\u00fcphane i\u00e7in bir oda verelim,\u201d demi\u015fler ada halk\u0131na!<\/p>\n<p>O zarif, nezaketli Heybeliadal\u0131lar \u00e7ok \u00fczg\u00fcn. Ellerinden \u00e7ocuklar\u0131 al\u0131nm\u0131\u015f gibiler. Hepsinin bu k\u00fct\u00fcphane ile ilgili ne kadar g\u00fczel hayali oldu\u011funu ben biliyorum.<\/p>\n<p>Bu hafta sonu edebiyat yazar\u0131 Nezihe Meri\u00e7 i\u00e7in k\u00fct\u00fcphanelerinin \u00f6n\u00fcnde ger\u00e7ekle\u015ftirdikleri anma etkinli\u011finde hepsinin kula\u011f\u0131 konu\u015fmac\u0131larda ve emin olabilirsiniz, g\u00f6zleri k\u00fct\u00fcphane binas\u0131ndayd\u0131; ellerinden al\u0131nan k\u00fct\u00fcphanelerindeydi. H\u00e2l\u00e2 bilmiyorlar, anlayam\u0131yorlar ve soruyorlard\u0131: K\u00fct\u00fcphanemiz elimizden neden al\u0131nd\u0131? Neden?<\/p>\n<p>Ve &#8220;biz iyi bir \u015fey istiyoruz ki!&#8221; diyorlard\u0131.<\/p>\n<p>\u0130yi bir \u015fey istiyorlar ger\u00e7ekten; k\u00fct\u00fcphane istiyorlar, g\u00fczel bir gelecek, g\u00fczel bir d\u00fcnya istiyorlar.<\/p>\n<p>Ba\u015f\u0131ndan bu yana bu g\u00fczel insanlar\u0131n \u00e7abalar\u0131na ortak olmaya, onlara \u00f6zellikle akademik destek vermeye \u00e7al\u0131\u015ft\u0131m. K\u0131sac\u0131k konu\u015fmamda ben de \u00f6yle dedim: &#8220;G\u00fczel bir \u015fey istiyorsunuz, vazge\u00e7meyelim!&#8221;<\/p>\n<p>Ancak bu \u00fclkede g\u00fczelli\u011fi elde etmek kolay de\u011fil.<\/p>\n<p>Nezihe Meri\u00e7 m\u00fczik \u00f6\u011fretmenli\u011fi yapt\u0131\u011f\u0131 bu halk k\u00fct\u00fcphanesi binas\u0131n\u0131n i\u00e7inden h\u00fcz\u00fcnl\u00fc bir sesle sesleniyordu: \u201cKolay gelsin!<\/p>\n<p>Ne ac\u0131 ve ne g\u00fczel!<\/p>\n<p>Bir Ada&#8217;l\u0131 ayd\u0131n ekliyordu: 20 y\u0131l sonra da olsa Heybeliada Halk K\u00fct\u00fcphanesi levhas\u0131n\u0131 asaca\u011f\u0131z!<\/p>\n<p>Unutmayal\u0131m: K\u00fct\u00fcphane istemek, g\u00fczel bir d\u00fcnya istemektir.<\/p>\n<p>Bize do\u011fru gelen, k\u00fct\u00fcphanesini istemeye karar veren adal\u0131 kedi de \u015f\u00f6yle diyordu: G\u00fczelli\u011fi istemekten vazge\u00e7meyelim!&#8221; dedi.<\/p>\n","protected":false},"excerpt":{"rendered":"<p>Heybeliada halk\u0131, 2008\u2019den beri bo\u015f olan, bah\u00e7esine \u00e7\u00f6p bo\u015falt\u0131lan Triandafilidis K\u00f6\u015fk\u00fc\u2019n\u00fcn yeniden k\u00fct\u00fcphane olarak hizmet vermesi i\u00e7in 2013 y\u0131l\u0131nda Heybeliada K\u00fct\u00fcphane Giri\u015fimi\u2019ni kurmu\u015f, giri\u015fimden Heybeliada K\u00fct\u00fcphane Derne\u011fi ortaya \u00e7\u0131km\u0131\u015ft\u0131. Prof.Dr. B\u00fclent YILMAZ konu\u015fmac\u0131 olarak kat\u0131ld\u0131\u011f\u0131 bir panel sonras\u0131nda, Ada halk\u0131n\u0131n k\u00fct\u00fcphaneye olan \u00f6zlem ve isteklerini anlatan bir yaz\u0131 payla\u015ft\u0131.<\/p>\n","protected":false},"author":1,"featured_media":27076,"comment_status":"open","ping_status":"open","sticky":false,"template":"","format":"standard","meta":{"footnotes":""},"categories":[1,1502],"tags":[805],"class_list":["post-27074","post","type-post","status-publish","format-standard","has-post-thumbnail","hentry","category-genel","category-prof-dr-bulent-yilmaz","tag-heybeliada-kutuphanesi"],"_links":{"self":[{"href":"https:\/\/www.bbyhaber.com\/bby\/wp-json\/wp\/v2\/posts\/27074"}],"collection":[{"href":"https:\/\/www.bbyhaber.com\/bby\/wp-json\/wp\/v2\/posts"}],"about":[{"href":"https:\/\/www.bbyhaber.com\/bby\/wp-json\/wp\/v2\/types\/post"}],"author":[{"embeddable":true,"href":"https:\/\/www.bbyhaber.com\/bby\/wp-json\/wp\/v2\/users\/1"}],"replies":[{"embeddable":true,"href":"https:\/\/www.bbyhaber.com\/bby\/wp-json\/wp\/v2\/comments?post=27074"}],"version-history":[{"count":4,"href":"https:\/\/www.bbyhaber.com\/bby\/wp-json\/wp\/v2\/posts\/27074\/revisions"}],"predecessor-version":[{"id":27087,"href":"https:\/\/www.bbyhaber.com\/bby\/wp-json\/wp\/v2\/posts\/27074\/revisions\/27087"}],"wp:featuredmedia":[{"embeddable":true,"href":"https:\/\/www.bbyhaber.com\/bby\/wp-json\/wp\/v2\/media\/27076"}],"wp:attachment":[{"href":"https:\/\/www.bbyhaber.com\/bby\/wp-json\/wp\/v2\/media?parent=27074"}],"wp:term":[{"taxonomy":"category","embeddable":true,"href":"https:\/\/www.bbyhaber.com\/bby\/wp-json\/wp\/v2\/categories?post=27074"},{"taxonomy":"post_tag","embeddable":true,"href":"https:\/\/www.bbyhaber.com\/bby\/wp-json\/wp\/v2\/tags?post=27074"}],"curies":[{"name":"wp","href":"https:\/\/api.w.org\/{rel}","templated":true}]}}