{"id":27055,"date":"2019-09-09T16:08:57","date_gmt":"2019-09-09T13:08:57","guid":{"rendered":"http:\/\/www.bbyhaber.com\/bby\/?p=27055"},"modified":"2019-09-09T16:15:44","modified_gmt":"2019-09-09T13:15:44","slug":"meslektasimiz-aydin-ileri-hala-surgunde","status":"publish","type":"post","link":"https:\/\/www.bbyhaber.com\/bby\/2019\/09\/09\/meslektasimiz-aydin-ileri-hala-surgunde","title":{"rendered":"Meslekta\u015f\u0131m\u0131z Ayd\u0131n \u0130LER\u0130 hala s\u00fcrg\u00fcnde!"},"content":{"rendered":"<p><a href=\"http:\/\/www.bbyhaber.com\/bby\/wp-content\/uploads\/2019\/09\/aydin-ileri-mobbing.jpg\"><img loading=\"lazy\" decoding=\"async\" class=\"alignleft size-full wp-image-27057\" src=\"http:\/\/www.bbyhaber.com\/bby\/wp-content\/uploads\/2019\/09\/aydin-ileri-mobbing.jpg\" alt=\"\" width=\"390\" height=\"180\" \/><\/a>K\u00fct\u00fcphanecilik g\u00f6revini icra ederken, y\u00f6netim ile s\u0131rf siyasi g\u00f6r\u00fc\u015fleri uyu\u015fmad\u0131\u011f\u0131 i\u00e7in temizlik deposuna s\u00fcrg\u00fcn edilen meslekta\u015f\u0131m\u0131z <strong>Ayd\u0131n \u0130LER\u0130<\/strong> hala g\u00f6revine iade edilmedi. A\u011fustos ay\u0131n\u0131n ortalar\u0131ndan g\u00fcn\u00fcm\u00fcze de\u011fin hem yerel bas\u0131n\u0131n hem de ulusal baz\u0131 bas\u0131n sitelerinin de <strong><a href=\"https:\/\/www.bbyhaber.com\/bby\/2019\/08\/16\/meslektasimiza-mobbing-gunes-almayan-zemin-katta-depoya-gorevlendirdiler\" target=\"_blank\" rel=\"noopener\">g\u00fcndemine ta\u015f\u0131d\u0131\u011f\u0131<\/a><\/strong> bu s\u00fcrg\u00fcn olay\u0131 halen de g\u00fcndemde yerini korumaktad\u0131r. Meslekta\u015f\u0131m\u0131z k\u00fct\u00fcphanecilik hizmetini ger\u00e7ekle\u015ftirmesi gerekirken, s\u00fcrg\u00fcn edildi\u011fi temizlik deposunda, son derece k\u00f6t\u00fc \u015fartlar alt\u0131nda m\u00fccadele etmeye \u00e7al\u0131\u015fmaktad\u0131r.<!--more--><\/p>\n<p>Bu s\u00fcre zarf\u0131 i\u00e7erisinde de; \u00e7o\u011fu meslekta\u015f\u0131m\u0131z\u0131n baz\u0131 konular\u0131 tart\u0131\u015ft\u0131\u011f\u0131, herkesin fikir al\u0131\u015fveri\u015fi yapt\u0131\u011f\u0131 ve herkesin bildi\u011fi bir <strong>mesleki tart\u0131\u015fma\u00a0e-mail listesinde<\/strong> ise hi\u00e7bir \u015fekilde maalesef g\u00fcndem olamad\u0131, bu durum ger\u00e7ekten \u00e7ok \u00fcz\u00fcc\u00fcd\u00fcr. Kendisine bu zor zamanlarda mesleki dayan\u0131\u015fman\u0131n verece\u011fi g\u00fc\u00e7 ile destek olunmas\u0131 gerekirken, elle say\u0131lacak birka\u00e7 ki\u015fi haricinde hi\u00e7bir deste\u011fin gelmemesi ayr\u0131ca \u00fcz\u00fcc\u00fc bir durum olarak tarihe not d\u00fc\u015f\u00fclm\u00fc\u015ft\u00fcr.<\/p>\n<p>Bu olaya mesleki a\u00e7\u0131dan bak\u0131l\u0131p, meslekta\u015f\u0131m\u0131z\u0131 d\u00fc\u015ft\u00fc\u011f\u00fc bu kuyudan kendisine destek olarak hep birlikte \u00e7\u0131kartmam\u0131z gerekir. Bug\u00fcn O&#8217;na reva g\u00f6r\u00fclen s\u00fcrg\u00fcn hayat\u0131 yar\u0131n bizlere de gelmeden, siyasi g\u00f6r\u00fc\u015f\u00fc ne olursa olsun, <strong><em>mesle\u011fini en iyi \u015fekilde icra eden meslekta\u015flar\u0131m\u0131z\u0131n hi\u00e7biri s\u0131rf farkl\u0131 d\u00fc\u015f\u00fcncelere sahip diye siyasi lince u\u011framamal\u0131d\u0131r.\u00a0<\/em><\/strong><\/p>\n","protected":false},"excerpt":{"rendered":"<p>K\u00fct\u00fcphanecilik g\u00f6revini icra ederken, y\u00f6netim ile s\u0131rf siyasi g\u00f6r\u00fc\u015fleri uyu\u015fmad\u0131\u011f\u0131 i\u00e7in temizlik deposuna s\u00fcrg\u00fcn edilen meslekta\u015f\u0131m\u0131z Ayd\u0131n \u0130LER\u0130 hala g\u00f6revine iade edilmedi. A\u011fustos ay\u0131n\u0131n ortalar\u0131ndan g\u00fcn\u00fcm\u00fcze de\u011fin hem yerel bas\u0131n\u0131n hem de ulusal baz\u0131 bas\u0131n sitelerinin de g\u00fcndemine ta\u015f\u0131d\u0131\u011f\u0131 bu s\u00fcrg\u00fcn olay\u0131 halen de g\u00fcndemde yerini korumaktad\u0131r. Meslekta\u015f\u0131m\u0131z k\u00fct\u00fcphanecilik hizmetini ger\u00e7ekle\u015ftirmesi gerekirken, s\u00fcrg\u00fcn edildi\u011fi temizlik [&hellip;]<\/p>\n","protected":false},"author":1,"featured_media":27057,"comment_status":"open","ping_status":"open","sticky":false,"template":"","format":"standard","meta":{"footnotes":""},"categories":[1476,1],"tags":[1204],"class_list":["post-27055","post","type-post","status-publish","format-standard","has-post-thumbnail","hentry","category-aydin-ileri","category-genel","tag-kutuphaneciye-mobbing"],"_links":{"self":[{"href":"https:\/\/www.bbyhaber.com\/bby\/wp-json\/wp\/v2\/posts\/27055"}],"collection":[{"href":"https:\/\/www.bbyhaber.com\/bby\/wp-json\/wp\/v2\/posts"}],"about":[{"href":"https:\/\/www.bbyhaber.com\/bby\/wp-json\/wp\/v2\/types\/post"}],"author":[{"embeddable":true,"href":"https:\/\/www.bbyhaber.com\/bby\/wp-json\/wp\/v2\/users\/1"}],"replies":[{"embeddable":true,"href":"https:\/\/www.bbyhaber.com\/bby\/wp-json\/wp\/v2\/comments?post=27055"}],"version-history":[{"count":2,"href":"https:\/\/www.bbyhaber.com\/bby\/wp-json\/wp\/v2\/posts\/27055\/revisions"}],"predecessor-version":[{"id":27059,"href":"https:\/\/www.bbyhaber.com\/bby\/wp-json\/wp\/v2\/posts\/27055\/revisions\/27059"}],"wp:featuredmedia":[{"embeddable":true,"href":"https:\/\/www.bbyhaber.com\/bby\/wp-json\/wp\/v2\/media\/27057"}],"wp:attachment":[{"href":"https:\/\/www.bbyhaber.com\/bby\/wp-json\/wp\/v2\/media?parent=27055"}],"wp:term":[{"taxonomy":"category","embeddable":true,"href":"https:\/\/www.bbyhaber.com\/bby\/wp-json\/wp\/v2\/categories?post=27055"},{"taxonomy":"post_tag","embeddable":true,"href":"https:\/\/www.bbyhaber.com\/bby\/wp-json\/wp\/v2\/tags?post=27055"}],"curies":[{"name":"wp","href":"https:\/\/api.w.org\/{rel}","templated":true}]}}