{"id":27027,"date":"2019-09-02T13:22:12","date_gmt":"2019-09-02T10:22:12","guid":{"rendered":"http:\/\/www.bbyhaber.com\/bby\/?p=27027"},"modified":"2019-09-02T13:53:55","modified_gmt":"2019-09-02T10:53:55","slug":"kitaplik-mi-kutuphane-mi-prof-dr-bulent-yilmaz","status":"publish","type":"post","link":"https:\/\/www.bbyhaber.com\/bby\/2019\/09\/02\/kitaplik-mi-kutuphane-mi-prof-dr-bulent-yilmaz","title":{"rendered":"Kitapl\u0131k m\u0131, K\u00fct\u00fcphane mi? | Prof. Dr. B\u00fclent Y\u0131lmaz"},"content":{"rendered":"<p>[avatar user=&#8221;bulentyilmaz&#8221; \/]<a href=\"http:\/\/www.bbyhaber.com\/bby\/author\/bulentyilmaz\"><br \/>\nProf.Dr.B\u00fclent YILMAZ<\/a><br \/>\n<strong>Hacettepe \u00dcniversitesi BBY B\u00f6l\u00fcm\u00fc \u00d6\u011fretim \u00dcyesi<\/strong><\/p>\n<p><a href=\"http:\/\/www.bbyhaber.com\/bby\/wp-content\/uploads\/2019\/09\/kutuphane-kitaplik-iliskisi2.jpg\"><img loading=\"lazy\" decoding=\"async\" class=\"alignleft size-full wp-image-27028\" src=\"http:\/\/www.bbyhaber.com\/bby\/wp-content\/uploads\/2019\/09\/kutuphane-kitaplik-iliskisi2.jpg\" alt=\"\" width=\"390\" height=\"180\" \/><\/a>Kitapl\u0131k ve k\u00fct\u00fcphane kavramlar\u0131 birbirinin yerine kullan\u0131labilir mi? Ayn\u0131 anlama m\u0131 sahipler? Kavramsal ve terminolojik olarak aralar\u0131nda fark var m\u0131? Varsa nedir? Nerede k\u00fct\u00fcphane, nerede kitapl\u0131k demeliyiz?<\/p>\n<p>\u201cH\u00e2l\u00e2 bu konuyu mu konu\u015fup, tart\u0131\u015faca\u011f\u0131z; bu konu eskide kalmad\u0131 m\u0131\u201d diye d\u00fc\u015f\u00fcnenlerimiz olabilir.<!--more--><\/p>\n<p>Ancak konuyu arada bir tart\u0131\u015fma masas\u0131na yat\u0131rmakta ve g\u00fcndeme getirmekte yarar olabilir. \u00c7\u00fcnk\u00fc bu iki kavram\u0131n ayn\u0131 anlamda ve birbirinin yerine kullan\u0131ld\u0131\u011f\u0131na h\u00e2l\u00e2 rastl\u0131yoruz. Bu yanl\u0131\u015f kullan\u0131m \u00f6zellikle alan d\u0131\u015f\u0131nda daha yayg\u0131n; aradaki ayr\u0131m (fark) g\u00f6z ard\u0131 ediliyor. Bunun da \u00f6tesinde T\u00fcrk Dil Kurumu\u2019nun halen eri\u015fime a\u00e7\u0131k \u00e7evrimi\u00e7i resmi T\u00fcrk\u00e7e S\u00f6zl\u00fc\u011f\u00fcnde <em>k\u00fct\u00fcphane<\/em> terimi \u201ckitapl\u0131k\u201d olarak tan\u0131mlanm\u0131\u015f durumda. Yani ikisi ayn\u0131 kavramlar olarak kabul edilmi\u015f. Ayr\u0131ca bilindi\u011fi \u00fczere, 1974 y\u0131l\u0131nda Prof. Dr. Berin U. Yurdado\u011f Hoca taraf\u0131ndan haz\u0131rlanarak T\u00fcrk Dil Kurumu yay\u0131nlar\u0131 aras\u0131ndan \u00e7\u0131kan ve alan\u0131m\u0131z\u0131n bu nitelikte ilk ve tek T\u00fcrk\u00e7e\u00a0 s\u00f6zl\u00fc\u011f\u00fc say\u0131lan eserin ad\u0131 da \u201c<em>Kitapl\u0131kbilim Terimleri S\u00f6zl\u00fc\u011f\u00fc<\/em>\u201dd\u00fcr.<\/p>\n<p>Asl\u0131nda beni bu konuda yazmaya Lydia Pyne\u2019nin yenice okudu\u011fum ve 2019 y\u0131l\u0131nda \u0130thaki Yay\u0131nlar\u0131ndan yay\u0131mlanan \u201c<em>Kitapl\u0131k\u201d<\/em> adl\u0131 eseri y\u00f6neltti. (Bu arada, s\u00f6z konusu kitab\u0131 sizlere de \u00f6neririm.)<\/p>\n<p>\u00c7ok uzun tart\u0131\u015fmayaca\u011f\u0131m. Ancak yaz\u0131 biraz akademik olmak zorunda.<\/p>\n<p>G\u00f6r\u00fc\u015flerimi k\u0131saca \u015f\u00f6yle a\u00e7\u0131klayay\u0131m:<\/p>\n<p>Arap\u00e7a <em>kutub<\/em> ve Fars\u00e7a \u2013<em>hane<\/em> terimlerinden olu\u015fan <strong>k\u00fct\u00fcphane<\/strong>, bile\u015fik bir s\u00f6zc\u00fck olup, \u201ckitaplar evi\u201d anlam\u0131na gelir. Arap\u00e7a <em>kitap<\/em> terimi ile T\u00fcrk\u00e7e yap\u0131m eki \u2013<em>l\u0131k<\/em>\u2019\u0131n birle\u015fimi ile olu\u015fan <em>kitapl\u0131k<\/em> terimi de \u201ckitap konulan yer\/mek\u00e2n\u201d demektir.<\/p>\n<p>G\u00f6r\u00fcn\u00fcrde ayn\u0131 anlama sahip gibiler. \u0130kisinde de \u201cyer\u201d anlam\u0131 var.<\/p>\n<p>Oysa, bunlar, en az\u0131ndan bence, farkl\u0131lar\u0131 olan kavramlard\u0131r.<\/p>\n<p>Bu iki kavram aras\u0131ndaki fark\u0131 anlamak i\u00e7in bir isme \u2013<em>l\u0131k<\/em> ekinin katt\u0131\u011f\u0131 anlam ile <em>hane<\/em> kavram\u0131n\u0131n katt\u0131\u011f\u0131 anlam aras\u0131ndaki farka bakmak gerekir.<\/p>\n<p>Bakal\u0131m.<\/p>\n<p>Az \u00f6nce belirtti\u011fimiz gibi, <em>-l\u0131k<\/em> eki sonuna geldi\u011fi her hangi bir ismin belirtti\u011fi nesnenin \u201ckonuldu\u011fu yer\u201d anlam\u0131 verir (i\u015flevlerinden birisi budur). \u00d6rne\u011fin, k\u00f6m\u00fcrl\u00fck, k\u00f6m\u00fcr konulan yer; gazetelik, gazete konulan yer (gere\u00e7); samanl\u0131k, saman konulan yer ve \u00e7\u00f6pl\u00fck, \u00e7\u00f6p konulan yer gibi d\u00fc\u015f\u00fcn\u00fclebilir.<\/p>\n<p><em>-hane<\/em> s\u00f6zc\u00fc\u011f\u00fc de sonuna geldi\u011fi isme yer, mek\u00e2n, ev, konut anlam\u0131 katar. \u00d6rne\u011fin, bal\u0131khane, bal\u0131klar\u0131n konuldu\u011fu, al\u0131nd\u0131\u011f\u0131-sat\u0131ld\u0131\u011f\u0131 mek\u00e2n\/yer; yaz\u0131hane, yaz\u0131 yaz\u0131lan mek\u00e2n; yatakhane, yat\u0131lan mek\u00e2n\/yer.<\/p>\n<p>Kan\u0131mca bu iki kavram aras\u0131ndaki ilk fark \u015fu: <em>-l\u0131k<\/em> ekinin verdi\u011fi \u201cyer\/mek\u00e2n\u201d anlam\u0131nda \u201ceylem (hareket) durumu\u201d yok ya da \u00e7ok s\u0131n\u0131rl\u0131. Yani <em>\u2013l\u0131k<\/em> ekli terimde a\u011f\u0131rl\u0131kla \u00a0o nesneyi (gazeteyi, k\u00f6m\u00fcr\u00fc, saman\u0131) koydu\u011fumuz-ald\u0131\u011f\u0131m\u0131z ve korudu\u011fumuz yer anlam\u0131 var. Oysa \u201c<em>hane<\/em>\u201d s\u00f6zc\u00fc\u011f\u00fcn\u00fcn verdi\u011fi \u201cyer\/mek\u00e2n\u201d anlam\u0131nda bir eylemlilik (hareketlilik) vard\u0131r. \u00d6rne\u011fin, <em>kahvehane<\/em> dendi\u011finde oturulan, sohbet edilen, oyun oynanan vb. eylemler (hareketler) s\u00f6z konusudur. Ya da <em>bal\u0131khane<\/em> dedi\u011fimizde yine bal\u0131k alma, satma belki pi\u015firme, yeme gibi eylemleri d\u00fc\u015f\u00fcnebiliriz. <em>Yaz\u0131hane<\/em> kavram\u0131nda da benzer durum var; \u201cyaz\u0131 yazma\u201d eylemi s\u00f6z konusu. <em>\u00c7ama\u015f\u0131rhane<\/em>, \u00e7ama\u015f\u0131rlar\u0131n hem kondu\u011fu ama ayn\u0131 zamanda y\u0131kand\u0131\u011f\u0131 yer. Evet, <em>hane<\/em> kavram\u0131 sonuna geldi\u011fi terime, \u201ckonulan\/korunan yer\u201d anlam\u0131 kat\u0131yor ancak bunun \u00f6tesinde bir <em>eylemlilik<\/em> (<em>hareketlilik<\/em>) anlam\u0131 da y\u00fckl\u00fcyor.<\/p>\n<p>Ayr\u0131ca, <em>hane<\/em> \u201cev\u201d anlam\u0131na gelen ve bir \u00e7ok b\u00f6l\u00fcmden (oda, mutfak, banyo vb.) olu\u015fan mek\u00e2nd\u0131r. <em>\u2013l\u0131k<\/em> ekli mek\u00e2nlar\u0131n ise\u00a0 genelde tek eylemin (genelde bulundurulma-tutma-korunma) oldu\u011fu tek b\u00f6l\u00fcml\u00fc yer anlam\u0131 vard\u0131r.<\/p>\n<p>Bu iki kavram aras\u0131nda \u00e7ok \u00f6nemli bir fark da \u015fudur: &#8211;<em>l\u0131k<\/em> eki ile olu\u015fturdu\u011fumuz terimlerde mek\u00e2n\/yer anlam\u0131n\u0131n yan\u0131 s\u0131ra \u201cgere\u00e7\u201d anlam\u0131 da vard\u0131r. Oysa, <em>hane<\/em>\u2019de b\u00f6yle bir anlam olmaz. \u00d6rne\u011fin, <em>gazetelik<\/em>, gazeteleri koydu\u011fumuz raf, kutu vb. gere\u00e7 anlam\u0131na gelir. <em>Ekmeklik<\/em>, <em>kalemlik<\/em> kavramlar\u0131nda da \u00f6yle: Ekmekleri, kalemleri koydu\u011fumuz kutuyu (gereci) kastederiz. <em>Suluk<\/em>, su koydu\u011fumuz kapt\u0131r. \u00a0\u201c<em>Ekmekhane, kalemhane, suhane\u201d<\/em> demeyiz. \u00d6rne\u011fin, b\u00fcy\u00fck ma\u011fazalarda kitaplar\u0131m\u0131z\u0131 koymak i\u00e7in \u201ckitapl\u0131k\u201d sat\u0131l\u0131r, \u201ck\u00fct\u00fcphane\u201d sat\u0131lmaz.<\/p>\n<p>Bir ba\u015fka fark olarak<em> -l\u0131k<\/em> ekli yerlerin, <em>hane<\/em> ekli yerlere g\u00f6re genelde daha k\u00fc\u00e7\u00fck mek\u00e2nlar\u0131 ifade etti\u011fi de d\u00fc\u015f\u00fcn\u00fclebilir. Odunluk, k\u00f6m\u00fcrl\u00fck, samanl\u0131k vb. gibi.<\/p>\n<p><strong>\u015eimdi, <em>-l\u0131k<\/em> ekli yer terimleri ile <em>hane<\/em> ekli yer terimleri aras\u0131ndaki farklar\u0131 \u00f6zetleyelim: <\/strong><\/p>\n<ul>\n<li><em>-l\u0131k<\/em> yap\u0131m ekli s\u00f6zc\u00fcklerde a\u011f\u0131rl\u0131kla bir \u015feylerin \u201ckonuldu\u011fu ve korundu\u011fu hareketsiz (ya da s\u0131n\u0131rl\u0131 hareketin oldu\u011fu) mek\u00e2n\/ortam\u201d anlam\u0131 vard\u0131r. Oysa <em>hane<\/em>\u2019de bir \u015feylerin konuldu\u011fu ve korundu\u011fu yer anlam\u0131n\u0131n yan\u0131 s\u0131ra \u201ckonulan nesne ile ilgili olabilecek eylemlerin (hareketlerin\/i\u015flerin) yap\u0131ld\u0131\u011f\u0131 mek\u00e2n\/ortam\u201d anlam\u0131 da s\u00f6z konusudur.<\/li>\n<li>\u2013<em>l\u0131k<\/em> yap\u0131m eki ile olu\u015fturulan s\u00f6zc\u00fcklerin bazen \u201cgere\u00e7\u201d anlam\u0131 varken, <em>hane<\/em> ile olu\u015fturulan s\u00f6zc\u00fcklerde \u201cgere\u00e7\u201d anlam\u0131 bulunmaz.<\/li>\n<li>\u2013<em>l\u0131k<\/em> ekli s\u00f6zc\u00fcklerle olu\u015fturulan yerler <em>hane<\/em> s\u00f6zc\u00fc\u011f\u00fc ile olu\u015fturulan yerlere g\u00f6re genelde daha k\u00fc\u00e7\u00fck mek\u00e2nlar\u0131 ifade eder.<\/li>\n<li><em>\u2013l\u0131k<\/em> eki ile olu\u015fturdu\u011fumuz yerler genelde tek b\u00f6l\u00fcml\u00fc mek\u00e2nlar\u0131 anlat\u0131rken, <em>hane<\/em> ekli yer terimleri birden \u00e7ok b\u00f6l\u00fcml\u00fc mek\u00e2nlar\u0131 anlat\u0131r.<\/li>\n<\/ul>\n<p><strong>Buraya kadar a\u00e7\u0131klanmaya \u00e7al\u0131\u015f\u0131lan kavramsal yakla\u015f\u0131m\u0131 <em>kitapl\u0131k-k\u00fct\u00fcphane<\/em> ba\u011flam\u0131nda \u015f\u00f6yle d\u00fc\u015f\u00fcnebiliriz:<\/strong><\/p>\n<ol>\n<li><strong><em>Kitapl\u0131k<\/em><\/strong>, kitaplar\u0131n konuldu\u011fu, tutldu\u011fu, korundu\u011fu ve belki sadece al\u0131nd\u0131\u011f\u0131-yerine kondu\u011fu bir yer\/mek\u00e2n iken, <strong><em>k\u00fct\u00fcphane,<\/em><\/strong> kitaplar\u0131n konuldu\u011fu, korundu\u011fu, al\u0131n\u0131p-verildi\u011fi ancak bunun \u00f6tesinde ilgili bir \u00e7ok ba\u015fka i\u015flemin yap\u0131ld\u0131\u011f\u0131, hizmetlerin sunuldu\u011fu hareketli bir mek\u00e2n\u0131 ifade eder.<\/li>\n<li>\u0130lk maddedeki a\u00e7\u0131klamaya dayanarak \u201c<strong><em>kitapl\u0131kta<\/em><\/strong> temel i\u015flev genelde kitaplar\u0131n bulundurulmas\u0131 ve korunmas\u0131\u201d iken, <strong><em>k\u00fct\u00fcphanede<\/em><\/strong> bu ana i\u015flev \u201ckulland\u0131rmad\u0131r\u201d diyebiliriz.<\/li>\n<li>Genel olarak,<strong> <em>kitapl\u0131k<\/em><\/strong> k\u00fc\u00e7\u00fck, <strong><em>k\u00fct\u00fcphane<\/em><\/strong> ise daha b\u00fcy\u00fck bir mek\u00e2n\u0131 ifade eder.<\/li>\n<li><strong><em>Kitapl\u0131k<\/em><\/strong> genellikle raflar\u0131n, masalar\u0131n, varsa kullan\u0131c\u0131lar\u0131n, \u00e7al\u0131\u015fan(lar)\u0131n birlikte yer ald\u0131\u011f\u0131 tek bir b\u00f6l\u00fcmden olu\u015fur; <strong><em>k\u00fct\u00fcphane<\/em><\/strong> ise farkl\u0131 i\u015flem ve hizmetlerin ger\u00e7ekle\u015fti\u011fi bir\u00e7ok b\u00f6l\u00fcm\u00fc i\u00e7erir.<\/li>\n<li><strong><em>Kitapl\u0131k,<\/em><\/strong> ayn\u0131 zamanda, raflar\u0131n birle\u015ftirilmesiyle olu\u015fan ve kitaplar\u0131n konuldu\u011fu tahta, metal vb. <strong><em>gereci<\/em><\/strong> ifade ederken, <strong><em>k\u00fct\u00fcphanenin<\/em><\/strong> bir <strong><em>gere\u00e7<\/em><\/strong> anlam\u0131 yoktur. \u0130ngilizce\u2019de <strong><em>kitapl\u0131k<\/em><\/strong> daha \u00e7ok <em>bookcase<\/em> ya da <em>bookshelf<\/em> olarak adland\u0131r\u0131l\u0131r. <strong><em>K\u00fct\u00fcphane<\/em><\/strong> bilindi\u011fi gibi \u201c<em>library<\/em>\u201ddir. <strong><em>Kitapl\u0131k<\/em><\/strong> terimi i\u00e7in \u0130nglizcede bazen <em>library<\/em>\u2019i de kullan\u0131l\u0131r ama <strong><em>k\u00fct\u00fcphane<\/em><\/strong> i\u00e7in <em>bookcase<\/em> ya da <em>bookshelf<\/em> terimleri kullan\u0131lmaz.\u00a0 Nitekim, yukar\u0131da okudu\u011fumu belirtti\u011fim kitab\u0131n \u00f6zg\u00fcn (original) ad\u0131n\u0131n <strong><em>Bookshelf<\/em><\/strong> oldu\u011funu s\u00f6ylemeliyim ve kitapta ger\u00e7ekten k\u00fct\u00fcphanelerin de\u011fil <strong><em>gere\u00e7 anlam\u0131yla<\/em><\/strong> <strong><em>kitapl\u0131klar\u0131n <\/em><\/strong><em>(raf sistemleri, tahta-metal kitapl\u0131klar, zincirli kitapl\u0131klar vb.)<strong> de\u011fi\u015fim<\/strong><\/em> tarihi anlat\u0131lmaktad\u0131r. S\u00f6z konusu kitab\u0131n bir\u00e7ok c\u00fcmlesinde \u201c<em>k\u00fct\u00fcphanedeki kitapl\u0131klar<\/em>\u201d ifadesi kullan\u0131lm\u0131\u015ft\u0131r.<\/li>\n<\/ol>\n<p>K\u0131saca, kitapl\u0131k k\u00fct\u00fcphane de\u011fildir. Ayn\u0131 anlamda kullan\u0131lmamal\u0131d\u0131r. Evimizde, odam\u0131zda, k\u00fc\u00e7\u00fck bir okulda sadece kitap koyup, ald\u0131\u011f\u0131m\u0131z mek\u00e2n ya da gere\u00e7 kitapl\u0131kt\u0131r. Oysa i\u00e7inde gezip dola\u015ft\u0131\u011f\u0131m\u0131z, \u00e7e\u015fitli etkinliklere kat\u0131ld\u0131\u011f\u0131m\u0131z, bir \u00e7ok farkl\u0131 i\u015flem ve hizmetin ger\u00e7ekle\u015ftirildi\u011fi mek\u00e2n k\u00fct\u00fcphanedir. Kitapl\u0131kta genelde temel i\u015flev koruma iken, k\u00fct\u00fcphanede bu ana i\u015flev kulland\u0131rmad\u0131r.<\/p>\n<p>Ku\u015fkusuz konu ile ilgili farkl\u0131 yakla\u015f\u0131mlar s\u00f6z konusu olabilir; tart\u0131\u015f\u0131labilir.<\/p>\n<p>Bu konuda bizi kavramsal yanl\u0131\u015fa d\u00fc\u015f\u00fcren noktalardan birisi bazen k\u00fct\u00fcphane olan mek\u00e2nlara kitapl\u0131k ad\u0131n\u0131n verilmesi, bazen de kitapl\u0131klara k\u00fct\u00fcphane denmesidir. (T\u0131pk\u0131 \u00fclkemizde k\u00fct\u00fcphanlere k\u0131raathane tabelalar\u0131n\u0131n as\u0131lmaya ba\u015flanmas\u0131 gibi.) Kavramlar\u0131n i\u00e7ini istedi\u011fimiz gibi dolduramay\u0131z. Dil bir bilimdir; kavramlar\u0131 bilimsel yakla\u015f\u0131mla \u00e7\u00f6z\u00fcmlemeli ve\u00a0 kullanmal\u0131y\u0131z.<\/p>\n<p>Burada sorunun bir ba\u015fka kayna\u011f\u0131 da hem k\u00fct\u00fcphane hem de kitapl\u0131k terimlerinin T\u00fcrk\u00e7e olmamas\u0131d\u0131r. <em>K\u00fct\u00fcphane<\/em> Arap\u00e7a-Fars\u00e7a bir terim, kitapl\u0131k ise Arap\u00e7a bir s\u00f6zc\u00fc\u011fe T\u00fcrk\u00e7e yap\u0131m eki eklenmi\u015f bir terimdir. Ke\u015fke bu iki kavram i\u00e7in \u00f6zt\u00fcrk\u00e7e terimler \u00fcretebilseydik. Bilgi temelli baz\u0131 kavramlar (bilgievi gibi) \u00f6nerilebilir ama yakla\u015f\u0131k 100-150 y\u0131ld\u0131r kullan\u0131lan ve dilimize yerle\u015fmi\u015f bir terimi zorlamak da ne kadar do\u011fru olur, tart\u0131\u015fmak gerek.<\/p>\n<p>Belirtilmesi gereken bir ba\u015fka nokta da \u015fudur: <em>\u2013l\u0131k<\/em>\u2019\u0131n da i\u00e7inde yer ald\u0131\u011f\u0131 yap\u0131m ekleri T\u00fcrk\u00e7enin \u00fcretim ve zenginle\u015fme g\u00fcc\u00fcn\u00fc besleyen \u00e7ok \u00f6nemli dil bile\u015fenleridir. Burada, <em>\u2013l\u0131k<\/em> ekine ya da \u00f6zt\u00fcrk\u00e7eye ili\u015fkin olumsuz bir tutum asla s\u00f6z konusu de\u011fildir. Yanl\u0131\u015f anla\u015f\u0131lmas\u0131n!<\/p>\n<p>Bir de <em>-l\u0131k<\/em> eki ve <em>hane<\/em> terimini tart\u0131\u015f\u0131rken ilgili c\u00fcmlelerde \u201cgenelde\/genellikle\u201d s\u00f6zc\u00fcklerini kullanma gere\u011fi duyduk. \u00c7\u00fcnk\u00fc dilde de istisnalar olabiliyor. Dolay\u0131s\u0131yla gerek tan\u0131mlamalarda gerekse \u00f6rneklerde farkl\u0131 istisnalar olabilir. Bunu da g\u00f6z ard\u0131 etmemek gerekir.<\/p>\n<p>Evet, kitapl\u0131k m\u0131, k\u00fct\u00fcphane mi?<\/p>\n<p>Anlamsal olarak benzerlik ve farkl\u0131l\u0131klar\u0131n\u0131 \u00e7ok iyi bilmemiz, anlatmam\u0131z ve kullan\u0131rken \u00e7ok dikkatli olmam\u0131z gerekir.<\/p>\n<p>Hele de biz k\u00fct\u00fcphanecilerin!<\/p>\n","protected":false},"excerpt":{"rendered":"<p>[avatar user=&#8221;bulentyilmaz&#8221; \/] Prof.Dr.B\u00fclent YILMAZ Hacettepe \u00dcniversitesi BBY B\u00f6l\u00fcm\u00fc \u00d6\u011fretim \u00dcyesi Kitapl\u0131k ve k\u00fct\u00fcphane kavramlar\u0131 birbirinin yerine kullan\u0131labilir mi? Ayn\u0131 anlama m\u0131 sahipler? Kavramsal ve terminolojik olarak aralar\u0131nda fark var m\u0131? Varsa nedir? Nerede k\u00fct\u00fcphane, nerede kitapl\u0131k demeliyiz? \u201cH\u00e2l\u00e2 bu konuyu mu konu\u015fup, tart\u0131\u015faca\u011f\u0131z; bu konu eskide kalmad\u0131 m\u0131\u201d diye d\u00fc\u015f\u00fcnenlerimiz olabilir.<\/p>\n","protected":false},"author":146,"featured_media":27036,"comment_status":"open","ping_status":"open","sticky":false,"template":"","format":"standard","meta":{"footnotes":""},"categories":[1502],"tags":[1460],"class_list":["post-27027","post","type-post","status-publish","format-standard","has-post-thumbnail","hentry","category-prof-dr-bulent-yilmaz","tag-kose-yazarlari"],"_links":{"self":[{"href":"https:\/\/www.bbyhaber.com\/bby\/wp-json\/wp\/v2\/posts\/27027"}],"collection":[{"href":"https:\/\/www.bbyhaber.com\/bby\/wp-json\/wp\/v2\/posts"}],"about":[{"href":"https:\/\/www.bbyhaber.com\/bby\/wp-json\/wp\/v2\/types\/post"}],"author":[{"embeddable":true,"href":"https:\/\/www.bbyhaber.com\/bby\/wp-json\/wp\/v2\/users\/146"}],"replies":[{"embeddable":true,"href":"https:\/\/www.bbyhaber.com\/bby\/wp-json\/wp\/v2\/comments?post=27027"}],"version-history":[{"count":4,"href":"https:\/\/www.bbyhaber.com\/bby\/wp-json\/wp\/v2\/posts\/27027\/revisions"}],"predecessor-version":[{"id":27037,"href":"https:\/\/www.bbyhaber.com\/bby\/wp-json\/wp\/v2\/posts\/27027\/revisions\/27037"}],"wp:featuredmedia":[{"embeddable":true,"href":"https:\/\/www.bbyhaber.com\/bby\/wp-json\/wp\/v2\/media\/27036"}],"wp:attachment":[{"href":"https:\/\/www.bbyhaber.com\/bby\/wp-json\/wp\/v2\/media?parent=27027"}],"wp:term":[{"taxonomy":"category","embeddable":true,"href":"https:\/\/www.bbyhaber.com\/bby\/wp-json\/wp\/v2\/categories?post=27027"},{"taxonomy":"post_tag","embeddable":true,"href":"https:\/\/www.bbyhaber.com\/bby\/wp-json\/wp\/v2\/tags?post=27027"}],"curies":[{"name":"wp","href":"https:\/\/api.w.org\/{rel}","templated":true}]}}