{"id":27021,"date":"2019-08-27T17:19:20","date_gmt":"2019-08-27T14:19:20","guid":{"rendered":"http:\/\/www.bbyhaber.com\/bby\/?p=27021"},"modified":"2019-08-27T17:20:31","modified_gmt":"2019-08-27T14:20:31","slug":"milli-egitim-bakanligi-bir-yonergede-kutuphaneci-istihdamindan-bahsediyor","status":"publish","type":"post","link":"https:\/\/www.bbyhaber.com\/bby\/2019\/08\/27\/milli-egitim-bakanligi-bir-yonergede-kutuphaneci-istihdamindan-bahsediyor","title":{"rendered":"Milli E\u011fitim Bakanl\u0131\u011f\u0131 bir y\u00f6nergede &#8220;K\u00fct\u00fcphaneci&#8221; istihdam\u0131ndan bahsediyor!!!"},"content":{"rendered":"<p><a href=\"http:\/\/www.bbyhaber.com\/bby\/wp-content\/uploads\/2019\/08\/meb-uluslararasi-program-uygulama-yonergesi-yayimlandi.jpg\"><img loading=\"lazy\" decoding=\"async\" class=\"alignleft size-full wp-image-27022\" src=\"http:\/\/www.bbyhaber.com\/bby\/wp-content\/uploads\/2019\/08\/meb-uluslararasi-program-uygulama-yonergesi-yayimlandi.jpg\" alt=\"\" width=\"390\" height=\"180\" \/><\/a>Milli E\u011fitim Bakanl\u0131\u011f\u0131na ba\u011fl\u0131 resmi orta\u00f6\u011fretim kurumlar\u0131n\u0131n<strong> uluslararas\u0131 program uygulamas\u0131na ili\u015fkin usul ve esaslar\u0131 d\u00fczenleyen y\u00f6nergesi 09\/08\/2019 tarihinde<\/strong> <a href=\"http:\/\/ogm.meb.gov.tr\/www\/mill-egitim-bakanligi-ortaogretim-kurumlari-uluslararasi-program-uygulama-yonergesi\/icerik\/794\" target=\"_blank\" rel=\"noopener\"><strong>yay\u0131mland\u0131<\/strong><\/a>. Y\u00f6nergenin &#8220;\u0130nsan kaynaklar\u0131 b\u00f6l\u00fcm\u00fc alt\u0131ndaki MADDE 7 &#8211; (1) Uluslararas\u0131 program uygulayacak okullarda&#8221; k\u0131sm\u0131n\u0131n (d) maddesinde mesle\u011fimize at\u0131fta bulunulmakta<!--more-->; fakat bug\u00fcne de\u011fin MEB &#8220;k\u00fct\u00fcphaneci&#8221; kadrosu\u00a0a\u00e7mam\u0131\u015f ve a\u00e7mamaya da devam etmektedir. B\u00f6yle bir y\u00f6nerge haz\u0131rlan\u0131yor; ama kadro a\u00e7\u0131lm\u0131yor!!!! <strong>Umar\u0131z MEB, y\u00f6nergelerine uyar ve okul k\u00fct\u00fcphanelerine k\u00fct\u00fcphaneci kadrosu a\u00e7ar!<\/strong><\/p>\n<p><strong><a href=\"http:\/\/ogm.meb.gov.tr\/www\/mill-egitim-bakanligi-ortaogretim-kurumlari-uluslararasi-program-uygulama-yonergesi\/icerik\/794\" target=\"_blank\" rel=\"noopener\">Y\u00f6nerge<\/a>&#8216;nin t\u00fcm maddeleri a\u015fa\u011f\u0131daki gibidir:<\/strong><\/p>\n<p>Ama\u00e7<\/p>\n<p>MADDE 1 &#8211; (1)\u00a0Bu Y\u00f6nergenin amac\u0131, Milli E\u011fitim Bakanl\u0131\u011f\u0131na ba\u011fl\u0131 resmi orta\u00f6\u011fretim kurumlar\u0131n\u0131n uluslararas\u0131 program uygulamas\u0131na ili\u015fkin usul ve esaslar\u0131 d\u00fczenlemektir.<\/p>\n<p>Kapsam<\/p>\n<p>MADDE 2 &#8211; (1)\u00a0Bu Y\u00f6nerge, Milli E\u011fitim Bakanl\u0131\u011f\u0131na ba\u011fl\u0131 resmi orta\u00f6\u011fretim kurum lav\u0131n\u0131n uluslararas\u0131 program uygulamas\u0131na ili\u015fkin usul ve esaslar\u0131 kapsar.<\/p>\n<p>Dayanak<\/p>\n<p>MADDE 3 &#8211; (1)\u00a0Bu Y\u00f6nerge; 14\/6\/1973 tarihli ve 1739 say\u0131l\u0131 Milli E\u011fitim Temel Kanunu ile 7\/9\/2013 tarihli ve 2.8758 say\u0131l\u0131 Resmi Gazete&#8217;de yay\u0131mlanan Milli E\u011fitim Bakanl\u0131\u011f\u0131 Orta\u00f6\u011fretim Kurumlan Y\u00f6netmeli\u011fi dayanak al\u0131narak haz\u0131rlanm\u0131\u015ft\u0131r.<\/p>\n<p>Tan\u0131mlar<\/p>\n<p>MADDE 4 &#8211; (1)\u00a0Bu Y\u00f6nergede ge\u00e7en;<\/p>\n<p>a)\u00a0Bakan: Milli E\u011fitim Bakan\u0131n\u0131,<\/p>\n<p>b)\u00a0Bakanl\u0131k: Milli E\u011fitim Bakanl\u0131\u011f\u0131n\u0131,<\/p>\n<p>c)\u00a0Koordinat\u00f6r: Uluslararas\u0131 programlar kapsam\u0131nda y\u00fcr\u00fct\u00fclen e\u011fitim ve \u00f6\u011fretimle ilgili i\u015f ve i\u015flemleri program koordinat\u00f6r\u00fcne ba\u011fl\u0131 olarak program baz\u0131nda y\u00fcr\u00fcten ve koordine sa\u011flayan \u00f6\u011fretmeni\/\u00f6\u011fretmenleri,<\/p>\n<p>\u00e7)\u00a0M\u00fcd\u00fcr: Uluslararas\u0131 program\u0131n\/programlar\u0131n uyguland\u0131\u011f\u0131 Milli E\u011fitim Bakanl\u0131\u011f\u0131na ba\u011fl\u0131 orta\u00f6\u011fretim d\u00fczeyindeki resmi e\u011fitim kurumunun en \u00fcst y\u00f6neticisini,<\/p>\n<p>d)\u00a0Okul: Uluslararas\u0131 program\u0131n\/programlar\u0131n uyguland\u0131\u011f\u0131 Milli E\u011fitim Bakanl\u0131\u011f\u0131na ba\u011fl\u0131 orta\u00f6\u011fretim d\u00fczeyindeki resmi e\u011fitim kurumunu,<\/p>\n<p>e)\u00a0Program Koordinat\u00f6r\u00fc: Uluslararas\u0131 programlar kapsam\u0131nda y\u00fcr\u00fct\u00fclen e\u011fitim ve \u00f6\u011fretimle ilgili i\u015f ve i\u015flemleri ilgili birimlerle koordinesini sa\u011flayan \u00f6\u011fretmeni,<\/p>\n<p>f)\u00a0Taban Puan: Ortaokul veya imam hatip ortaokulunu tamamlayan \u00f6\u011frenciler i\u00e7in orta\u00f6\u011fretime yerle\u015ftirilmelerinde esas alman ve Bakanl\u0131k\u00e7a yap\u0131lan merkezi s\u0131nav sonucunda, merkezi s\u0131navla \u00f6\u011frenci alan e\u011fitim kurulular\u0131nda sm\u0131f d\u00fczeyinde olu\u015fan ve e-Okul sisteminde kay\u0131tl\u0131 bulunan puan\u0131,<\/p>\n<p>g)\u00a0UP: Uluslararas\u0131 Bakalorya (IB), Advanced Placement (AP), Uluslararas\u0131 Genel Orta\u00f6\u011fretim Sertifika Program\u0131 (IGCSE) ile benzer nitelikteki di\u011fer \u00f6\u011fretim programlar\u0131n\u0131 kapsayan uluslararas\u0131 programlar\u0131,<\/p>\n<p>ifade eder.<\/p>\n<p>\u0130lkeler<\/p>\n<p>MADDE 5 &#8211; (1)\u00a0Uluslararas\u0131 programa \u015fartlan uygun olan orta\u00f6\u011fretim kurumlar\u0131nda, UP uygulamas\u0131na yer verilebilir. Bu programlar\u0131n uygulanmas\u0131nda, program\u0131n gerekleri yerine getirilir.<\/p>\n<p>Uluslararas\u0131 program\u0131n ama\u00e7lar\u0131<\/p>\n<p>MADDE 6 &#8211; (1)\u00a0Uluslararas\u0131 programlar\u0131n uygulanmas\u0131ndaki ama\u00e7; \u00fclkemizin ihtiyac\u0131 olan ara\u015ft\u0131ran, sorgulayan, bilgili, ileti\u015fim kuran, a\u00e7\u0131k g\u00f6r\u00fc\u015fl\u00fc, duyarl\u0131, risk alan, dengeli ve d\u00f6n\u00fc\u015f\u00fcml\u00fc d\u00fc\u015f\u00fcnen, kendi alanlar\u0131nda uzman olman\u0131n yan\u0131nda di\u011fer alanlar hakk\u0131nda da genel bir bilgisi olan, uluslararas\u0131 geli\u015fmeleri takip edebilen, hayat boyu \u00f6\u011frenmeye a\u00e7\u0131k, analitik ve ele\u015ftirel d\u00fc\u015f\u00fcnebilen bireyler yeti\u015fmesine katk\u0131 sa\u011flamakt\u0131r.<\/p>\n<p><strong>\u0130nsan kaynaklar\u0131<\/strong><\/p>\n<p><strong>MADDE 7 &#8211;<\/strong> (1)\u00a0Uluslararas\u0131 program uygulayacak okullarda;<\/p>\n<p>a)\u00a0Okul m\u00fcd\u00fcr\u00fcnce, UP kapsam\u0131nda uygulanacak program hakk\u0131nda bilgi sahibi olan bir \u00f6\u011fretmenin program koordinat\u00f6r\u00fc olarak g\u00f6revlendirilmesi,<\/p>\n<p>b)\u00a0Ayn\u0131 okulda birden fazla UP uygulanmas\u0131 durumunda her program\u0131n ba\u015f\u0131na bir \u00f6\u011fretmenin koordinat\u00f6r olarak g\u00f6revlendirilmesi,<\/p>\n<p>c)\u00a0Programda anadilde okutulabilecek dersler ile T\u00fcrk dili ve edebiyat\u0131 dersi hari\u00e7 olmak \u00fczere di\u011fer dersleri, program\u0131n gerektirdi\u011fi yabanc\u0131 dilde okutabilecek ve gerekli kaynak ile yaz\u0131l\u0131mlar\u0131 kullanabilecek \u00f6\u011fretmenlerin g\u00f6revlendirilmesi,<\/p>\n<p>\u00e7)\u00a0UP kapsam\u0131nda okutulmas\u0131 planlanan derslerden herhangi birinde okulun kadrolu \u00f6\u011fretmenlerinden aran\u0131lan nitelikte \u00f6\u011fretmen bulunmamas\u0131 durumunda ilgili mevzuat\u0131 \u00e7er\u00e7evesinde norm durumuna bak\u0131lmaks\u0131z\u0131n ba\u015fka e\u011fitim kurulular\u0131ndan veya \u00fccret kar\u015f\u0131l\u0131\u011f\u0131nda \u00f6\u011fretmen ya da \u00fcniversitelerden \u00f6\u011fretim g\u00f6revlisi g\u00f6revlendirilmesi,<\/p>\n<p><span style=\"color: #ff0000;\"><strong>d)\u00a0K\u00fct\u00fcphanecilik veya bilgi ve belge y\u00f6netimi b\u00f6l\u00fcm\u00fc mezunu bir personelin bulunmas\u0131,<\/strong><\/span><\/p>\n<p>e)\u00a0Koruma ve g\u00fcvenlik eleman\u0131n\u0131n bulunmas\u0131,<\/p>\n<p>gerekmektedir.<\/p>\n<p>(2)\u00a0Personel g\u00f6revlendirmelerinde il\/il\u00e7e milli e\u011fitim m\u00fcd\u00fcrl\u00fcklerinden gerekli onay<\/p>\n<p>al\u0131n\u0131r ve bu Y\u00f6nerge kapsam\u0131nda \u00e7al\u0131\u015ft\u0131r\u0131lacak personele y\u00f6nelik bir s\u00f6zle\u015fme yap\u0131l\u0131r.<\/p>\n<p>\u00d6\u011frenci kabul\u00fc<\/p>\n<p>MADDE 8 &#8211; (1)\u00a0Okul i\u00e7inden ve d\u0131\u015f\u0131ndan UP&#8217;ye ba\u015fvuracak \u00f6\u011frencilerde;<\/p>\n<p>a)\u00a0Uygulanacak program\u0131n ba\u015flad\u0131\u011f\u0131 s\u0131n\u0131f d\u00fczeyinde olmak,<\/p>\n<p>b)\u00a0Okul y\u00f6netimince yap\u0131lacak ilgili yabanc\u0131 dil ile gerekli g\u00f6r\u00fclmesi halinde di\u011fer derslerden yeterlik s\u0131nav\u0131nda ba\u015far\u0131l\u0131 olmak,<\/p>\n<p>c)\u00a0Veli taraf\u0131ndan okul y\u00f6netiminin belirledi\u011fi \u015fartnameyi kabul etmek ve uluslararas\u0131 programa kat\u0131l\u0131m \u00fccretini s\u00fcresi i\u00e7inde \u00f6demi\u015f olmak,<\/p>\n<p>\u015fartlar\u0131 aram\u0131*.<\/p>\n<p>(2)\u00a0Uluslararas\u0131 programa ba\u015fvuru yapan \u00f6\u011frenci say\u0131s\u0131n\u0131n ilgili program i\u00e7in belirlenen kontenjandan fazla olmas\u0131 durumunda okul y\u00f6netimince yap\u0131lan yeterlik s\u0131nav\u0131nda al\u0131nan puana bak\u0131l\u0131r, puan\u0131 y\u00fcksek olan \u00f6\u011frenciye \u00f6ncelik verilir. E\u015fitlik olmas\u0131 halinde bir \u00f6nceki s\u0131n\u0131f\u0131n y\u0131lsonu ba\u015far\u0131 puan\u0131na bak\u0131l\u0131r.<\/p>\n<p>(3)\u00a0Okul d\u0131\u015f\u0131ndan gelecek \u00f6\u011frenciler ile birinci f\u0131krada belirtilen \u015fartlar\u0131 ta\u015f\u0131yan \u00d6\u011frencilerde taban puan \u015fart\u0131 aranmaz, okulun normal nakil s\u00fcrecindeki bo\u015f kontenjan ve taban puan\u0131 etkilenmez.<\/p>\n<p>(4)\u00a0Okul d\u0131\u015f\u0131ndan gelecek \u00f6\u011frencilerden, program\u0131 b\u0131rakan \u00f6\u011frenci b\u0131rakt\u0131\u011f\u0131 tarih itibar\u0131yla; program\u0131 tamamlayan \u00f6\u011frenci ise 12 nci s\u0131n\u0131fa devam etmek \u00fczere geldi\u011fi okula g\u00f6nderilir.<\/p>\n<p>(5)\u00a0\u00d6\u011frencilerin nakil ve ge\u00e7i\u015fleri e-Okul sistemi \u00fczerinden yap\u0131l\u0131r.<\/p>\n<p>(6)\u00a0Programa kabul edilen \u00f6\u011frencilerin orta\u00f6\u011fretim y\u0131lsonu ba\u015far\u0131 puanlar\u0131, programa devam ettikleri okul taraf\u0131ndan e-Okul sistemine i\u015flenir.<\/p>\n<p>(7)\u00a0Programa kabul edilen \u00f6\u011frencilerin velileri ile EK-l&#8217;de yer alan s\u00f6zle\u015fme imzalan\u0131r.<\/p>\n<p>(8)\u00a0S\u00f6zle\u015fme h\u00fck\u00fcmlerini yerine getirmeyenlerin UP ile ili\u015fi\u011fi kesilir. Programla ili\u015fi\u011fi kesilen \u00f6\u011frenci, kendi okulunda ulusal programa devam ettirilir.<\/p>\n<p>Komisyonun olu\u015fturulmas\u0131 ve g\u00f6revleri<\/p>\n<p>MADDE 9 &#8211; (1)\u00a0E\u011fitim kurumunda; UP uygulamalar\u0131na y\u00f6nelik bir komisyon kurulu\u00e7**-^ Birden fazla uluslararas\u0131 program uygulanmas\u0131 durumunda ise her bir program i\u00e7in^yr\u0131\/P komisyon olu\u015fturulur. ^<\/p>\n<p>(2)\u00a0Komisyon; okul m\u00fcd\u00fcr\u00fcn\u00fcn ba\u015fkanl\u0131\u011f\u0131nda ilgili uluslararas\u0131 program koordinat\u00f6r\u00fc, programa dahil sertifikal\u0131 \u00f6\u011fretmen ile UP&#8217;de \u00f6\u011frencisi bulunan iki veliden olu\u015fur.<\/p>\n<p>(3)\u00a0UP&#8217;de \u00f6\u011frencisi bulunan veliler e\u011fitini kurumu y\u00f6netiminin \u00e7a\u011fr\u0131s\u0131 ile komisyon i\u00e7in kendi aralar\u0131ndan en ge\u00e7 ekim ay\u0131 sonuna kadar salt \u00e7o\u011funlu\u011fun kat\u0131l\u0131m\u0131 ve oy \u00e7oklu\u011fu ile iki as\u0131l ve iki yedek \u00fcye se\u00e7er.<\/p>\n<p>(4)\u00a0Komisyonun g\u00f6rev s\u00fcresi olu\u015fturuldu\u011fu tarihten itibaren bir y\u0131ld\u0131r.<\/p>\n<p>(5)\u00a0Komisyon;<\/p>\n<p>a)\u00a0Ba\u015fkan\u0131n daveti \u00fczerine t\u00fcm \u00fcyelerinin kat\u0131l\u0131m\u0131 ile toplan\u0131r.<\/p>\n<p>b)\u00a0Uluslararas\u0131 programa kat\u0131l\u0131m \u015fartnamesini l\u0131az\u0131rlar\/g\u00fcnceller.<\/p>\n<p>c)\u00a0Uluslararas\u0131 program organizasyonuna y\u0131ll\u0131k olarak \u00f6denen aidat, uluslararas\u0131 program kapsam\u0131nda; istihdam edilecek personel, \u00f6\u011fretmen e\u011fitimi, program kapsam\u0131nda okula al\u0131nacak ara\u00e7 ve gere\u00e7, yurt i\u00e7i ve yurt d\u0131\u015f\u0131nda ger\u00e7ekle\u015ftirilecek faaliyetlere kat\u0131l\u0131m ile fiziki kapasitenin art\u0131r\u0131lmas\u0131na y\u00f6nelik giderler dikkate al\u0131narak talimini uluslararas\u0131 program b\u00fct\u00e7esini haz\u0131rlar.<\/p>\n<p>\u00e7)\u00a0\u00d6\u011frencilerin bir defa \u00f6demesi gereken uluslararas\u0131 programa kat\u0131l\u0131m \u00fccretini EK-2&#8217;de yer ala\u0131\u0131 formu d\u00fczenlenmek suretiyle belirler.<\/p>\n<p>d)\u00a0Okulda uygulanacak uluslararas\u0131 program kapsam\u0131nda okutulacak ders kitaplar\u0131 ile dersin \u00d6zelli\u011fine g\u00f6re kullan\u0131lacak materyalleri ilgili z\u00fcmrenin tavsiye kararma g\u00f6re belirler.<\/p>\n<p>e)\u00a0Kararlar\u0131n\u0131 oy \u00e7oklu\u011fu ile al\u0131r.<\/p>\n<p>f)\u00a0Kararlan, karar defterine i\u015fler ve imza alt\u0131na al\u0131r.<\/p>\n<p>UP kapsam\u0131nda yap\u0131lacak harcamalar ve denetim<\/p>\n<p>MADDE 10 &#8211; (1)\u00a0UP kapsam\u0131nda \u00f6\u011flencilerden al\u0131nan \u00fccretler \u00f6\u011frenci velisi taraf\u0131ndan, komisyon karar\u0131yla e\u011fitim kurumu ad\u0131na a\u00e7\u0131lan banka hesab\u0131na yat\u0131r\u0131l\u0131r.<\/p>\n<p>(2)\u00a0UP kapsam\u0131nda yap\u0131lacak harcamalar, komisyon \u00fcyelerinin oy \u00e7oklu\u011fu ile alaca\u011f\u0131 kararla yap\u0131l\u0131r.<\/p>\n<p>(3)\u00a0Okul m\u00fcd\u00fcr\u00fc ile birlikte komisyonca belirlenen bir \u00fcye bankadan para \u00e7ekmeye yetkilidir. Komisyonca belirlenecek esaslar do\u011frultusunda internet bankac\u0131l\u0131\u011f\u0131 kullan\u0131labilir.<\/p>\n<p>(4)\u00a0Harcamalara y\u00f6nelik gelir ve gider defteri tutulur, belgeler ilgili mevzuat\u0131na g\u00f6re muhafaza edilir.<\/p>\n<p>(5)\u00a0Komisyonun faaliyetleri, y\u0131lda en az bir kere Bakanl\u0131k\/valilik veya il\/il\u00e7e milli e\u011fitim m\u00fcd\u00fcrl\u00fckleri taraf\u0131ndan denetlenir.<\/p>\n<p>Denetleme kurulunun olu\u015fturulmas\u0131 ve g\u00f6revleri<\/p>\n<p>MADDE 11 &#8211; (1)\u00a0E\u011fitim kurumunda; UP uygulamalar\u0131na y\u00f6nelik bir denetleme kurulu kurulur. Birden fazla uluslararas\u0131 program uygulanmas\u0131 durumunda ise her bir program i\u00e7in ayr\u0131 bir denetleme kurulu olu\u015fturulur.<\/p>\n<p>(2)\u00a0Denetleme kumlu; \u00f6\u011fretmenler kurulunca se\u00e7ilen bir \u00f6\u011fretmen ile UP&#8217;de \u00f6\u011frencisi bulunan iki veliden olu\u015fur. Kurul, kendi aras\u0131ndan bir ba\u015fkan se\u00e7erek g\u00f6rev ve i\u015f b\u00f6l\u00fcm\u00fc yapar.<\/p>\n<p>(3)\u00a0UP&#8217;de \u00f6\u011frencisi bulunan veliler e\u011fitim kurumu y\u00f6netiminin \u00e7a\u011fr\u0131s\u0131 ile denetleme kurulu i\u00e7in kendi aralar\u0131ndan en ge\u00e7 ekim ay\u0131 sonuna kadar salt \u00e7o\u011funlu\u011fun kat\u0131l\u0131m\u0131 ve oy \u00e7oklu\u011fu ile iki as\u0131l ve iki yedek \u00fcye se\u00e7er.<\/p>\n<p>(4)\u00a0Kurulun g\u00f6rev s\u00fcresi komisyonun g\u00f6rev s\u00fcresi ile s\u0131n\u0131rl\u0131d\u0131r.<\/p>\n<p>(5)\u00a0Kurul;<\/p>\n<p>a)\u00a0\u00dc\u00e7 ayda bir komisyonun faaliyetlerini inceler.<\/p>\n<p>b)\u00a0Ara raporlar\u0131 ve nihai raporu haz\u0131rlar.<\/p>\n<p>e)\u00a0Ara raporlar\u0131m bilgi ve gere\u011fi i\u00e7in komisyona sunar.<\/p>\n<p>d)\u00a0Komisyonun faaliyetlerine ili\u015fkin nihai raporu e\u011fitim kurumu y\u00f6netiminin \u00e7a\u011fr\u0131s\u0131 ile d\u00fczenlenecek toplant\u0131da ilgili velilere sunar. \/<\/p>\n<p>(6)\u00a0Belgeler ilgili mevzuat\u0131na g\u00f6re muhafaza edilir.<\/p>\n<p>S\u0131n\u0131f mevcutlar\u0131<\/p>\n<p>MADDE 12 &#8211; (1)\u00a0S\u0131n\u0131f mevcudu; program\u0131n ba\u015flang\u0131c\u0131nda en az 8, en fazla 20 \u00f6\u011frenciden olu\u015fur. S\u0131n\u0131f mevcudu dolmadan yeni bir \u015fube a\u00e7\u0131lamaz. Ba\u015flayan programa devam eden \u00f6\u011frenci say\u0131s\u0131n\u0131n d\u00fc\u015fmesi halinde programa devam edilir.<\/p>\n<p>(2)\u00a0Her s\u0131n\u0131f seviyesi i\u00e7in en fazla 4 \u015fube a\u00e7\u0131labilir.<\/p>\n<p>Ders ara\u00e7 ve gere\u00e7leri<\/p>\n<p>MADDE 13 &#8211; (1)\u00a0UP kapsam\u0131nda okutulacak ders kitaplar\u0131 ile dersin \u00f6zelli\u011fine g\u00f6re kullan\u0131lacak materyaller komisyonca belirlenir ve \u00f6\u011frenci velisi taraf\u0131ndan tedarik edilir.<\/p>\n<p>Sorumluluk<\/p>\n<p>MADDE 14 &#8211; (1)\u00a0UP uygulayan okulun m\u00fcd\u00fcr\u00fc; T\u00fcrk Milli E\u011fitiminin ama\u00e7lan do\u011frultusunda bu Y\u00f6nerge kapsam\u0131nda y\u00fcr\u00fct\u00fclen i\u015f ve i\u015flemlerden ilgili mevzuat h\u00fck\u00fcmlerine tabi olup ger\u00e7ekle\u015ftirilen faaliyetler ile harcamalardan sorumludur.<\/p>\n<p>\u00c7e\u015fitli h\u00fck\u00fcmler<\/p>\n<p>MADDE 15 &#8211; (1)\u00a0Yaz okulu uygulayan okullar i\u00e7in uluslararas\u0131 programlar yaz okulu ile birlikte ba\u015flar. \u00d6\u011frencinin kat\u0131lmamas\u0131 halinde, devam etmedi\u011fi derslerin telafisi yap\u0131lmaz.<\/p>\n<p>(2)\u00a0Yaz okulu s\u00fcresince pansiyonda kalacak \u00f6\u011frenciler, ilgili mevzuat\u0131 \u00e7er\u00e7evesinde pansiyonda bar\u0131nma \u00fccretini \u00f6derler.<\/p>\n<p>(3)\u00a0Programda okutulacak dersler okul y\u00f6netimince belirlenir. \u00d6\u011frencinin farkl\u0131 bir ders almak istemesi halinde \u00fccreti, o dersi almak isteyen \u00f6\u011frenci velisince ayr\u0131ca \u00f6denir.<\/p>\n<p>(4)\u00a0Uluslararas\u0131 programa kay\u0131tl\u0131 \u00f6\u011frenciler, orta\u00f6\u011fretim kurumlan haftal\u0131k ders \u00e7izelgesinde yer al\u0131p uluslararas\u0131 programda yer almayan ya da eksik kredi ile yer alan derslerden sorumlu tutulur. Sorumlu derslerle ilgili i\u015f ve i\u015flemler Milli E\u011fitim Bakanl\u0131\u011f\u0131 Orta\u00f6\u011fretim Kurumlan Y\u00f6netmeli\u011fi h\u00fck\u00fcmlerine g\u00f6re y\u00fcr\u00fct\u00fcl\u00fcr.<\/p>\n<p>Y\u00fcr\u00fcrl\u00fck<\/p>\n<p>MADDE 16 &#8211; (1)\u00a0Bu Y\u00f6nerge, onayland\u0131\u011f\u0131 tarihte y\u00fcr\u00fcrl\u00fc\u011fe girer.<\/p>\n<p>Y\u00fcr\u00fctme<\/p>\n<p>MADDE 17 &#8211; (1)\u00a0Bu Y\u00f6nerge h\u00fck\u00fcmlerini Milli E\u011fitim Bakan\u0131 y\u00fcr\u00fct\u00fcr.<\/p>\n","protected":false},"excerpt":{"rendered":"<p>Milli E\u011fitim Bakanl\u0131\u011f\u0131na ba\u011fl\u0131 resmi orta\u00f6\u011fretim kurumlar\u0131n\u0131n uluslararas\u0131 program uygulamas\u0131na ili\u015fkin usul ve esaslar\u0131 d\u00fczenleyen y\u00f6nergesi 09\/08\/2019 tarihinde yay\u0131mland\u0131. Y\u00f6nergenin &#8220;\u0130nsan kaynaklar\u0131 b\u00f6l\u00fcm\u00fc alt\u0131ndaki MADDE 7 &#8211; (1) Uluslararas\u0131 program uygulayacak okullarda&#8221; k\u0131sm\u0131n\u0131n (d) maddesinde mesle\u011fimize at\u0131fta bulunulmakta<\/p>\n","protected":false},"author":1,"featured_media":27022,"comment_status":"open","ping_status":"open","sticky":false,"template":"","format":"standard","meta":{"footnotes":""},"categories":[1],"tags":[],"class_list":["post-27021","post","type-post","status-publish","format-standard","has-post-thumbnail","hentry","category-genel"],"_links":{"self":[{"href":"https:\/\/www.bbyhaber.com\/bby\/wp-json\/wp\/v2\/posts\/27021"}],"collection":[{"href":"https:\/\/www.bbyhaber.com\/bby\/wp-json\/wp\/v2\/posts"}],"about":[{"href":"https:\/\/www.bbyhaber.com\/bby\/wp-json\/wp\/v2\/types\/post"}],"author":[{"embeddable":true,"href":"https:\/\/www.bbyhaber.com\/bby\/wp-json\/wp\/v2\/users\/1"}],"replies":[{"embeddable":true,"href":"https:\/\/www.bbyhaber.com\/bby\/wp-json\/wp\/v2\/comments?post=27021"}],"version-history":[{"count":2,"href":"https:\/\/www.bbyhaber.com\/bby\/wp-json\/wp\/v2\/posts\/27021\/revisions"}],"predecessor-version":[{"id":27024,"href":"https:\/\/www.bbyhaber.com\/bby\/wp-json\/wp\/v2\/posts\/27021\/revisions\/27024"}],"wp:featuredmedia":[{"embeddable":true,"href":"https:\/\/www.bbyhaber.com\/bby\/wp-json\/wp\/v2\/media\/27022"}],"wp:attachment":[{"href":"https:\/\/www.bbyhaber.com\/bby\/wp-json\/wp\/v2\/media?parent=27021"}],"wp:term":[{"taxonomy":"category","embeddable":true,"href":"https:\/\/www.bbyhaber.com\/bby\/wp-json\/wp\/v2\/categories?post=27021"},{"taxonomy":"post_tag","embeddable":true,"href":"https:\/\/www.bbyhaber.com\/bby\/wp-json\/wp\/v2\/tags?post=27021"}],"curies":[{"name":"wp","href":"https:\/\/api.w.org\/{rel}","templated":true}]}}