{"id":27018,"date":"2019-08-27T16:51:50","date_gmt":"2019-08-27T13:51:50","guid":{"rendered":"http:\/\/www.bbyhaber.com\/bby\/?p=27018"},"modified":"2019-10-04T09:00:54","modified_gmt":"2019-10-04T06:00:54","slug":"500-kutuphaneci-alimi-ile-ilgili-bilgi-paylasildi","status":"publish","type":"post","link":"https:\/\/www.bbyhaber.com\/bby\/2019\/08\/27\/500-kutuphaneci-alimi-ile-ilgili-bilgi-paylasildi","title":{"rendered":"500 K\u00fct\u00fcphaneci al\u0131m\u0131 ile ilgili bilgi payla\u015f\u0131ld\u0131"},"content":{"rendered":"<p><a href=\"http:\/\/www.bbyhaber.com\/bby\/wp-content\/uploads\/2019\/08\/sozlesmeli-kutuphaneci-alimi-hakkinda.jpg\"><img loading=\"lazy\" decoding=\"async\" class=\"alignleft size-full wp-image-27019\" src=\"http:\/\/www.bbyhaber.com\/bby\/wp-content\/uploads\/2019\/08\/sozlesmeli-kutuphaneci-alimi-hakkinda.jpg\" alt=\"\" width=\"390\" height=\"180\" \/><\/a>K\u00fclt\u00fcr Memur-Sen Genel Ba\u015fkan\u0131\u00a0Mecit Erdo\u011fan, <a href=\"https:\/\/twitter.com\/erdoganmecit\/status\/1166316644924305410\" target=\"_blank\" rel=\"noopener\">sosyal medya hesab\u0131<\/a> \u00fczerinden bir bilgi notu payla\u015ft\u0131. Bu bilgiye g\u00f6re Cumhurba\u015fkanl\u0131\u011f\u0131<!--more--> Strateji Daire Ba\u015fkanl\u0131\u011f\u0131&#8217;n\u0131n 22.8.2019 tarih ve E3152 say\u0131l\u0131 yaz\u0131s\u0131 ile <a href=\"https:\/\/www.bbyhaber.com\/bby\/?s=500+K%C3%BCt%C3%BCphaneci\" target=\"_blank\" rel=\"noopener\"><strong>500 K\u00fct\u00fcphaneci<\/strong><\/a> al\u0131m\u0131na izin verildi\u011fi aktar\u0131ld\u0131.<\/p>\n","protected":false},"excerpt":{"rendered":"<p>K\u00fclt\u00fcr Memur-Sen Genel Ba\u015fkan\u0131\u00a0Mecit Erdo\u011fan, sosyal medya hesab\u0131 \u00fczerinden bir bilgi notu payla\u015ft\u0131. Bu bilgiye g\u00f6re Cumhurba\u015fkanl\u0131\u011f\u0131<\/p>\n","protected":false},"author":1,"featured_media":27019,"comment_status":"open","ping_status":"open","sticky":false,"template":"","format":"standard","meta":{"footnotes":""},"categories":[31,1,1604],"tags":[1187],"class_list":["post-27018","post","type-post","status-publish","format-standard","has-post-thumbnail","hentry","category-bbykpss","category-genel","category-sozlesmeli-kutuphaneci","tag-500-kutuphaneci-alimi"],"_links":{"self":[{"href":"https:\/\/www.bbyhaber.com\/bby\/wp-json\/wp\/v2\/posts\/27018"}],"collection":[{"href":"https:\/\/www.bbyhaber.com\/bby\/wp-json\/wp\/v2\/posts"}],"about":[{"href":"https:\/\/www.bbyhaber.com\/bby\/wp-json\/wp\/v2\/types\/post"}],"author":[{"embeddable":true,"href":"https:\/\/www.bbyhaber.com\/bby\/wp-json\/wp\/v2\/users\/1"}],"replies":[{"embeddable":true,"href":"https:\/\/www.bbyhaber.com\/bby\/wp-json\/wp\/v2\/comments?post=27018"}],"version-history":[{"count":1,"href":"https:\/\/www.bbyhaber.com\/bby\/wp-json\/wp\/v2\/posts\/27018\/revisions"}],"predecessor-version":[{"id":27020,"href":"https:\/\/www.bbyhaber.com\/bby\/wp-json\/wp\/v2\/posts\/27018\/revisions\/27020"}],"wp:featuredmedia":[{"embeddable":true,"href":"https:\/\/www.bbyhaber.com\/bby\/wp-json\/wp\/v2\/media\/27019"}],"wp:attachment":[{"href":"https:\/\/www.bbyhaber.com\/bby\/wp-json\/wp\/v2\/media?parent=27018"}],"wp:term":[{"taxonomy":"category","embeddable":true,"href":"https:\/\/www.bbyhaber.com\/bby\/wp-json\/wp\/v2\/categories?post=27018"},{"taxonomy":"post_tag","embeddable":true,"href":"https:\/\/www.bbyhaber.com\/bby\/wp-json\/wp\/v2\/tags?post=27018"}],"curies":[{"name":"wp","href":"https:\/\/api.w.org\/{rel}","templated":true}]}}