{"id":27011,"date":"2019-08-24T16:47:36","date_gmt":"2019-08-24T13:47:36","guid":{"rendered":"http:\/\/www.bbyhaber.com\/bby\/?p=27011"},"modified":"2019-08-24T16:47:36","modified_gmt":"2019-08-24T13:47:36","slug":"igdir-universitesi-merkez-kutuphanesi-yeni-binaya-tasiniyor","status":"publish","type":"post","link":"https:\/\/www.bbyhaber.com\/bby\/2019\/08\/24\/igdir-universitesi-merkez-kutuphanesi-yeni-binaya-tasiniyor","title":{"rendered":"I\u011fd\u0131r \u00dcniversitesi Merkez K\u00fct\u00fcphanesi Yeni Binaya Ta\u015f\u0131n\u0131yor"},"content":{"rendered":"<p>I\u011fd\u0131r \u00dcniversitesi Merkez K\u00fct\u00fcphanesi daha iyi bir hizmet sunabilmek ad\u0131na Mediko Sosyal Binas\u0131na ta\u015f\u0131n\u0131yor. I\u011fd\u0131r \u00dcniversitesi \u015eehit B\u00fclent Yurtseven Kamp\u00fcs\u00fc Ziraat Fak\u00fcltesinde 80 metre kare alan \u00fczerine kurulu olan Merkez K\u00fct\u00fcphanesi \u00f6\u011frenci ve akademisyenlere daha iyi hizmet vermek i\u00e7in Mediko Sosyal Binas\u0131na ta\u015f\u0131nma i\u015flemleri ba\u015flad\u0131.\u00a0 900 metre kare kapal\u0131 alan ve 600 metre kare balkon olmak \u00fczere toplamda bin 500 metre kare alana sahip yeni k\u00fct\u00fcphane alan\u0131, ta\u015f\u0131nma i\u015flemleri tamamlanmas\u0131n\u0131n ard\u0131ndan hizmete ba\u015flayacak.<!--more--><\/p>\n<div id='gallery-1' class='gallery galleryid-27011 gallery-columns-6 gallery-size-thumbnail'><figure class='gallery-item'>\n\t\t\t<div class='gallery-icon landscape'>\n\t\t\t\t<a href='https:\/\/www.bbyhaber.com\/bby\/wp-content\/uploads\/2019\/08\/merkez-kutuphanesi-yeni-binaya-tasiniyor-igdir4.jpg'><img loading=\"lazy\" decoding=\"async\" width=\"150\" height=\"150\" src=\"https:\/\/www.bbyhaber.com\/bby\/wp-content\/uploads\/2019\/08\/merkez-kutuphanesi-yeni-binaya-tasiniyor-igdir4-150x150.jpg\" class=\"attachment-thumbnail size-thumbnail\" alt=\"\" \/><\/a>\n\t\t\t<\/div><\/figure><figure class='gallery-item'>\n\t\t\t<div class='gallery-icon landscape'>\n\t\t\t\t<a href='https:\/\/www.bbyhaber.com\/bby\/wp-content\/uploads\/2019\/08\/merkez-kutuphanesi-yeni-binaya-tasiniyor-igdir5.jpg'><img loading=\"lazy\" decoding=\"async\" width=\"150\" height=\"150\" src=\"https:\/\/www.bbyhaber.com\/bby\/wp-content\/uploads\/2019\/08\/merkez-kutuphanesi-yeni-binaya-tasiniyor-igdir5-150x150.jpg\" class=\"attachment-thumbnail size-thumbnail\" alt=\"\" \/><\/a>\n\t\t\t<\/div><\/figure><figure class='gallery-item'>\n\t\t\t<div class='gallery-icon landscape'>\n\t\t\t\t<a href='https:\/\/www.bbyhaber.com\/bby\/wp-content\/uploads\/2019\/08\/merkez-kutuphanesi-yeni-binaya-tasiniyor-igdir1.jpg'><img loading=\"lazy\" decoding=\"async\" width=\"150\" height=\"150\" src=\"https:\/\/www.bbyhaber.com\/bby\/wp-content\/uploads\/2019\/08\/merkez-kutuphanesi-yeni-binaya-tasiniyor-igdir1-150x150.jpg\" class=\"attachment-thumbnail size-thumbnail\" alt=\"\" \/><\/a>\n\t\t\t<\/div><\/figure><figure class='gallery-item'>\n\t\t\t<div class='gallery-icon landscape'>\n\t\t\t\t<a href='https:\/\/www.bbyhaber.com\/bby\/wp-content\/uploads\/2019\/08\/merkez-kutuphanesi-yeni-binaya-tasiniyor-igdir2.jpg'><img loading=\"lazy\" decoding=\"async\" width=\"150\" height=\"150\" src=\"https:\/\/www.bbyhaber.com\/bby\/wp-content\/uploads\/2019\/08\/merkez-kutuphanesi-yeni-binaya-tasiniyor-igdir2-150x150.jpg\" class=\"attachment-thumbnail size-thumbnail\" alt=\"\" \/><\/a>\n\t\t\t<\/div><\/figure><figure class='gallery-item'>\n\t\t\t<div class='gallery-icon landscape'>\n\t\t\t\t<a href='https:\/\/www.bbyhaber.com\/bby\/wp-content\/uploads\/2019\/08\/merkez-kutuphanesi-yeni-binaya-tasiniyor-igdir3.jpg'><img loading=\"lazy\" decoding=\"async\" width=\"150\" height=\"150\" src=\"https:\/\/www.bbyhaber.com\/bby\/wp-content\/uploads\/2019\/08\/merkez-kutuphanesi-yeni-binaya-tasiniyor-igdir3-150x150.jpg\" class=\"attachment-thumbnail size-thumbnail\" alt=\"\" \/><\/a>\n\t\t\t<\/div><\/figure>\n\t\t<\/div>\n\n<p>Konuyla ilgili a\u00e7\u0131klamada bulunan K\u00fct\u00fcphane ve Dok\u00fcmantasyon Daire Ba\u015fkan\u0131 \u0130brahim Kabalak, yeni hizmet binas\u0131n\u0131n konforlu bir \u015fekilde dizayn edildi\u011fini s\u00f6yledi.<\/p>\n<p>Kabalak, \u201cNadir eserlerin muhafaza edildi\u011fi salonda, grup \u00e7al\u0131\u015fma odas\u0131, e\u011fitim odas\u0131, s\u00fcreli yay\u0131nlar odas\u0131,\u00a0 7\/24 ders \u00e7al\u0131\u015fma salonu, bilgisayar odas\u0131 ve farkl\u0131 stillerde dizayn edilmi\u015f okuma k\u00f6\u015felerinden olu\u015fmaktad\u0131r. Yeni k\u00fct\u00fcphane alan\u0131nda \u00f6\u011frenci ve akademisyenlerimiz daha rahat ve konforlu bir \u015fekilde vakit ge\u00e7irebilecek\u201d diye konu\u015ftu.<\/p>\n<p><a href=\"http:\/\/www.igdir.edu.tr\/\" target=\"_blank\" rel=\"noopener\">Kaynak<\/a><\/p>\n","protected":false},"excerpt":{"rendered":"<p>I\u011fd\u0131r \u00dcniversitesi Merkez K\u00fct\u00fcphanesi daha iyi bir hizmet sunabilmek ad\u0131na Mediko Sosyal Binas\u0131na ta\u015f\u0131n\u0131yor. I\u011fd\u0131r \u00dcniversitesi \u015eehit B\u00fclent Yurtseven Kamp\u00fcs\u00fc Ziraat Fak\u00fcltesinde 80 metre kare alan \u00fczerine kurulu olan Merkez K\u00fct\u00fcphanesi \u00f6\u011frenci ve akademisyenlere daha iyi hizmet vermek i\u00e7in Mediko Sosyal Binas\u0131na ta\u015f\u0131nma i\u015flemleri ba\u015flad\u0131.\u00a0 900 metre kare kapal\u0131 alan ve 600 metre kare balkon [&hellip;]<\/p>\n","protected":false},"author":1,"featured_media":27015,"comment_status":"open","ping_status":"open","sticky":false,"template":"","format":"standard","meta":{"footnotes":""},"categories":[1],"tags":[1437],"class_list":["post-27011","post","type-post","status-publish","format-standard","has-post-thumbnail","hentry","category-genel","tag-univ-arastirma-kutuphaneleri"],"_links":{"self":[{"href":"https:\/\/www.bbyhaber.com\/bby\/wp-json\/wp\/v2\/posts\/27011"}],"collection":[{"href":"https:\/\/www.bbyhaber.com\/bby\/wp-json\/wp\/v2\/posts"}],"about":[{"href":"https:\/\/www.bbyhaber.com\/bby\/wp-json\/wp\/v2\/types\/post"}],"author":[{"embeddable":true,"href":"https:\/\/www.bbyhaber.com\/bby\/wp-json\/wp\/v2\/users\/1"}],"replies":[{"embeddable":true,"href":"https:\/\/www.bbyhaber.com\/bby\/wp-json\/wp\/v2\/comments?post=27011"}],"version-history":[{"count":1,"href":"https:\/\/www.bbyhaber.com\/bby\/wp-json\/wp\/v2\/posts\/27011\/revisions"}],"predecessor-version":[{"id":27017,"href":"https:\/\/www.bbyhaber.com\/bby\/wp-json\/wp\/v2\/posts\/27011\/revisions\/27017"}],"wp:featuredmedia":[{"embeddable":true,"href":"https:\/\/www.bbyhaber.com\/bby\/wp-json\/wp\/v2\/media\/27015"}],"wp:attachment":[{"href":"https:\/\/www.bbyhaber.com\/bby\/wp-json\/wp\/v2\/media?parent=27011"}],"wp:term":[{"taxonomy":"category","embeddable":true,"href":"https:\/\/www.bbyhaber.com\/bby\/wp-json\/wp\/v2\/categories?post=27011"},{"taxonomy":"post_tag","embeddable":true,"href":"https:\/\/www.bbyhaber.com\/bby\/wp-json\/wp\/v2\/tags?post=27011"}],"curies":[{"name":"wp","href":"https:\/\/api.w.org\/{rel}","templated":true}]}}