{"id":27001,"date":"2019-08-19T23:19:54","date_gmt":"2019-08-19T20:19:54","guid":{"rendered":"http:\/\/www.bbyhaber.com\/bby\/?p=27001"},"modified":"2019-08-20T09:44:22","modified_gmt":"2019-08-20T06:44:22","slug":"kultur-ve-turizm-bakanligi-bakan-yardimcisi-haluk-dursun-trafik-kazasinda-hayatini-kaybetti","status":"publish","type":"post","link":"https:\/\/www.bbyhaber.com\/bby\/2019\/08\/19\/kultur-ve-turizm-bakanligi-bakan-yardimcisi-haluk-dursun-trafik-kazasinda-hayatini-kaybetti","title":{"rendered":"K\u00fclt\u00fcr ve Turizm Bakanl\u0131\u011f\u0131 Bakan Yard\u0131mc\u0131s\u0131 Haluk Dursun trafik kazas\u0131nda hayat\u0131n\u0131 kaybetti"},"content":{"rendered":"<p><a href=\"http:\/\/www.bbyhaber.com\/bby\/wp-content\/uploads\/2019\/08\/haluk-dursunO9kVY99wp0-XI-QUK8toGQ.jpg\"><img loading=\"lazy\" decoding=\"async\" class=\"alignleft size-full wp-image-27002\" src=\"http:\/\/www.bbyhaber.com\/bby\/wp-content\/uploads\/2019\/08\/haluk-dursunO9kVY99wp0-XI-QUK8toGQ.jpg\" alt=\"\" width=\"390\" height=\"180\" \/><\/a>K\u00fclt\u00fcr ve Turizm Bakanl\u0131\u011f\u0131 Bakan Yard\u0131mc\u0131s\u0131 Prof. Dr. Haluk Dursun, Van&#8217;\u0131n Erci\u015f il\u00e7esinde ge\u00e7irdi\u011fi trafik kazas\u0131 sonucu hayat\u0131n\u0131 kaybetti.<\/p>\n<p>Cumhurba\u015fkan\u0131 Erdo\u011fan,\u00a0sosyal medya hesab\u0131ndan Dursun i\u00e7in payla\u015f\u0131mda bulundu. &#8220;Bir\u00e7ok alanda \u00fclkemize e\u015fsiz hizmet ve katk\u0131lar\u0131 olan Haluk Dursun&#8217;a Allah&#8217;tan rahmet, ailesine ve Milletimize ba\u015fsa\u011fl\u0131\u011f\u0131 diliyorum&#8221; dedi.<\/p>\n<div id=\"dygad-mpu-1-h1\" class=\"dygad-slot ntv mobile turkiye genel haber-detay dygad-mpu-1 rendered\" data-google-query-id=\"CM-6sJrfj-QCFZTj7Qodp-YONA\">\n<div id=\"google_ads_iframe_\/37011203\/ntv_mobile\/turkiye\/genel\/MPU1_0__container__\">K\u00fclt\u00fcr ve Turizm Bakan Yard\u0131mc\u0131s\u0131 Prof. Dr. A. Haluk Dursun, ge\u00e7irdi\u011fi trafik kazas\u0131nda hayat\u0131n\u0131 kaybetti.\u00a0Dursun&#8217;un i\u00e7inde bulundu\u011fu ara\u00e7, Erci\u015f Bayraml\u0131 Mahallesi yak\u0131nlar\u0131nda \u015farampole devrildi.<\/div>\n<\/div>\n<p><!--more--><\/p>\n<div class=\"content article-body\">\n<p>Dursun, Malazgirt zaferinin y\u0131ld\u00f6n\u00fcm\u00fc etkinli\u011fine y\u00f6nelik haz\u0131rl\u0131klar\u0131 incelemek \u00fczere Bitlis&#8217;in Ahlat il\u00e7esine gitmi\u015fti.<\/p>\n<p>Buradaki incelemelerinin ard\u0131ndan otomobiliyle Van&#8217;a hareket eden Dursun, Erci\u015f il\u00e7esine ba\u011fl\u0131 Bayraml\u0131 mevkiinde trafik kazas\u0131 ge\u00e7irdi.\u00a0Dursun&#8217;\u0131n kazada hayat\u0131n\u0131 kaybetti\u011fi bildirildi.<\/p>\n<p>Kazada ara\u00e7ta bulunan 3 ki\u015fi de yaralanarak ambulans ile hastaneye kald\u0131r\u0131ld\u0131.<\/p>\n<figure class=\"wide\"><\/figure>\n<p><strong>HALUK DURSUN K\u0130MD\u0130R?<\/strong><\/p>\n<p>Haluk Dursun, 1957 y\u0131l\u0131nda Kocaeli Hereke\u2019de d\u00fcnyaya geldi. Dursun, \u0130stanbul \u00dcniversitesi Edebiyat Fak\u00fcltesi\u2019nde Son \u00c7a\u011f ve T\u00fcrkiye Cumhuriyeti Tarihi k\u00fcrs\u00fclerini bitirdi.<\/p>\n<p>Marmara \u00dcniversitesi\u2019nde Yak\u0131n \u00c7a\u011f Tarihi Ana Bilim dal\u0131nda profes\u00f6rl\u00fck \u00fcnvan\u0131 ald\u0131.<br \/>\nDursun, \u0130stanbul B\u00fcy\u00fck\u015fehir Beledeyesi K\u00fclt\u00fcr A.\u015e.\u2019de Genel M\u00fcd\u00fcr Dan\u0131\u015fman\u0131 olarak g\u00f6rev yapt\u0131.<\/p>\n<p>\u0130stanbul \u0130l K\u00fclt\u00fcr ve Turizm M\u00fcd\u00fcr\u00fc vekilli\u011fi g\u00f6revinde bulunan Dursun, Ayasofya ve Topkap\u0131 Saray\u0131 M\u00fczelerinde m\u00fcd\u00fcrl\u00fck yapt\u0131. K\u00fclt\u00fcr ve Turizm Bakanl\u0131\u011f\u0131\u2019nda m\u00fcste\u015farl\u0131k da yapan Dursun, 2018 y\u0131l\u0131nda bakan yard\u0131mc\u0131s\u0131 olarak atand\u0131.<\/p>\n<p><strong>9 K\u0130TAP YAZDI<\/strong><\/p>\n<p>\u015eehir ve K\u00fclt\u00fcr: \u0130stanbul, \u0130stanbul&#8217;da Ya\u015fama Sanat\u0131, Bo\u011fazi\u00e7i&#8217;nde K\u0131rk Y\u0131l\u0131m, Osmanl\u0131 Co\u011frafyas\u0131&#8217;na Yolculuk isimli eserlerin de bulundu\u011fu 9 kitap yazd\u0131.<\/p>\n<p><strong>\u0130STANBUL\u2019DA SON YOLCULU\u011eUNA U\u011eURLANACAK<\/strong><\/p>\n<p>Bitlis\u2019ten Van\u2019a gelirken ge\u00e7irdi\u011fi trafik kazas\u0131nda hayat\u0131n\u0131 kaybeden K\u00fclt\u00fcr ve Turizm Bakan Yard\u0131mc\u0131s\u0131 Prof. Dr. Haluk Dursun, Sal\u0131 g\u00fcn\u00fc Sultanahmet Camii\u2019nde k\u0131l\u0131nacak ikindi namaz\u0131n\u0131n ard\u0131ndan son yolculu\u011funa u\u011furlanacak.<\/p>\n<p>K\u00fclt\u00fcr ve Turizm Bakan Yard\u0131mc\u0131s\u0131 Prof. Dr. Haluk Dursun, Bitlis\u2019in Ahlat il\u00e7esinde \u00e7e\u015fitli ziyaretlerde bulunduktan sonra Van\u2019a do\u011fru giderken, i\u00e7inde bulundu\u011fu arac\u0131n Erci\u015f\u2019in Bayrakl\u0131 Mahallesi yak\u0131nlar\u0131nda kontrolden \u00e7\u0131karak \u015farampole devrilmesi sonucu hayat\u0131n\u0131 kaybetti. K\u00fclt\u00fcr ve Turizm Bakan Yard\u0131mc\u0131s\u0131 Haluk Dursun, 20 A\u011fustos Sal\u0131 g\u00fcn\u00fc Sultanahmet Camii\u2019nde, ikindi namaz\u0131na m\u00fcteakiben k\u0131l\u0131nacak cenaze namaz\u0131n\u0131n ard\u0131ndan Kocaeli Hereke&#8217;deki aile kabristan\u0131nda defnedilece\u011fi \u00f6\u011frenildi.<\/p>\n<p><strong>ERDO\u011eAN&#8217;DAN TAZ\u0130YE MESAJI<\/strong><\/p>\n<p>Cumhurba\u015fkan\u0131 Recep Tayyip Erdo\u011fan,\u00a0K\u00fclt\u00fcr ve Turizm Bakan Yard\u0131mc\u0131s\u0131 Prof. Dr. Ahmet Haluk Dursun&#8217;un Van&#8217;\u0131n Erci\u015f il\u00e7esinde ge\u00e7irdi\u011fi trafik kazas\u0131 sonucu hayat\u0131n\u0131 kaybemesi \u00fczerine Twitter&#8217;dan bir taziye mesaj\u0131 yay\u0131mlad\u0131.<\/p>\n<p>Erdo\u011fan mesajda, &#8220;K\u00fclt\u00fcr ve Turizm Bakan Yard\u0131mc\u0131m\u0131z Prof. Dr. Ahmet Haluk Dursun Beyefendi&#8217;nin bir trafik kazas\u0131 sonucu vefat etti\u011fini teess\u00fcrle \u00f6\u011frendim. Bir\u00e7ok alanda \u00fclkemize e\u015fsiz hizmet ve katk\u0131lar\u0131 olan Haluk Dursun&#8217;a Allah&#8217;tan rahmet, ailesine ve Milletimize ba\u015fsa\u011fl\u0131\u011f\u0131 diliyorum&#8221; ifadelerine yer verdi.<\/p>\n<p><strong>BAKAN ERSOY&#8217;DAN TAZ\u0130YE MESAJI<\/strong><\/p>\n<p>K\u00fclt\u00fcr ve Turizm Bakan\u0131 Mehmet Nuri Ersoy da,\u00a0Twitter hesab\u0131ndan yay\u0131mlad\u0131\u011f\u0131 taziye mesaj\u0131nda, &#8220;K\u00fclt\u00fcr\u00fcm\u00fcz\u00fc ve tarihimizi gelecek nesillere aktarmak \u00fczere b\u00fcy\u00fck bir \u00f6zveriyle \u00e7al\u0131\u015fan \u00e7ok de\u011ferli mesai arkada\u015f\u0131m Prof. Dr. Haluk Dursun&#8217;u kaybetmi\u015f olman\u0131n derin \u00fcz\u00fcnt\u00fcs\u00fcyle, kazan\u0131n ger\u00e7ekle\u015fti\u011fi Van&#8217;a hareket ediyoruz. Ya\u015fam\u0131n\u0131 adad\u0131\u011f\u0131 vazifesinde g\u00f6rev \u015fehidi olan de\u011ferli arkada\u015f\u0131m\u0131za Allah&#8217;tan rahmet, kederli ailesine ba\u015fsa\u011fl\u0131\u011f\u0131 ve sab\u0131rlar diliyorum. Milletimizin ba\u015f\u0131 sa\u011folsun&#8221;\u00a0ifadelerini kulland\u0131.<\/p>\n<p><strong>ALTUN:\u00a0M\u0130LLET\u0130M\u0130Z\u0130N BA\u015eI SA\u011eOLSUN<\/strong><\/p>\n<p>Cumhurba\u015fkanl\u0131\u011f\u0131 \u0130leti\u015fim Ba\u015fkan\u0131 Fahrettin Altun, Twitter hesab\u0131ndan yay\u0131mlad\u0131\u011f\u0131 taziye mesaj\u0131nda, &#8220;Van&#8217;da ge\u00e7irdi\u011fi elim bir trafik kazas\u0131nda hayat\u0131n\u0131 kaybeden K\u00fclt\u00fcr ve Turizm Bakan Yard\u0131mc\u0131s\u0131 Prof. Dr. Ahmet Haluk Dursun hocama Allah&#8217;tan rahmet diliyorum.\u00a0 \u00dclkemiz, milletimiz i\u00e7in b\u00fcy\u00fck bir de\u011ferdi Haluk Hoca. Sevenlerinin, ailesinin ve milletimizin ba\u015f\u0131 sa\u011folsun.&#8221; ifadelerini kulland\u0131.<\/p>\n<p><strong>\u0130BRAH\u0130M KALIN: G\u00dcZEL B\u0130R \u0130NSAN, \u0130Y\u0130 B\u0130R \u0130L\u0130M ADAMI, SADIK B\u0130R HOCA VE DOSTTU<\/strong><\/p>\n<p style=\"padding-left: 30px; text-align: left;\">Cumhurba\u015fkanl\u0131\u011f\u0131 S\u00f6zc\u00fcs\u00fc \u0130brahim Kal\u0131n ise, Prof. Dr. Haluk Dursun ile ilgili yay\u0131nlad\u0131\u011f\u0131 taziye mesaj\u0131nda;<\/p>\n<p>Kal\u0131n, &#8220;Van&#8217;\u0131n Erci\u015f il\u00e7esine giderken elim bir trafik kazas\u0131nda hayat\u0131n\u0131 yitiren K\u00fclt\u00fcr ve Turizm Bakan Yard\u0131mc\u0131m\u0131z Prof. Dr. Haluk Dursun&#8217;a Allah&#8217;tan rahmet, ailesine ve milletimize ba\u015fsa\u011fl\u0131\u011f\u0131 diliyorum. G\u00fczel bir insan, iyi bir ilim adam\u0131, sad\u0131k bir hoca ve dosttu. Mekan\u0131 cennet olsun&#8221; ifadelerini kulland\u0131.<\/p>\n<\/div>\n<p>&nbsp;<\/p>\n<p><strong>BBY Haber olarak de\u011ferli hocam\u0131za Allah&#8217;tan rahmet, kederli ailesine ba\u015fsa\u011fl\u0131\u011f\u0131 ve sab\u0131rlar diliyoruz. <\/strong><br \/>\n<strong>Milletimizin ve camiam\u0131z\u0131n ba\u015f\u0131 sa\u011folsun<\/strong><\/p>\n","protected":false},"excerpt":{"rendered":"<p>K\u00fclt\u00fcr ve Turizm Bakanl\u0131\u011f\u0131 Bakan Yard\u0131mc\u0131s\u0131 Prof. Dr. Haluk Dursun, Van&#8217;\u0131n Erci\u015f il\u00e7esinde ge\u00e7irdi\u011fi trafik kazas\u0131 sonucu hayat\u0131n\u0131 kaybetti. Cumhurba\u015fkan\u0131 Erdo\u011fan,\u00a0sosyal medya hesab\u0131ndan Dursun i\u00e7in payla\u015f\u0131mda bulundu. &#8220;Bir\u00e7ok alanda \u00fclkemize e\u015fsiz hizmet ve katk\u0131lar\u0131 olan Haluk Dursun&#8217;a Allah&#8217;tan rahmet, ailesine ve Milletimize ba\u015fsa\u011fl\u0131\u011f\u0131 diliyorum&#8221; dedi. K\u00fclt\u00fcr ve Turizm Bakan Yard\u0131mc\u0131s\u0131 Prof. Dr. A. Haluk Dursun, [&hellip;]<\/p>\n","protected":false},"author":129,"featured_media":27002,"comment_status":"open","ping_status":"open","sticky":false,"template":"","format":"standard","meta":{"footnotes":""},"categories":[1],"tags":[],"class_list":["post-27001","post","type-post","status-publish","format-standard","has-post-thumbnail","hentry","category-genel"],"_links":{"self":[{"href":"https:\/\/www.bbyhaber.com\/bby\/wp-json\/wp\/v2\/posts\/27001"}],"collection":[{"href":"https:\/\/www.bbyhaber.com\/bby\/wp-json\/wp\/v2\/posts"}],"about":[{"href":"https:\/\/www.bbyhaber.com\/bby\/wp-json\/wp\/v2\/types\/post"}],"author":[{"embeddable":true,"href":"https:\/\/www.bbyhaber.com\/bby\/wp-json\/wp\/v2\/users\/129"}],"replies":[{"embeddable":true,"href":"https:\/\/www.bbyhaber.com\/bby\/wp-json\/wp\/v2\/comments?post=27001"}],"version-history":[{"count":7,"href":"https:\/\/www.bbyhaber.com\/bby\/wp-json\/wp\/v2\/posts\/27001\/revisions"}],"predecessor-version":[{"id":27009,"href":"https:\/\/www.bbyhaber.com\/bby\/wp-json\/wp\/v2\/posts\/27001\/revisions\/27009"}],"wp:featuredmedia":[{"embeddable":true,"href":"https:\/\/www.bbyhaber.com\/bby\/wp-json\/wp\/v2\/media\/27002"}],"wp:attachment":[{"href":"https:\/\/www.bbyhaber.com\/bby\/wp-json\/wp\/v2\/media?parent=27001"}],"wp:term":[{"taxonomy":"category","embeddable":true,"href":"https:\/\/www.bbyhaber.com\/bby\/wp-json\/wp\/v2\/categories?post=27001"},{"taxonomy":"post_tag","embeddable":true,"href":"https:\/\/www.bbyhaber.com\/bby\/wp-json\/wp\/v2\/tags?post=27001"}],"curies":[{"name":"wp","href":"https:\/\/api.w.org\/{rel}","templated":true}]}}