{"id":26982,"date":"2019-08-16T16:42:05","date_gmt":"2019-08-16T13:42:05","guid":{"rendered":"http:\/\/www.bbyhaber.com\/bby\/?p=26982"},"modified":"2020-01-15T17:41:03","modified_gmt":"2020-01-15T14:41:03","slug":"meslektasimiza-mobbing-gunes-almayan-zemin-katta-depoya-gorevlendirdiler","status":"publish","type":"post","link":"https:\/\/www.bbyhaber.com\/bby\/2019\/08\/16\/meslektasimiza-mobbing-gunes-almayan-zemin-katta-depoya-gorevlendirdiler","title":{"rendered":"Meslekta\u015f\u0131m\u0131za mobbing! G\u00fcne\u015f almayan zemin katta depoya g\u00f6revlendirdiler!"},"content":{"rendered":"<p><a href=\"http:\/\/www.bbyhaber.com\/bby\/wp-content\/uploads\/2019\/08\/bergama-belediyesinde-mobbing-iddiasi-aydin-ileri.jpg\"><img loading=\"lazy\" decoding=\"async\" class=\"alignleft size-full wp-image-26983\" src=\"http:\/\/www.bbyhaber.com\/bby\/wp-content\/uploads\/2019\/08\/bergama-belediyesinde-mobbing-iddiasi-aydin-ileri.jpg\" alt=\"\" width=\"390\" height=\"180\" \/><\/a>T\u00fcrk K\u00fct\u00fcphaneciler Derne\u011fi Genel Ba\u015fkan Yard\u0131mc\u0131s\u0131 ve Okul K\u00fct\u00fcphanecileri Derne\u011fi Ba\u015fkan\u0131\u2019n\u0131 g\u00fcne\u015f almayan zemin katta temizlik malzemesi deposuna g\u00f6revlendirdiler. Bergama Belediyesine ait, <strong>Bergama Ara\u015ft\u0131rmalar\u0131 K\u00fct\u00fcphanesi<\/strong>\u2019nde g\u00f6revli olan ve \u00fc\u00e7 kitab\u0131 bulunan <strong>T\u00fcrk K\u00fct\u00fcphaneciler Derne\u011fi Genel Ba\u015fkan Yard\u0131mc\u0131s\u0131 ve Okul K\u00fct\u00fcphanecileri Derne\u011fi Ba\u015fkan\u0131 <a href=\"https:\/\/www.bbyhaber.com\/bby\/tag\/aydin-ileri\" target=\"_blank\" rel=\"noopener\">Ayd\u0131n \u0130leri<\/a><\/strong>\u2019ye \u201c<strong>Mobbing<\/strong>\u201d <strong>uyguland\u0131\u011f\u0131 ve bir depoda g\u00f6revlendirildi\u011fi iddia edildi.<\/strong><!--more--><\/p>\n<p><strong>CANLI YAYINDA A\u00c7IKLADILAR<\/strong><\/p>\n<p>Bergama Demokrasi Platformu \u00fcyeleri, Bergama \u00c7evre Platformu S\u00f6zc\u00fcs\u00fc Erol Engel ve Bergama Veli-Der y\u00f6netiminden Fikret Ali Parlas Egedesonses\u2019te Murat Karaka\u015f\u2019\u0131n canl\u0131 yay\u0131n program\u0131na kat\u0131ld\u0131lar. Yap\u0131lan s\u00f6yle\u015fide Bergama Belediyesi\u2019nde ya\u015fanan mobbing iddialar\u0131n\u0131 dile getiren Parlas, daha \u00f6nce Bergama Belediyesi\u2019ne ait k\u00fct\u00fcphanede g\u00f6revli olan T\u00fcrk K\u00fct\u00fcphaneciler Derne\u011fi Genel Ba\u015fkan Yard\u0131mc\u0131s\u0131 ve Okul K\u00fct\u00fcphanecileri Derne\u011fi Ba\u015fkan\u0131 Ayd\u0131n \u0130leri\u2019nin \u201cMobbing\u201d g\u00f6rd\u00fc\u011f\u00fcn\u00fc s\u00f6yledi.<\/p>\n<p><strong>KES\u0130NL\u0130KLE OTURULACAK YER DE\u011e\u0130L<\/strong><\/p>\n<p>Programda 31 Mart sonras\u0131nda ya\u015fanan s\u00fcreci de\u011ferlendiren platform yetkilileri yeni y\u00f6netimin ya\u015fam tarz\u0131na m\u00fcdahale etme e\u011filiminde oldu\u011funu \u00f6ne s\u00fcrd\u00fc. Belediyede ya\u015fanan mobbing iddialar\u0131n\u0131 dile getiren Parlas; \u201cT\u00fcrk K\u00fct\u00fcphaneciler Derne\u011fi ikinci ba\u015fkan\u0131, yazar bir arkada\u015f\u0131m\u0131z\u0131 al\u0131p belediyemizin deposuna kilitledik. Belediye\u2019de zemin katta \u2018k\u0131p\u0131rdarsan i\u015ften at\u0131l\u0131rs\u0131n korkusuyla\u2019 tutuluyor. \u00dc\u00e7 kitab\u0131 bulunan yazar arkada\u015f\u0131m\u0131z oradan \u00e7\u0131kam\u0131yor ve \u00e7\u0131kt\u0131\u011f\u0131 an \u2018yerinde yoksun\u2019 diye zab\u0131t tutuluyor. \u0130nsan Kaynaklar\u0131 M\u00fcd\u00fcr\u00fc ve Belediye Ba\u015fkan\u0131 a\u015fa\u011f\u0131 indimi bilmiyorum ama ben \u2018acaba nas\u0131l bir yerdir?\u2019 diye bizzat gidip g\u00f6rd\u00fcm. Kesinlikle oturulacak bir yer de\u011fil. \u00c7\u00fcnk\u00fc g\u00fcne\u015f almad\u0131\u011f\u0131 gibi temizlik malzemesi deposunun kap\u0131s\u0131na oturtmu\u015flar. Orada malzeme kaybolsa sorumlusu o olacak, \u00e7\u00fcnk\u00fc orada oturuyor\u201d dedi.<\/p>\n<p><strong>SAVCILI\u011eA SU\u00c7 DUYURUSUNDA BULUNDU<\/strong><\/p>\n<p>Bergama \u00c7evre Platformu S\u00f6zc\u00fcs\u00fc Erol Engel ise; \u201cBa\u015fka arkada\u015flar\u0131m\u0131za da mobbing yap\u0131l\u0131yor ama bu arkada\u015f\u0131m\u0131za yap\u0131lan ger\u00e7ekten hepimizi \u00fcz\u00fcyor. Vicdanlar\u0131 yaral\u0131yor. Kendisi savc\u0131l\u0131\u011fa su\u00e7 duyurusunda da bulundu. Nefes almak i\u00e7in \u00e7ay i\u00e7meye \u00e7\u0131kt\u0131\u011f\u0131nda hemen insan kaynaklar\u0131 m\u00fcd\u00fcr\u00fc geliyor ve k\u00fcf\u00fcrl\u00fc konu\u015fuyor. Sonu\u00e7ta amir olabilirsin ama \u00e7al\u0131\u015fan\u0131na kar\u015f\u0131 nas\u0131l davranaca\u011f\u0131n konusunda 657 a\u00e7\u0131k. Onun i\u00e7in <strong>bu arkada\u015f\u0131 adeta belediyenin mahzenine g\u00f6mmeye \u00e7al\u0131\u015f\u0131yorlar.<\/strong> \u0130\u015ften \u00e7\u0131karmad\u0131k s\u00f6yleminde bulunuyorlar ama bu mobbing ile insanlar\u0131 i\u015ften \u00e7\u0131karmaya zorluyorlar. \u0130\u00e7lerinde Ziraat M\u00fchendisi, Orman M\u00fchendisi de olan bu arkada\u015flar\u0131m\u0131z\u0131 s\u0131radan memurluklara vermeleri, y\u0131llard\u0131r Fen \u0130\u015flerinde g\u00f6rev yapm\u0131\u015f bir arkada\u015f\u0131m\u0131z\u0131 park bah\u00e7elere vermeleri do\u011fru de\u011fil. Ben bu m\u00fcd\u00fcrlerle \u00e7al\u0131\u015fmayaca\u011f\u0131m diyebilirsiniz ama \u00fcniversite mezunu vas\u0131fl\u0131 insanlar\u0131, vas\u0131fs\u0131z i\u015flere vermenin \u00e2lemi yok. Bergama\u2019n\u0131n bir tane orman m\u00fchendisi var. Bir ya da iki ziraat m\u00fchendisi var. Bu insanlara devletin verdi\u011fi maa\u015f o vasf\u0131ndan dolay\u0131 ve o i\u015fi yapmalar\u0131 ile tan\u0131mlanm\u0131\u015f bir maa\u015f. Bunlarla u\u011fra\u015fmalar\u0131 kamuoyunda ho\u015f bir itibar b\u0131rakm\u0131yor\u201d dedi.<\/p>\n<p><a href=\"http:\/\/egeninsesi.com\" target=\"_blank\" rel=\"noopener\">Kaynak<\/a><\/p>\n<p><span style=\"color: #ff0000;\"><strong>Meslekta\u015f\u0131m\u0131z\u00a0 ya\u015fad\u0131\u011f\u0131 s\u0131k\u0131nt\u0131y\u0131 sosyal medya hesab\u0131ndan (<a href=\"https:\/\/www.facebook.com\/aydinileri\/posts\/10158622960412646\" target=\"_blank\" rel=\"noopener\">TIKLA<\/a>) \u015f\u00f6yle dile getiriyor:<\/strong><\/span><\/p>\n<p>&#8220;Sabah\u0131n 5&#8217;i uykudan uyan\u0131yorum. Uyan\u0131kken ve uyurken zihnimde s\u00fcrekli i\u015fverenime dilek\u00e7e yaz\u0131yorum. Hakk\u0131m\u0131 arayan ya da bana verilen sar\u0131 zarflara savunma yaz\u0131yorum s\u00fcrekli. Kabus de\u011fil hayat\u0131n rutini bu. Ald\u0131\u011f\u0131m ila\u00e7 sayesinde az biraz mutluluk hormonu idare ediyor. Her sabah kart basmaya ge\u00e7 kalma korkusuyla uyanma duygusu \u00e7ok berbat. Askerde bile bunlar\u0131 ya\u015famam\u0131\u015ft\u0131m. Her sabah \u00fcniversite s\u0131nav\u0131n\u0131 ka\u00e7\u0131racakm\u0131\u015f tela\u015f\u0131 ve huzursuzlu\u011fuyla uyanmak \u00e7ok a\u011f\u0131r geliyor. Hoca ezan<span class=\"text_exposed_show\">\u0131 yeni bitirdi. Iyi de\u011filim&#8230; 3 g\u00fcn \u00f6nce \u00e7ok yak\u0131n bir dostum intihar etti. Bu 5 y\u0131lda \u00e7ok yak\u0131n 3. arkada\u015f\u0131m\u0131n intihar\u0131. Kanserden ve ani \u00f6l\u00fcmleri saymiyorum. Sivrisinek v\u0131z\u0131lt\u0131s\u0131 de\u011fil gelip ge\u00e7miyor. Arkalar\u0131nda ne ya\u015famlar kal\u0131yor. G\u00f6z ya\u015f\u0131m \u015fimdi d\u00fc\u015ft\u00fc yast\u0131\u011fa. Iyi olun, iyi ya\u015fay\u0131n.<\/span><\/p>\n<p><span class=\"text_exposed_show\">Bug\u00fcn bayram tatilinin son g\u00fcn\u00fc. Bayram ve tatil kavramlar\u0131 \u00e7ok sa\u00e7ma geliyordu eskiden \u015fimdi bu memuriyet kafas\u0131 i\u00e7in az\u0131c\u0131k rahatlama. Saat 05.40 olmu\u015f. Bu sabah kart basmayaca\u011f\u0131m. Bug\u00fcn de tutana\u011f\u0131m tutulmaz&#8230; -1 bodrumda tan\u0131ms\u0131z sesler duymayaca\u011f\u0131m. Bu arada ses tan\u0131ma sistemim geli\u015fti. Merdiven alt\u0131ndan dan\u0131\u015fmaya selam vereni, g\u00fcnayd\u0131n diyeni, asans\u00f6re bineni taniyorum. Tahmin edebiliyorum. En \u00e7ok da k\u00f6t\u00fcleri tan\u0131yorum.\u00a0<\/span><\/p>\n<p><span class=\"text_exposed_show\">\u015eu mobbing dedikleri \u0131yi bir \u015fey de\u011filmi\u015f hakketten.<br \/>\n\u015eu sekiz be\u015f memurlu\u011fu ne k\u00f6t\u00fc. \u00dcretmeden kazanmak vicdan\u0131m\u0131 s\u0131zlat\u0131yor. B\u00fct\u00fcn istenen bedenen mesai yapman. Koca bir belediye i\u015ften, i\u015fin i\u00e7eri\u011finden ziyade sadece kart basmaya kurulu. Yarat\u0131c\u0131l\u0131k s\u0131f\u0131r. Kimse kendi de\u011fil. 2 g\u00fcn de insan sendika de\u011fi\u015ftirir mi? Korku imparatorlu\u011fu. \u00d6demeler, krediler, kredi kartlar\u0131 teslim alm\u0131\u015f. Zincirlerimizden ba\u015fka kaybecedek unvanlar\u0131m\u0131z, makamlar\u0131m\u0131z, arabalar\u0131m\u0131z ve daha neler neler var.\u00a0<\/span><\/p>\n<p><span class=\"text_exposed_show\">Ha bir de \u015fu sosyal medyadan takip edip i\u015fverene \u015fikayet edenler size laf\u0131m var. Mesai saatlerinde sosyal medyaya giriyorum, payla\u015f\u0131m yap\u0131yorum, hala muhalif payla\u015f\u0131mlar yap\u0131yorum. Sizden hi\u00e7 korkmuyorum. Az\u0131c\u0131k insan olun. Saat 06.00. Iyi bayramlar. G\u00fcnayd\u0131nlar. \u015euraya bir kararl\u0131 ifadesi de b\u0131rakay\u0131m. Delirmiyorum niyetim de yok. Daha m\u00fcd\u00fcr olaca\u011f\u0131m ben. Hayat devam ediyor g\u00fcn\u00fcn bat\u0131m\u0131nda birama g\u00fcne\u015f doldurmaya, dolunayda rakima ay doldurmaya devam edece\u011fim bu bir oyun&#8230; like biriktiriyordum. Hayde biraz daha savunma yazay\u0131m, 7 i\u015f g\u00fcn\u00fc i\u00e7inde cevap vermem gereken savunmalar\u0131m var benim. Hayatta en iyi yapt\u0131\u011f\u0131m \u015fey son g\u00fcnlerde savunma. Avukat olmal\u0131ym\u0131\u015f\u0131m. Guguk ku\u015flar\u0131 \u00f6tmeye ba\u015flad\u0131. \u00c7\u0131\u011fl\u0131k atar gibi \u00f6tenler bayku\u015f..&#8221;<\/span><\/p>\n<p><span style=\"color: #ff0000;\"><strong>Meslekta\u015f\u0131m\u0131za destek olmal\u0131y\u0131z ve hi\u00e7bir meslekta\u015f\u0131m\u0131z\u0131n da mobbinge u\u011framamas\u0131 i\u00e7in elimizden geleni yapmal\u0131y\u0131z!!!<\/strong><\/span><\/p>\n","protected":false},"excerpt":{"rendered":"<p>T\u00fcrk K\u00fct\u00fcphaneciler Derne\u011fi Genel Ba\u015fkan Yard\u0131mc\u0131s\u0131 ve Okul K\u00fct\u00fcphanecileri Derne\u011fi Ba\u015fkan\u0131\u2019n\u0131 g\u00fcne\u015f almayan zemin katta temizlik malzemesi deposuna g\u00f6revlendirdiler. Bergama Belediyesine ait, Bergama Ara\u015ft\u0131rmalar\u0131 K\u00fct\u00fcphanesi\u2019nde g\u00f6revli olan ve \u00fc\u00e7 kitab\u0131 bulunan T\u00fcrk K\u00fct\u00fcphaneciler Derne\u011fi Genel Ba\u015fkan Yard\u0131mc\u0131s\u0131 ve Okul K\u00fct\u00fcphanecileri Derne\u011fi Ba\u015fkan\u0131 Ayd\u0131n \u0130leri\u2019ye \u201cMobbing\u201d uyguland\u0131\u011f\u0131 ve bir depoda g\u00f6revlendirildi\u011fi iddia edildi.<\/p>\n","protected":false},"author":1,"featured_media":26983,"comment_status":"open","ping_status":"open","sticky":false,"template":"","format":"standard","meta":{"footnotes":""},"categories":[1476,1],"tags":[1451,1204],"class_list":["post-26982","post","type-post","status-publish","format-standard","has-post-thumbnail","hentry","category-aydin-ileri","category-genel","tag-belediye-kutuphaneleri","tag-kutuphaneciye-mobbing"],"_links":{"self":[{"href":"https:\/\/www.bbyhaber.com\/bby\/wp-json\/wp\/v2\/posts\/26982"}],"collection":[{"href":"https:\/\/www.bbyhaber.com\/bby\/wp-json\/wp\/v2\/posts"}],"about":[{"href":"https:\/\/www.bbyhaber.com\/bby\/wp-json\/wp\/v2\/types\/post"}],"author":[{"embeddable":true,"href":"https:\/\/www.bbyhaber.com\/bby\/wp-json\/wp\/v2\/users\/1"}],"replies":[{"embeddable":true,"href":"https:\/\/www.bbyhaber.com\/bby\/wp-json\/wp\/v2\/comments?post=26982"}],"version-history":[{"count":5,"href":"https:\/\/www.bbyhaber.com\/bby\/wp-json\/wp\/v2\/posts\/26982\/revisions"}],"predecessor-version":[{"id":27967,"href":"https:\/\/www.bbyhaber.com\/bby\/wp-json\/wp\/v2\/posts\/26982\/revisions\/27967"}],"wp:featuredmedia":[{"embeddable":true,"href":"https:\/\/www.bbyhaber.com\/bby\/wp-json\/wp\/v2\/media\/26983"}],"wp:attachment":[{"href":"https:\/\/www.bbyhaber.com\/bby\/wp-json\/wp\/v2\/media?parent=26982"}],"wp:term":[{"taxonomy":"category","embeddable":true,"href":"https:\/\/www.bbyhaber.com\/bby\/wp-json\/wp\/v2\/categories?post=26982"},{"taxonomy":"post_tag","embeddable":true,"href":"https:\/\/www.bbyhaber.com\/bby\/wp-json\/wp\/v2\/tags?post=26982"}],"curies":[{"name":"wp","href":"https:\/\/api.w.org\/{rel}","templated":true}]}}