{"id":2695,"date":"2012-02-21T16:31:23","date_gmt":"2012-02-21T16:31:23","guid":{"rendered":"http:\/\/www.bbyhaber.com\/bby\/?p=2695"},"modified":"2012-06-05T07:50:26","modified_gmt":"2012-06-05T07:50:26","slug":"lala-sahin-pasa-medresesi-cocuk-kutuphanesi-olarak-hizmete-acildi-bursa","status":"publish","type":"post","link":"https:\/\/www.bbyhaber.com\/bby\/2012\/02\/21\/lala-sahin-pasa-medresesi-cocuk-kutuphanesi-olarak-hizmete-acildi-bursa","title":{"rendered":"Lala \u015eahin Pa\u015fa Medresesi \u00c7ocuk K\u00fct\u00fcphanesi olarak hizmete a\u00e7\u0131ld\u0131-Bursa"},"content":{"rendered":"<p style=\"text-align: justify;\">Tophane&#8217;nin Hisar b\u00f6lgesinde bulunan Lala \u015eahin Pa\u015fa Medresesi&#8217;ndeki restorasyon \u00e7al\u0131\u015fmalar\u0131n tamamlanmas\u0131n\u0131n ard\u0131ndan tarihi yap\u0131 \u00e7ocuk k\u00fct\u00fcphanesi olarak hizmete a\u00e7\u0131ld\u0131. \u00c7ocuk k\u00fct\u00fcphanesi anaokulunu aratmazken, Bursa B\u00fcy\u00fck\u015fehir Belediye Ba\u015fkan\u0131 Recep Altepe, \u00e7ocuklar i\u00e7in k\u00fct\u00fcphanede 3 bin kitap bulundu\u011funu s\u00f6yledi.<!--more--><\/p>\n<p style=\"text-align: justify;\">Bursa&#8217;n\u0131n de\u011ferlerinin korunarak gelece\u011fe ta\u015f\u0131nmas\u0131 i\u00e7in T\u00fcrkiye&#8217;de e\u015fi olmayan bir projeye imza att\u0131klar\u0131n\u0131 s\u00f6yleyen Altepe, Lala \u015eahin Pa\u015fa Medresesi&#8217;nin Orhan Gazi ve Sultan I. Murad&#8217;\u0131n kumandan\u0131, Rumeli beylerbeyi Lala \u015eahin Pa\u015fa taraf\u0131ndan 1339 y\u0131l\u0131nda in\u015fa edildi\u011fini, bu yap\u0131n\u0131n \u00e7ocuk k\u00fct\u00fcphanesi olarak hizmet vermesinin gelecek nesillerin tarihi eserlerle dolu b\u00f6lgeyi de gezmelerine imkan sa\u011flayaca\u011f\u0131n\u0131n belirtti.<\/p>\n<p style=\"text-align: justify;\">Uzun s\u00fcredir kullan\u0131lmayan Lala \u015eahin Pa\u015fa Medresesi&#8217;ndeki yap\u0131lar\u0131n gelece\u011fe ta\u015f\u0131nd\u0131\u011f\u0131n\u0131 ifade eden Altepe, &#8220;Bursa&#8217;daki Osmanl\u0131&#8217;n\u0131n ilk d\u00f6nemine ait abideler bizim i\u00e7in \u00e7ok de\u011ferli. Bursa&#8217;daki t\u00fcm bu yap\u0131lar\u0131 restore ederek kullan\u0131labilir hale getiriyoruz. Daha \u00f6nce de \u00e7ocuk k\u00fct\u00fcphanesi olarak de\u011ferlendirilen ve sonras\u0131nda kullan\u0131lmayan bu yap\u0131 onar\u0131larak daha iyi hale getirildi. Vak\u0131flar B\u00f6lge M\u00fcd\u00fcrl\u00fc\u011f\u00fc himayesinde olan medreseyi B\u00fcy\u00fck\u015fehir Belediyesi olarak kiralad\u0131k. Buran\u0131n eksiklerini tamamlay\u0131p, \u00e7ocuklar\u0131m\u0131z\u0131n yararlanabilece\u011fi bir \u00e7ocuk k\u00fct\u00fcphanesi haline getirdik. K\u00fct\u00fcphanede 3 bin kitap bulunuyor. Bunun yan\u0131nda k\u00fct\u00fcphane pazar g\u00fcnleri hari\u00e7 di\u011fer g\u00fcnler a\u00e7\u0131k olacak. Eskiden bu kap\u0131da kitap okumak i\u00e7in bekleyen, ancak a\u00e7\u0131k olmad\u0131\u011f\u0131 i\u00e7in k\u00fct\u00fcphanenin duvar\u0131nda oturan gen\u00e7leri g\u00f6r\u00fcrd\u00fcm. Ancak bundan sonra bu gen\u00e7lerimiz beklemeyecek ve istedikleri gibi buradan yararlanabilecek&#8221; dedi.<\/p>\n<p style=\"text-align: justify;\">Konu\u015fmalar\u0131n ard\u0131ndan Altepe ve beraberindeki heyet k\u00fct\u00fcphanenin kurdelesini kesti. Altepe, burada kitap okuyan k\u00fc\u00e7\u00fck \u00e7ocuklarla bir s\u00fcre sohbet edip hat\u0131ra foto\u011fraf\u0131 \u00e7ektirdi.<br \/>\n<strong><br \/>\nMEDRESEN\u0130N TAR\u0130H\u00c7ES\u0130<\/strong><br \/>\nLala \u015eahin Pa\u015fa Medresesi, Orhan Gazi ve Sultan I. Murad&#8217;\u0131n kumandan\u0131, Rumeli beylerbeyi Lala \u015eahin Pa\u015fa taraf\u0131ndan 1339 y\u0131l\u0131nda in\u015fa edildi. Sava\u015f ganimetleri ile yap\u0131ld\u0131\u011f\u0131 s\u00f6ylenen medresenin in\u015faat\u0131nda k\u00fcfeki ta\u015f\u0131 ve tu\u011fla kullan\u0131lm\u0131\u015f. Kuzey g\u00fcney do\u011frultusunda tonozlu bir eyvan ile bunun \u00f6n\u00fcnde \u00fczeri kubbeli bir kare mekan, iki yan\u0131nda da sekiz adet tonozlu birbirlerine simetrik odalar bulunmaktad\u0131r. Medresenin mermer s\u00f6veli giri\u015finden sonra zeminden 0.60 metre y\u00fcksekli\u011finde tonozlu bir b\u00f6l\u00fcme ge\u00e7ilmektedir. Buradaki tonoz ile kubbeyi birbirinden ay\u0131ran kemer, Bizans d\u00f6nemine ait iki mermer s\u00fctun \u00fczerine oturtulmu\u015ftur. Medrese 1515, 1787, 1818, 1844 ve 1968 y\u0131llar\u0131nda onar\u0131lm\u0131\u015ft\u0131r.<\/p>\n<p style=\"text-align: justify;\">Kaynak: http:\/\/www.bursahakimiyet.com.tr<\/p>\n","protected":false},"excerpt":{"rendered":"<p>Tophane&#8217;nin Hisar b\u00f6lgesinde bulunan Lala \u015eahin Pa\u015fa Medresesi&#8217;ndeki restorasyon \u00e7al\u0131\u015fmalar\u0131n tamamlanmas\u0131n\u0131n ard\u0131ndan tarihi yap\u0131 \u00e7ocuk k\u00fct\u00fcphanesi olarak hizmete a\u00e7\u0131ld\u0131. \u00c7ocuk k\u00fct\u00fcphanesi anaokulunu aratmazken, Bursa B\u00fcy\u00fck\u015fehir Belediye Ba\u015fkan\u0131 Recep Altepe, \u00e7ocuklar i\u00e7in k\u00fct\u00fcphanede 3 bin kitap bulundu\u011funu s\u00f6yledi.<\/p>\n","protected":false},"author":1,"featured_media":0,"comment_status":"open","ping_status":"open","sticky":false,"template":"","format":"standard","meta":{"footnotes":""},"categories":[1553],"tags":[1439],"class_list":["post-2695","post","type-post","status-publish","format-standard","hentry","category-cocuk-kutuphaneleri","tag-cocuk-kutuphaneleri"],"_links":{"self":[{"href":"https:\/\/www.bbyhaber.com\/bby\/wp-json\/wp\/v2\/posts\/2695"}],"collection":[{"href":"https:\/\/www.bbyhaber.com\/bby\/wp-json\/wp\/v2\/posts"}],"about":[{"href":"https:\/\/www.bbyhaber.com\/bby\/wp-json\/wp\/v2\/types\/post"}],"author":[{"embeddable":true,"href":"https:\/\/www.bbyhaber.com\/bby\/wp-json\/wp\/v2\/users\/1"}],"replies":[{"embeddable":true,"href":"https:\/\/www.bbyhaber.com\/bby\/wp-json\/wp\/v2\/comments?post=2695"}],"version-history":[{"count":0,"href":"https:\/\/www.bbyhaber.com\/bby\/wp-json\/wp\/v2\/posts\/2695\/revisions"}],"wp:attachment":[{"href":"https:\/\/www.bbyhaber.com\/bby\/wp-json\/wp\/v2\/media?parent=2695"}],"wp:term":[{"taxonomy":"category","embeddable":true,"href":"https:\/\/www.bbyhaber.com\/bby\/wp-json\/wp\/v2\/categories?post=2695"},{"taxonomy":"post_tag","embeddable":true,"href":"https:\/\/www.bbyhaber.com\/bby\/wp-json\/wp\/v2\/tags?post=2695"}],"curies":[{"name":"wp","href":"https:\/\/api.w.org\/{rel}","templated":true}]}}