{"id":26909,"date":"2019-07-27T01:48:41","date_gmt":"2019-07-26T22:48:41","guid":{"rendered":"http:\/\/www.bbyhaber.com\/bby\/?p=26909"},"modified":"2019-07-27T01:49:21","modified_gmt":"2019-07-26T22:49:21","slug":"mesut-tim-bagislarla-topladigi-kitaplarla-39-koyde-kutuphane-kurdu","status":"publish","type":"post","link":"https:\/\/www.bbyhaber.com\/bby\/2019\/07\/27\/mesut-tim-bagislarla-topladigi-kitaplarla-39-koyde-kutuphane-kurdu","title":{"rendered":"Mesut Tim, ba\u011f\u0131\u015flarla toplad\u0131\u011f\u0131 kitaplarla 39 k\u00f6yde k\u00fct\u00fcphane kurdu"},"content":{"rendered":"<p><a href=\"http:\/\/www.bbyhaber.com\/bby\/wp-content\/uploads\/2019\/07\/mesut-tim.jpg\"><img loading=\"lazy\" decoding=\"async\" class=\"alignleft size-full wp-image-26910\" src=\"http:\/\/www.bbyhaber.com\/bby\/wp-content\/uploads\/2019\/07\/mesut-tim.jpg\" alt=\"\" width=\"390\" height=\"180\" \/><\/a>\u0130zmir\u2019de imk\u00e2ns\u0131zl\u0131ktan dolay\u0131 kitap okuyamayanlara ula\u015fmay\u0131 ama\u00e7layan okuma sevdal\u0131s\u0131 <strong>Mesut Tim<\/strong>, ba\u011f\u0131\u015flarla toplad\u0131\u011f\u0131 kitaplarla <strong>39 k\u00f6yde \u201c<a href=\"https:\/\/www.bbyhaber.com\/bby\/tag\/ataturk-cocuklari-kutuphanesi\" target=\"_blank\" rel=\"noopener\">Atat\u00fcrk \u00c7ocuklar\u0131 K\u00fct\u00fcphanesi<\/a><\/strong>\u201d kurdu. \u201cKitap Baba\u201d lakab\u0131yla an\u0131lan Mesut Tim\u2019in hedefi T\u00fcrkiye genelinde 7 bin 500 k\u00f6yde k\u00fct\u00fcphane a\u00e7mak.<!--more--><\/p>\n<p><strong>&#8211; K\u00fct\u00fcphane kurma hayaliniz nas\u0131l ba\u015flad\u0131?\u00a0<\/strong><\/p>\n<p>\u0130lkokul ikinci s\u0131n\u0131ftayken babamdan ansiklopedi istemi\u015ftim. Ama babam almam\u0131\u015ft\u0131. \u201cBen \u015fehir merkezinde kitaba ula\u015fam\u0131yorsam, k\u00f6ylerdeki \u00e7ocuklar kitaba nas\u0131l ula\u015facak\u201d diye i\u00e7imde hep ukde kald\u0131. \u00d6zel sekt\u00f6rde \u00e7al\u0131\u015ft\u0131ktan sonra art\u0131k, \u201cinsanlar i\u00e7in bir \u015feyler yapmam gerekiyor\u201d dedim. Emekli olmadan, her \u015feyi b\u0131rak\u0131p, hayat\u0131mdan paray\u0131 \u00e7\u0131kart\u0131p, 2006 y\u0131l\u0131ndan itibaren tamamen k\u00f6ylere k\u00fct\u00fcphane kurma \u00e7al\u0131\u015fmalar\u0131na ba\u015flad\u0131m. 13 y\u0131ldan bu tarafa T\u00fcrkiye\u2019nin her yerine \u201cAtat\u00fcrk \u00c7ocuklar\u0131 K\u00fct\u00fcphanesi\u201d kurmak i\u00e7in \u00e7al\u0131\u015f\u0131yorum. K\u00fct\u00fcphaneleri okul i\u00e7inde de\u011fil k\u00f6ye ait bir binada a\u00e7\u0131yoruz. Bu \u015fekilde 7\u2019den 77\u2019ye herkese hitap eden kitaplardan olu\u015fan k\u00fct\u00fcphane tam bir halk ve k\u00f6y k\u00fct\u00fcphanesi konumunda. Hepsinin ad\u0131n\u0131 da \u201cAtat\u00fcrk \u00c7ocuklar\u0131 K\u00fct\u00fcphanesi\u201d olarak koyuyoruz.<\/p>\n<p><strong>&#8211; Kitaplar\u0131 nas\u0131l topluyorsunuz?\u00a0<\/strong><\/p>\n<p>Kitaplar\u0131n tamam\u0131 duyarl\u0131 insanlar\u0131n ba\u011f\u0131\u015flar\u0131yla toplan\u0131yor. Kesinlikle para kabul etmiyoruz. Tek ba\u011f\u0131\u015f kitap. Kitab\u0131 olmayanlar\u0131 anla\u015fmal\u0131 yay\u0131nevlerimiz var, onlara y\u00f6nlendiriyoruz ve kitap g\u00f6ndermelerini sa\u011fl\u0131yoruz. Ba\u011f\u0131\u015flad\u0131klar\u0131 kitaplar\u0131n do\u011fru y\u00f6ne gitti\u011fine inand\u0131klar\u0131 i\u00e7in ba\u011f\u0131\u015f say\u0131m\u0131z her ge\u00e7en g\u00fcn art\u0131yor. Y\u0131llard\u0131r kitap fuarlar\u0131na kat\u0131l\u0131yoruz, sosyal medyada payla\u015f\u0131mlar\u0131m\u0131zla tan\u0131t\u0131m yap\u0131yoruz. Bize inanan g\u00fcvenen insanlar T\u00fcrkiye\u2019nin her yerinden kitaplar g\u00f6nderiyorlar. \u0130nsanlar kitap toplayan belediyelere g\u00fcvenmiyor, bize g\u00fcveniyorlar. Ve bunu a\u00e7\u0131k a\u00e7\u0131k da s\u00f6yl\u00fcyorlar.<\/p>\n<p><strong>&#8211; \u015eu ana kadar ka\u00e7 kitap topland\u0131, ka\u00e7 k\u00f6yde k\u00fct\u00fcphane a\u00e7t\u0131n\u0131z? K\u00fct\u00fcphane hedefiniz nedir?\u00a0<\/strong><\/p>\n<p>T\u00fcrkiye\u2019nin bir\u00e7ok ilinde 39 k\u00fct\u00fcphane a\u00e7t\u0131k. Buralarda kitap say\u0131s\u0131 160 bini a\u015f\u0131yor. Kitaplar i\u00e7in herhangi bir ayr\u0131m yapm\u0131yoruz. K\u00fct\u00fcphanelerimiz tam bir halk k\u00fct\u00fcphanesi. Osmanl\u0131 tarihi de var, dinler tarihi de var, devrimler tarihi de var. Her d\u00fc\u015f\u00fcnceden her fikirden kitap ba\u011f\u0131\u015f\u0131 al\u0131yoruz. Biz insanlar i\u00e7in k\u00fct\u00fcphane kuruyoruz, d\u00fc\u015f\u00fcnce i\u00e7in de\u011fil. Sa\u011f-sol d\u00fc\u015f\u00fcncesi de\u011fil. Her ya\u015fa, her kesime uygun kitap ba\u011f\u0131\u015f\u0131 al\u0131yoruz. Y\u0131l sonuna kadar 45 k\u00fct\u00fcphane olacak. Ama benim hedefim 7 bin 500 k\u00f6ye \u201cAtat\u00fcrk \u00c7ocuklar\u0131 K\u00fct\u00fcphanesi\u201d a\u00e7mak. \u0130nan\u0131yorum ba\u015faraca\u011f\u0131z<\/p>\n<p><strong>&#8211; T\u00fcrkiye d\u0131\u015f\u0131nda Amerika\u2019da k\u00fct\u00fcphane a\u00e7acaks\u0131n\u0131z, ne zaman?\u00a0<\/strong><\/p>\n<p>Amerika New York\u2019ta, 23 Nisan 2020 y\u0131l\u0131nda T\u00fcrk Dernekleri \u0130\u015fbirli\u011fi ile yine ad\u0131 \u201cAtat\u00fcrk \u00c7ocuklar\u0131 K\u00fct\u00fcphanesi\u201d olacak. TBMM\u2019nin 100. y\u0131l\u0131nda a\u00e7\u0131lacak. Yine ba\u011f\u0131\u015f yoluyla toplanacak. 15 bin civar\u0131nda kitap g\u00f6ndermeyi d\u00fc\u015f\u00fcn\u00fcyoruz. Tabii bu kitaplar\u0131n hepsi T\u00fcrk\u00e7e olacak. Orada ya\u015fayan T\u00fcrklerin bu kitaplara daha kolay ula\u015fmas\u0131n\u0131 sa\u011flamak hedef.<\/p>\n<p><strong>&#8211; Her bir k\u00fct\u00fcphane a\u00e7\u0131lmas\u0131na yard\u0131mc\u0131 oldu\u011funuzda ne hissediyorsunuz?\u00a0<\/strong><\/p>\n<p>Kitab\u0131 eline alan bir \u00e7ocu\u011fun y\u00fcz\u00fcn\u00fcn g\u00fcld\u00fc\u011f\u00fcn\u00fc g\u00f6rd\u00fc\u011f\u00fcm\u00fcz an, en mutlu oldu\u011fumuz an oluyor. O an \u00e7ocu\u011fun y\u00fcz\u00fcne bak\u0131p o g\u00fcl\u00fc\u015f\u00fc g\u00f6rmem bana yetiyor. Muhte\u015fem bir \u015fey. \u00c7ocuklar\u0131n y\u00fcz\u00fcndeki o g\u00fcl\u00fc\u015f\u00fc g\u00f6rmek her \u015feye de\u011fer. Yorgunluk nedir, paras\u0131zl\u0131k nedir. Hepsi unutuluyor. Ben emekli de\u011filim, sosyal g\u00fcvencem yok. Gayrimenkul\u00fcm yok. Hayat\u0131mdan paray\u0131 \u00e7\u0131kard\u0131m. Ben kendimi feda etmiyorum, kendimden fedak\u00e2rl\u0131k da yapm\u0131yorum.<\/p>\n<p><strong>&#8211; Size neden \u2018Kitap Baba\u2019 diyorlar?\u00a0<\/strong><\/p>\n<p>Kendimi kitaplara adad\u0131m. K\u00fct\u00fcphane yapa yapa bana, \u201cKitap Baba\u201d lakab\u0131n\u0131 takt\u0131lar. \u00c7o\u011fu zaman bu lakapla beni \u00e7a\u011f\u0131r\u0131yorlar. Tabii ben de \u00e7ok mutlu oluyorum.<\/p>\n<p><strong>&#8211; Destek olmak isteyecek ki\u015filer size nas\u0131l ula\u015fabilir?<\/strong><\/p>\n<p>Cep telefonum internet ortam\u0131nda a\u00e7\u0131k bir \u015fekilde biliniyor. Kitap ba\u011f\u0131\u015flamak isteyen, yapt\u0131\u011f\u0131m\u0131z \u00e7al\u0131\u015fmalar hakk\u0131nda bilgi almak isteyen kitap dostlar\u0131 beni hi\u00e7 \u00e7ekinmeden arayabilirler. Telefonum: 0533 030 91 00.<\/p>\n<p><a href=\"http:\/\/www.cumhuriyet.com.tr\" target=\"_blank\" rel=\"noopener\">Kaynak<\/a><\/p>\n","protected":false},"excerpt":{"rendered":"<p>\u0130zmir\u2019de imk\u00e2ns\u0131zl\u0131ktan dolay\u0131 kitap okuyamayanlara ula\u015fmay\u0131 ama\u00e7layan okuma sevdal\u0131s\u0131 Mesut Tim, ba\u011f\u0131\u015flarla toplad\u0131\u011f\u0131 kitaplarla 39 k\u00f6yde \u201cAtat\u00fcrk \u00c7ocuklar\u0131 K\u00fct\u00fcphanesi\u201d kurdu. \u201cKitap Baba\u201d lakab\u0131yla an\u0131lan Mesut Tim\u2019in hedefi T\u00fcrkiye genelinde 7 bin 500 k\u00f6yde k\u00fct\u00fcphane a\u00e7mak.<\/p>\n","protected":false},"author":1,"featured_media":26910,"comment_status":"open","ping_status":"open","sticky":false,"template":"","format":"standard","meta":{"footnotes":""},"categories":[1539,1],"tags":[],"class_list":["post-26909","post","type-post","status-publish","format-standard","has-post-thumbnail","hentry","category-ataturk-cocuklari-kutuphanesi","category-genel"],"_links":{"self":[{"href":"https:\/\/www.bbyhaber.com\/bby\/wp-json\/wp\/v2\/posts\/26909"}],"collection":[{"href":"https:\/\/www.bbyhaber.com\/bby\/wp-json\/wp\/v2\/posts"}],"about":[{"href":"https:\/\/www.bbyhaber.com\/bby\/wp-json\/wp\/v2\/types\/post"}],"author":[{"embeddable":true,"href":"https:\/\/www.bbyhaber.com\/bby\/wp-json\/wp\/v2\/users\/1"}],"replies":[{"embeddable":true,"href":"https:\/\/www.bbyhaber.com\/bby\/wp-json\/wp\/v2\/comments?post=26909"}],"version-history":[{"count":2,"href":"https:\/\/www.bbyhaber.com\/bby\/wp-json\/wp\/v2\/posts\/26909\/revisions"}],"predecessor-version":[{"id":26912,"href":"https:\/\/www.bbyhaber.com\/bby\/wp-json\/wp\/v2\/posts\/26909\/revisions\/26912"}],"wp:featuredmedia":[{"embeddable":true,"href":"https:\/\/www.bbyhaber.com\/bby\/wp-json\/wp\/v2\/media\/26910"}],"wp:attachment":[{"href":"https:\/\/www.bbyhaber.com\/bby\/wp-json\/wp\/v2\/media?parent=26909"}],"wp:term":[{"taxonomy":"category","embeddable":true,"href":"https:\/\/www.bbyhaber.com\/bby\/wp-json\/wp\/v2\/categories?post=26909"},{"taxonomy":"post_tag","embeddable":true,"href":"https:\/\/www.bbyhaber.com\/bby\/wp-json\/wp\/v2\/tags?post=26909"}],"curies":[{"name":"wp","href":"https:\/\/api.w.org\/{rel}","templated":true}]}}