{"id":26906,"date":"2019-07-27T01:38:59","date_gmt":"2019-07-26T22:38:59","guid":{"rendered":"http:\/\/www.bbyhaber.com\/bby\/?p=26906"},"modified":"2019-08-09T17:25:09","modified_gmt":"2019-08-09T14:25:09","slug":"osmaniye-korkut-ata-universitesi-dr-ogr-uyesi-ilani-son-basvuru-09-08-2019","status":"publish","type":"post","link":"https:\/\/www.bbyhaber.com\/bby\/2019\/07\/27\/osmaniye-korkut-ata-universitesi-dr-ogr-uyesi-ilani-son-basvuru-09-08-2019","title":{"rendered":"Osmaniye Korkut Ata \u00dcniversitesi &#8220;Dr. \u00d6\u011fr. \u00dcyesi&#8221;\u00a0\u0130lan\u0131-Son Ba\u015fvuru-09.08.2019"},"content":{"rendered":"<p style=\"text-align: justify;\"><a href=\"http:\/\/www.bbyhaber.com\/bby\/wp-content\/uploads\/2017\/05\/osmaniye.jpg\"><img loading=\"lazy\" decoding=\"async\" class=\"alignleft size-full wp-image-22002\" src=\"http:\/\/www.bbyhaber.com\/bby\/wp-content\/uploads\/2017\/05\/osmaniye.jpg\" alt=\"\" width=\"390\" height=\"180\" \/><\/a><a href=\"http:\/\/www.bbyhaber.com\/bby\/2019\/04\/05\/osmaniye-korkut-ata-universitesi-acilan-ve-sonuclanan-davaya-ragmen-ayni-is-ilanini-tekrarladi\" target=\"_blank\" rel=\"noopener\">Osmaniye Korkut Ata \u00dcniversitesi<\/a> Kadirli Sosyal ve Be\u015feri Bilimler Fak\u00fcltesi Bilgi ve Belge Y\u00f6netimi B\u00f6l\u00fcm\u00fc i\u00e7in; &#8220;<strong>Bilgi ve Belge Y\u00f6netimi<\/strong> <span style=\"color: #ff0000;\"><strong>veya<\/strong> <\/span><strong>Tarih alan\u0131nda<\/strong> <em>doktora yapm\u0131\u015f olmak<\/em>.&#8221; \u00f6zel \u015fart\u0131 ile <span style=\"color: #ff0000;\"><strong>1<\/strong>\u00a0<\/span><strong>Dr. \u00d6\u011fr. \u00dcyesi\u00a0<\/strong>al\u0131nacakt\u0131r.<br \/>\n<!--more--><\/p>\n<table style=\"color: #000000; font-family: Arial, Tahoma, Verdana; font-size: 15px; line-height: 18px;\" border=\"1\" width=\"344\" cellspacing=\"0\" cellpadding=\"0\">\n<colgroup>\n<col width=\"233\" \/>\n<col width=\"111\" \/> <\/colgroup>\n<tbody>\n<tr>\n<td width=\"233\" height=\"20\">Kadro Unvan<\/td>\n<td width=\"111\"><strong>Dr. \u00d6\u011fr. \u00dcyesi<\/strong><\/td>\n<\/tr>\n<tr>\n<td height=\"20\"><\/td>\n<td><\/td>\n<\/tr>\n<tr>\n<td height=\"20\"><\/td>\n<td><\/td>\n<\/tr>\n<tr>\n<td height=\"20\">Kadro Say\u0131s\u0131<\/td>\n<td><span style=\"color: #ff0000;\"><b>1<\/b><\/span><\/td>\n<\/tr>\n<tr>\n<td height=\"20\">Kadro Derecesi<\/td>\n<td>5<\/td>\n<\/tr>\n<tr>\n<td height=\"20\">Ba\u015fvuru Tipi<\/td>\n<td><strong>\u015eahsen<\/strong><\/td>\n<\/tr>\n<tr>\n<td height=\"20\"><strong><span style=\"color: #0000ff;\">\u00d6zel \u015eart<\/span><\/strong><\/td>\n<td style=\"text-align: justify;\"><strong>Bilgi ve Belge Y\u00f6netimi<\/strong> <span style=\"color: #ff0000;\"><strong>veya<\/strong> <\/span><strong>Tarih alan\u0131nda<\/strong> <em>doktora yapm\u0131\u015f olmak<\/em>.<\/td>\n<\/tr>\n<tr>\n<td height=\"20\">Ba\u015fvuru Yeri<\/td>\n<td>Osmaniye Korkut Ata \u00dcniversitesi-Kadirli Sosyal ve Be\u015feri Bilimler Fak\u00fcltesi<\/td>\n<\/tr>\n<tr>\n<td height=\"20\"><strong style=\"color: #ff0000; font-family: Arial, Tahoma, Verdana; font-size: 15px; line-height: 18px;\">Son Ba\u015fvuru Tarihi<\/strong><\/td>\n<td><span style=\"font-family: Arial, Tahoma, Verdana;\"><span style=\"font-size: 15px;\"><strong>09.08.2019<\/strong><\/span><\/span><\/td>\n<\/tr>\n<tr>\n<td height=\"20\"><\/td>\n<td><\/td>\n<\/tr>\n<tr>\n<td height=\"20\"><\/td>\n<td><\/td>\n<\/tr>\n<tr>\n<td height=\"20\"><\/td>\n<td><\/td>\n<\/tr>\n<\/tbody>\n<\/table>\n<p><span style=\"color: #0000ff;\"><strong><span style=\"color: #0000ff;\"><a href=\"http:\/\/osmaniye.edu.tr\/duyuru-9175&amp;ogretim-uyesi-%C4%B0lani\" target=\"_blank\" rel=\"noopener\">Daha fazla bilgi ve belge i\u00e7in t\u0131klay\u0131n\u0131z<\/a><\/span><\/strong><\/span><\/p>\n<p>**DOKTOR \u00d6\u011eRET\u0130M \u00dcYES\u0130 kadrolar\u0131na ba\u015fvuracak adaylar\u0131n;<\/p>\n<p>Ba\u015fvurduklar\u0131 birim ve anabilim dal\u0131n\u0131 belirten dilek\u00e7eleri<br \/>\n\u00d6zge\u00e7mi\u015f<br \/>\n2 (iki) Adet Foto\u011fraf<br \/>\nN\u00fcfus C\u00fczdan\u0131 Sureti<br \/>\nYabanc\u0131 Dil Sonu\u00e7 Belgesi<br \/>\nLisans, Y\u00fcksek Lisans, Doktora Belgeleri (Asl\u0131 veya Noter Onayl\u0131)<br \/>\nG\u00fcvenlik Soru\u015fturmas\u0131 Formu (2 N\u00fcsha)<br \/>\nYay\u0131n Listesi<br \/>\n4 (d\u00f6rt) tak\u0131m halinde haz\u0131rlayacaklar\u0131 bilimsel \u00e7al\u0131\u015fma ve yay\u0131n dosyalar\u0131n\u0131 ekleyerek,<\/p>\n<p>\u00dcniversitemizin ilgili Fak\u00fclte, Y\u00fcksekokul ve Meslek Y\u00fcksekokullar\u0131na<span style=\"color: #ff0000;\"><strong> \u015fahsen teslim etmeleri gerekmekte olup<\/strong><\/span>, istenilen belgelerin \u2018Asl\u0131 Gibidir\u2019 yap\u0131lmas\u0131 ilgili birim taraf\u0131ndan yap\u0131lacakt\u0131r.<\/p>\n","protected":false},"excerpt":{"rendered":"<p>Osmaniye Korkut Ata \u00dcniversitesi Kadirli Sosyal ve Be\u015feri Bilimler Fak\u00fcltesi Bilgi ve Belge Y\u00f6netimi B\u00f6l\u00fcm\u00fc i\u00e7in; &#8220;Bilgi ve Belge Y\u00f6netimi veya Tarih alan\u0131nda doktora yapm\u0131\u015f olmak.&#8221; \u00f6zel \u015fart\u0131 ile 1\u00a0Dr. \u00d6\u011fr. \u00dcyesi\u00a0al\u0131nacakt\u0131r.<\/p>\n","protected":false},"author":1,"featured_media":22002,"comment_status":"open","ping_status":"open","sticky":false,"template":"","format":"standard","meta":{"footnotes":""},"categories":[],"tags":[1393],"class_list":["post-26906","post","type-post","status-publish","format-standard","has-post-thumbnail","hentry","tag-bby-is-ilanlari-arsivi"],"_links":{"self":[{"href":"https:\/\/www.bbyhaber.com\/bby\/wp-json\/wp\/v2\/posts\/26906"}],"collection":[{"href":"https:\/\/www.bbyhaber.com\/bby\/wp-json\/wp\/v2\/posts"}],"about":[{"href":"https:\/\/www.bbyhaber.com\/bby\/wp-json\/wp\/v2\/types\/post"}],"author":[{"embeddable":true,"href":"https:\/\/www.bbyhaber.com\/bby\/wp-json\/wp\/v2\/users\/1"}],"replies":[{"embeddable":true,"href":"https:\/\/www.bbyhaber.com\/bby\/wp-json\/wp\/v2\/comments?post=26906"}],"version-history":[{"count":2,"href":"https:\/\/www.bbyhaber.com\/bby\/wp-json\/wp\/v2\/posts\/26906\/revisions"}],"predecessor-version":[{"id":26913,"href":"https:\/\/www.bbyhaber.com\/bby\/wp-json\/wp\/v2\/posts\/26906\/revisions\/26913"}],"wp:featuredmedia":[{"embeddable":true,"href":"https:\/\/www.bbyhaber.com\/bby\/wp-json\/wp\/v2\/media\/22002"}],"wp:attachment":[{"href":"https:\/\/www.bbyhaber.com\/bby\/wp-json\/wp\/v2\/media?parent=26906"}],"wp:term":[{"taxonomy":"category","embeddable":true,"href":"https:\/\/www.bbyhaber.com\/bby\/wp-json\/wp\/v2\/categories?post=26906"},{"taxonomy":"post_tag","embeddable":true,"href":"https:\/\/www.bbyhaber.com\/bby\/wp-json\/wp\/v2\/tags?post=26906"}],"curies":[{"name":"wp","href":"https:\/\/api.w.org\/{rel}","templated":true}]}}