{"id":26871,"date":"2019-07-13T15:58:44","date_gmt":"2019-07-13T12:58:44","guid":{"rendered":"http:\/\/www.bbyhaber.com\/bby\/?p=26871"},"modified":"2019-07-13T23:24:38","modified_gmt":"2019-07-13T20:24:38","slug":"tuikin-kutuphane-istatistikleri-ne-kadar-dogru-aydin-ileri","status":"publish","type":"post","link":"https:\/\/www.bbyhaber.com\/bby\/2019\/07\/13\/tuikin-kutuphane-istatistikleri-ne-kadar-dogru-aydin-ileri","title":{"rendered":"T\u00dc\u0130K&#8217;in k\u00fct\u00fcphane istatistikleri ne kadar do\u011fru!- Ayd\u0131n \u0130leri"},"content":{"rendered":"<div><strong><a href=\"http:\/\/www.bbyhaber.com\/bby\/wp-content\/uploads\/2019\/07\/tuik-2018.jpg\"><img loading=\"lazy\" decoding=\"async\" class=\"alignleft size-full wp-image-26872\" src=\"http:\/\/www.bbyhaber.com\/bby\/wp-content\/uploads\/2019\/07\/tuik-2018.jpg\" alt=\"\" width=\"390\" height=\"180\" \/><\/a>T\u00fcrk K\u00fct\u00fcphaneciler Derne\u011fi Genel Ba\u015fkan Yard\u0131mc\u0131s\u0131 Ayd\u0131n \u0130leri<\/strong>, <strong>T\u00fcrkiye \u0130statistik Kurumu&#8217;nun (T\u00dc\u0130K)\u00a0<\/strong>T\u00fcrkiye&#8217;deki <strong>k\u00fct\u00fcphane say\u0131s\u0131<\/strong>na ili\u015fkin a\u00e7\u0131klad\u0131\u011f\u0131 istatistiklere sert tepki g\u00f6stererek &#8220;Bir kurum halk\u0131na yalan s\u00f6yler mi?&#8221; dedi.<\/div>\n<p><!--more--><\/p>\n<div>\n<p>T\u00fcrk K\u00fct\u00fcphaneciler Derne\u011fi Genel Ba\u015fkan Yard\u0131mc\u0131s\u0131 ve Okul K\u00fct\u00fcphanecileri Derne\u011fi Ba\u015fkan\u0131 Ayd\u0131n \u0130leri, TU\u0130K\u2019in T\u00fcrkiye\u2019deki k\u00fct\u00fcphanelerle ilgili bu hafta a\u00e7\u0131klad\u0131\u011f\u0131 istatistik rakamlar\u0131 \u00fczerine dikkat \u00e7ekici a\u00e7\u0131klamalarda bulundu.<\/p>\n<p>TU\u0130K\u2019in 2018 y\u0131l\u0131 verilerine g\u00f6re T\u00fcrkiye\u2019de 31 bin 451 k\u00fct\u00fcphanenin faaliyet g\u00f6sterdi\u011fini belirten Ayd\u0131n \u0130leri ger\u00e7ekte k\u00fct\u00fcphane say\u0131s\u0131n\u0131n be\u015f bini ge\u00e7medi\u011fini belirtti. \u0130leri; \u201c\u015ei\u015firme istatistikler de\u011fil, ger\u00e7eklerle acil bir k\u00fclt\u00fcr, k\u00fct\u00fcphane politikam\u0131z olmal\u0131. Metropollerde b\u00fcy\u00fckl\u00fckleriyle \u00f6v\u00fcn\u00fclen k\u00fct\u00fcphanelerden ziyade en k\u00fc\u00e7\u00fck ya\u015fam birimine kadar ula\u015facak k\u00fct\u00fcphaneler, kitapl\u0131klar, okuma odalar\u0131 a\u00e7\u0131lmas\u0131, okuma k\u00fclt\u00fcr\u00fc seferberli\u011fi yap\u0131lmas\u0131 e\u011fitim ve k\u00fclt\u00fcr bakanl\u0131klar\u0131n\u0131n en acil g\u00f6revi olmal\u0131\u201d dedi.<\/p>\n<p><strong>&#8220;\u0130STAT\u0130ST\u0130K KURUMU HALKINA YALAN S\u00d6YLER M\u0130&#8221;<\/strong><\/p>\n<p>Ayd\u0131n \u0130leri; \u201cT\u00dc\u0130K her y\u0131l standart bilgi formlar\u0131n\u0131 belli kurumlara g\u00f6nderiyor. Bu formlarda zorunluluk gere\u011fi dolduruluyor. Gelen bilgiler alt alta \u00fcst \u00fcste toplan\u0131p bu y\u0131l T\u00fcrkiye\u2019de bilmem ka\u00e7 k\u00fct\u00fcphane var diye rapor\/b\u00fclten yay\u0131nl\u0131yor. \u2018\u0130statistik\u2019 \u00a0komedisiyle T\u00fcrkiye bir k\u00fct\u00fcphane cenneti gibi g\u00f6steriliyor.\u00a0\u00dclkenin g\u00fcvenilir tek istatistik kurumu halk\u0131na \u2018yalan\u2019 s\u00f6yler mi? Eksik bilgi vererek, yanl\u0131\u015f bilgi vererek halk\u0131n\u0131 aldat\u0131r m\u0131? Ve daha \u00f6nemlisi \u00fclkenin gazeteleri, yay\u0131n organlar\u0131 bu verileri hi\u00e7 sorgulamadan incelemeden irdelemeden yay\u0131nlar m\u0131?\u00a0K\u00fct\u00fcphane ve k\u00fclt\u00fcr istatistiklerini \u015fi\u015firerek k\u00fclt\u00fcrl\u00fc olunmaz\u201d ifadelerini kulland\u0131.<\/p>\n<p><strong>&#8220;T\u00dc\u0130K\u2019\u0130N VER\u0130LER\u0130 GER\u00c7E\u011e\u0130 YANSITMIYOR&#8221;<\/strong><\/p>\n<p>T\u00dc\u0130K verilerinin \u00e7eli\u015fti\u011fini belirten \u0130leri, \u201cT\u00dc\u0130K&#8217;in ve MEB&#8217;in istatistik verileri d\u00f6rt duvar aras\u0131nda raflarda g\u00f6rd\u00fc\u011f\u00fc her kitab\u0131ms\u0131 k\u00e2\u011f\u0131t topluluklar\u0131n\u0131 k\u00fct\u00fcphane olarak de\u011ferlendiriyor.\u00a0Milli E\u011fitim okul \u0130statistiklerinde okul say\u0131s\u0131\u00a065 bin 564. T\u00dc\u0130K\u2019in okullar i\u00e7in verdi\u011fi\u00a026 bin 690\u00a0k\u00fct\u00fcphane rakam\u0131n\u0131 do\u011fru kabul edecek olursak\u00a0T\u00fcrkiye e\u011fitim kurumlar\u0131n\u0131n\u00a038 bin 874\u00a0okulda k\u00fct\u00fcphane yok.\u00a0MEB&#8217;in Z-K\u00fct\u00fcphane sayfas\u0131nda T\u00fcrkiye Geneli Okul K\u00fct\u00fcphanesi Say\u0131s\u0131:\u00a018 bin 916, T\u00dc\u0130K verileri ile MEB Z K\u00fct\u00fcphane sayfas\u0131 verileri bile \u00e7eli\u015fiyor.\u00a0T\u00dc\u0130K ve MEB&#8217;in verileri do\u011fru kabul edecek olsak bile e\u011fitim verdi\u011fimiz \u00e7ocuklar\u0131n, gen\u00e7lerin yar\u0131s\u0131ndan fazlas\u0131 e\u011fitimde k\u00fct\u00fcphane hizmetinden mahrum\u201d diye belirtti.<\/p>\n<p><strong>&#8220;D\u00dcNYADA B\u0130L\u0130MSEL YAYIN \u00dcRET\u0130M\u0130NDE GER\u0130DEY\u0130Z&#8221;<\/strong><\/p>\n<p>\u00c7ocuk k\u00fct\u00fcphanelerinin say\u0131s\u0131na da de\u011finen \u0130leri, \u201cK\u00fclt\u00fcr ve Turizm Bakanl\u0131\u011f\u0131\u2019na ba\u011fl\u0131 sadece \u00e7ocuk k\u00fct\u00fcphanesi olarak hizmet veren 60\u2019a yak\u0131n, yerel y\u00f6netimlerin \u00e7ocuk k\u00fct\u00fcphanelerini de katarsak 120\u2019ye yak\u0131n \u00e7ocuk k\u00fct\u00fcphanesi istatistiklerde belirtilmiyor. Ayr\u0131ca Halk K\u00fct\u00fcphaneleri, sadece k\u00fclt\u00fcr ve turizm bakanl\u0131\u011f\u0131na ait k\u00fct\u00fcphanelerden al\u0131nan verilerle sunulmu\u015f.\u00a0Bu verilerin kendisi bile ger\u00e7ekleri yans\u0131tm\u0131yor. 1162 halk k\u00fct\u00fcphanesinin\u00a0126\u2019s\u0131 halen personel yoklu\u011fu ya da farkl\u0131 nedenler ile ge\u00e7ici kapal\u0131, kapal\u0131l\u0131k s\u00fcresi 15 y\u0131l\u0131 ge\u00e7en k\u00fct\u00fcphaneler var. 957 il\u00e7emizin maalesef 121\u2019inde k\u00fct\u00fcphane bulunmuyor. Bu 121 il\u00e7ede ya\u015fayan yakla\u015f\u0131k on bir milyon vatanda\u015f\u0131m\u0131z k\u00fct\u00fcphane kavram\u0131ndan uzak ya\u015f\u0131yor.\u00a0T\u00fcrkiye\u2019de 2017-2018 \u00f6\u011fretim y\u0131l\u0131nda \u00fcniversitelerde 7 milyon 560 bin 371 \u00f6\u011frenci e\u011fitim ald\u0131. Bu \u00f6\u011frencilere e\u011fitim veren k\u00fct\u00fcphane say\u0131s\u0131 598. Fak\u00fclteler ve meslek y\u00fcksek okullar\u0131n\u0131n fiziksel da\u011f\u0131l\u0131mlar\u0131na bak\u0131ld\u0131\u011f\u0131nda akademik e\u011fitimde de k\u00fct\u00fcphane say\u0131s\u0131 yetersiz. Bilimsel yay\u0131n \u00fcretiminde uluslararas\u0131 alanda hala gerilerdeyiz\u201d\u00a0dedi.<\/p>\n<p><strong>&#8220;B\u0130R\u00c7OK K\u00dcT\u00dcPHANE T\u00dcR\u00dc YOK SAYILIYOR&#8221;<\/strong><\/p>\n<p>Verilerde k\u00fct\u00fcphanelerin yok say\u0131ld\u0131\u011f\u0131n\u0131 s\u00f6yleyen \u0130leri, \u201cYay\u0131nlanan istatistiklerde say\u0131s\u0131 300\u2019\u00fc ge\u00e7en ve \u00f6rnek \u00e7al\u0131\u015fmalara imza atan yerel y\u00f6netim k\u00fct\u00fcphanelerine hi\u00e7 de\u011finilmemi\u015f.\u00a0Sadece \u0130stanbul B\u00fcy\u00fck\u015fehir Belediyesi b\u00fcnyesinde 30\u2019dan fazla nitelikli k\u00fct\u00fcphane var. Kad\u0131k\u00f6y, Beylikd\u00fcz\u00fc, Ba\u011fc\u0131lar, Pendik, Zeytinburnu, Beyo\u011flu gibi \u00e7ok \u00f6nemli k\u00fct\u00fcphane hizmetleri veren belediyelerin hizmetlerinin g\u00f6rmezden gelinmesi, analiz edilmemesi \u0130statistik bilimine yak\u0131\u015fm\u0131yor.\u00a0\u0130stanbul, Ankara, \u0130zmir, Antalya, Kayseri, Bursa, Kahramanmara\u015f ve Gaziantep\u2019te ve bir\u00e7ok ilde hizmet sunan yerel y\u00f6netim k\u00fct\u00fcphaneleri bu verilere g\u00f6re yok say\u0131l\u0131yor\u201d dedi.<\/p>\n<p>\u0130leri konu\u015fmas\u0131n\u0131 \u015f\u00f6yle s\u00fcrd\u00fcrd\u00fc:<\/p>\n<p><strong>&#8220;K\u00dcLL\u0130YE\/SARAY K\u00dcT\u00dcPHANES\u0130 B\u0130LE \u0130STAT\u0130ST\u0130\u011eE D\u00c2H\u0130L ED\u0130LMEM\u0130\u015e&#8221;<\/strong><\/p>\n<p>\u201cCumhurba\u015fkanl\u0131\u011f\u0131 k\u00fclliyesindeki b\u00fcy\u00fckl\u00fc\u011f\u00fc ile \u00f6v\u00fcn\u00fclen \u2018saray k\u00fct\u00fcphanesi\u2019 bile T\u00dc\u0130K istatistiklerinde yer verilmemi\u015f. MEB\u2019in, Diyanet \u0130\u015fleri Ba\u015fkanl\u0131\u011f\u0131n\u0131n, TCDD\u2019nin, sanayi odalar\u0131n\u0131n, ticaret odalar\u0131n\u0131n, borsalar birli\u011finin vb. bir\u00e7ok kurumun k\u00fct\u00fcphaneleri bu istatistiklerde yer bulamam\u0131\u015f. Kamu kurumlar\u0131 k\u00fct\u00fcphanelerinden veri alamayan bu veriyi analiz edemeyen bir istatistik kurumumuz var. IRC\u0130CA, \u0130SAM, Ar\u00e7elik, \u015e\u0130\u015eECAM, \u0130stanbul Ara\u015ft\u0131rmalar\u0131 Enstit\u00fcs\u00fc, \u0130zmir Milli K\u00fct\u00fcphanesi vb. hizmet sunan \u00e7ok \u00f6nemli k\u00fct\u00fcphane ve bilgi merkezi k\u00fct\u00fcphane bu verilerin d\u0131\u015f\u0131nda kalmas\u0131 verilen de\u011ferli hizmetlere haks\u0131zl\u0131k.<\/p>\n<p><strong>&#8220;K\u00dcT\u00dcPHANELER FIRSAT E\u015e\u0130TL\u0130\u011e\u0130 SUNAR&#8221;<\/strong><\/p>\n<p>2018 ve 2019&#8217;daki d\u00f6vizin art\u0131\u015f\u0131 olmayan okuma al\u0131\u015fkanl\u0131\u011f\u0131m\u0131z\u0131 olumsuz etkiledi. Yay\u0131nc\u0131l\u0131k sekt\u00f6r\u00fcn\u00fcn \u00fcretimdeki her a\u015famas\u0131ndaki d\u0131\u015fa ba\u011f\u0131ml\u0131l\u0131k ka\u011f\u0131t, m\u00fcrekkep, makine, telif haklar\u0131 vd. kalemler \u00fcretimi d\u00fc\u015f\u00fcrd\u00fc. Kitap fiyatlar\u0131 y\u00fckseldi, halk\u0131n kitap al\u0131m\u0131, k\u00fclt\u00fcr harcamalar\u0131 d\u00fc\u015ft\u00fc.\u00a0Tam da bu noktada k\u00fct\u00fcphaneler, sosyal devletin hizmeti olan; Halk K\u00fct\u00fcphaneleri, okul k\u00fct\u00fcphaneleri, \u00e7ocuk k\u00fct\u00fcphaneleri ve \u00fcniversite k\u00fct\u00fcphaneleri daha da de\u011fer kazand\u0131.\u00a0K\u00fct\u00fcphaneler sosyal adaletsizli\u011fin oldu\u011fu, yoksullu\u011fun artt\u0131\u011f\u0131 \u00fclkelerde f\u0131rsat e\u015fitli\u011fi sunar. Toplumdaki bilgi e\u015fitsizli\u011fini ortadan kalkmas\u0131na \u00f6nc\u00fcl\u00fck eder.\u201d<\/p>\n<p><strong>&#8220;K\u00dcT\u00dcPHANEC\u0130 KADROSU YOK&#8221;<\/strong><\/p>\n<p>K\u00fct\u00fcphaneci kadrosu olmad\u0131\u011f\u0131n\u0131 da belirten \u0130leri; \u201cRaflarda duran kitap y\u0131\u011f\u0131nlar\u0131n\u0131 i\u015flevli k\u0131lacak olan, \u00f6\u011fretmene, \u00f6\u011frenciye, velilere rehberlik ve liderlik yapacak olan k\u00fct\u00fcphanecidir. K\u00fct\u00fcphaneye ya\u015fam katan, enerji katan k\u00fct\u00fcphanecidir. Ancak maalesef \u2018k\u00fct\u00fcphaneci\u2019 diye bir kadro bile yok. Var oldu\u011fu s\u00f6ylenen okul k\u00fct\u00fcphanelerinde baz\u0131 \u2018\u00f6zel okullar\u2019 hari\u00e7 \u00e7al\u0131\u015fan k\u00fct\u00fcphaneci say\u0131s\u0131 s\u0131f\u0131r.\u00a0MEB\u2019in resmi okulunda \u2018K\u00fct\u00fcphaneci Kadrosu\u2019 ile \u00e7al\u0131\u015fan personeli yok.\u00a0\u00d6zel okullar\u0131n genelinde bile k\u00fct\u00fcphane yok. K\u00fct\u00fcphaneci \u00e7ok az say\u0131da istihdam ediliyor\u201d dedi.<\/p>\n<\/div>\n<p><a href=\"https:\/\/www.yenicaggazetesi.com.tr\/\" target=\"_blank\" rel=\"noopener\">Kaynak<\/a><\/p>\n","protected":false},"excerpt":{"rendered":"<p>T\u00fcrk K\u00fct\u00fcphaneciler Derne\u011fi Genel Ba\u015fkan Yard\u0131mc\u0131s\u0131 Ayd\u0131n \u0130leri, T\u00fcrkiye \u0130statistik Kurumu&#8217;nun (T\u00dc\u0130K)\u00a0T\u00fcrkiye&#8217;deki k\u00fct\u00fcphane say\u0131s\u0131na ili\u015fkin a\u00e7\u0131klad\u0131\u011f\u0131 istatistiklere sert tepki g\u00f6stererek &#8220;Bir kurum halk\u0131na yalan s\u00f6yler mi?&#8221; dedi.<\/p>\n","protected":false},"author":1,"featured_media":26872,"comment_status":"open","ping_status":"open","sticky":false,"template":"","format":"standard","meta":{"footnotes":""},"categories":[1476,1,1506],"tags":[],"class_list":["post-26871","post","type-post","status-publish","format-standard","has-post-thumbnail","hentry","category-aydin-ileri","category-genel","category-tuik-kutuphane-istatistikleri"],"_links":{"self":[{"href":"https:\/\/www.bbyhaber.com\/bby\/wp-json\/wp\/v2\/posts\/26871"}],"collection":[{"href":"https:\/\/www.bbyhaber.com\/bby\/wp-json\/wp\/v2\/posts"}],"about":[{"href":"https:\/\/www.bbyhaber.com\/bby\/wp-json\/wp\/v2\/types\/post"}],"author":[{"embeddable":true,"href":"https:\/\/www.bbyhaber.com\/bby\/wp-json\/wp\/v2\/users\/1"}],"replies":[{"embeddable":true,"href":"https:\/\/www.bbyhaber.com\/bby\/wp-json\/wp\/v2\/comments?post=26871"}],"version-history":[{"count":3,"href":"https:\/\/www.bbyhaber.com\/bby\/wp-json\/wp\/v2\/posts\/26871\/revisions"}],"predecessor-version":[{"id":26875,"href":"https:\/\/www.bbyhaber.com\/bby\/wp-json\/wp\/v2\/posts\/26871\/revisions\/26875"}],"wp:featuredmedia":[{"embeddable":true,"href":"https:\/\/www.bbyhaber.com\/bby\/wp-json\/wp\/v2\/media\/26872"}],"wp:attachment":[{"href":"https:\/\/www.bbyhaber.com\/bby\/wp-json\/wp\/v2\/media?parent=26871"}],"wp:term":[{"taxonomy":"category","embeddable":true,"href":"https:\/\/www.bbyhaber.com\/bby\/wp-json\/wp\/v2\/categories?post=26871"},{"taxonomy":"post_tag","embeddable":true,"href":"https:\/\/www.bbyhaber.com\/bby\/wp-json\/wp\/v2\/tags?post=26871"}],"curies":[{"name":"wp","href":"https:\/\/api.w.org\/{rel}","templated":true}]}}