{"id":26821,"date":"2019-07-01T15:26:11","date_gmt":"2019-07-01T12:26:11","guid":{"rendered":"http:\/\/www.bbyhaber.com\/bby\/?p=26821"},"modified":"2019-07-02T07:55:30","modified_gmt":"2019-07-02T04:55:30","slug":"turkiyede-halk-kutuphaneleri-yayin-secim-saglama-politikasi-ve-uygulamasi-degistirilmelidir-prof-dr-bulent-yilmaz","status":"publish","type":"post","link":"https:\/\/www.bbyhaber.com\/bby\/2019\/07\/01\/turkiyede-halk-kutuphaneleri-yayin-secim-saglama-politikasi-ve-uygulamasi-degistirilmelidir-prof-dr-bulent-yilmaz","title":{"rendered":"T\u00fcrkiye\u2019de Halk K\u00fct\u00fcphaneleri Yay\u0131n Se\u00e7im\/Sa\u011flama Politikas\u0131 ve Uygulamas\u0131 De\u011fi\u015ftirilmelidir! | Prof. Dr. B\u00fclent Y\u0131lmaz"},"content":{"rendered":"<p>[avatar user=&#8221;bulentyilmaz&#8221; \/]<a href=\"http:\/\/www.bbyhaber.com\/bby\/author\/bulentyilmaz\"><br \/>\nProf.Dr.B\u00fclent YILMAZ<\/a><br \/>\n<strong>Hacettepe \u00dcniversitesi BBY B\u00f6l\u00fcm\u00fc \u00d6\u011fretim \u00dcyesi<\/strong><\/p>\n<p><a href=\"http:\/\/www.bbyhaber.com\/bby\/wp-content\/uploads\/2019\/07\/TurkiyedeHalkKutuphaneleriYayinSecimSaglamaPolitikasiveUygulamas\u0131Degistirilmelidir.jpg\"><img loading=\"lazy\" decoding=\"async\" class=\"alignleft size-full wp-image-26822\" src=\"http:\/\/www.bbyhaber.com\/bby\/wp-content\/uploads\/2019\/07\/TurkiyedeHalkKutuphaneleriYayinSecimSaglamaPolitikasiveUygulamas\u0131Degistirilmelidir.jpg\" alt=\"\" width=\"390\" height=\"180\" \/><\/a>\u00d6nce k\u0131sa iki saptama yapal\u0131m: \u0130lki, halk k\u00fct\u00fcphanelerinin en \u00f6nemli niteli\u011finin \u201cyerel\u201d olu\u015fudur; t\u00fcm unsur ve hizmetlerini belirleyen temel \u00f6zellik budur. \u0130kincisi ise, t\u00fcm k\u00fct\u00fcphaneler gibi halk k\u00fct\u00fcphanesi i\u00e7in de derme (koleksiyon) geli\u015ftirme \u00e7ok \u00f6nemlidir. Derme, k\u00fct\u00fcphaneyi g\u00fc\u00e7l\u00fc k\u0131lan\/g\u00fc\u00e7lendiren temel unsurdur. Kan\u0131mca, derme olu\u015fturma bir k\u00fct\u00fcphanecinin en \u00f6nemli ve ciddi i\u015flerinden, temel g\u00f6revlerinden birisidir. Daha a\u00e7\u0131k\u00e7as\u0131, <strong>derme olu\u015fturma, bizim k\u00fct\u00fcphaneler i\u00e7in \u00f6nemli olarak d\u00fc\u015f\u00fcnd\u00fc\u011f\u00fcm\u00fcz i\u015flerden \u00e7ok daha \u00f6nemlidir.<\/strong><!--more--><\/p>\n<p>Bir halk k\u00fct\u00fcphanesi sadece bulundu\u011fu y\u00f6reye (mahalle, semt, kasaba, il\u00e7e, il vb.) hizmet vermeyi hedefler. Halk k\u00fct\u00fcphanesinin bu yerellik \u00f6zelli\u011fi t\u00fcm yap\u0131sal unsurlar\u0131 (bina, b\u00fct\u00e7e, kullan\u0131c\u0131, derme ve personel) ve hizmet geli\u015ftirme s\u00fcre\u00e7lerini etkiler ve hatta belirler. \u00d6rne\u011fin, halk k\u00fct\u00fcphanesi binas\u0131 bulundu\u011fu y\u00f6renin tarihsel, k\u00fclt\u00fcrel, toplumsal ve co\u011frafi ko\u015fullar\u0131na g\u00f6re tasarlan\u0131r; b\u00fct\u00e7esi o y\u00f6renin n\u00fcfusuna g\u00f6re belirlenir. Her halk k\u00fct\u00fcphanesinin kullan\u0131c\u0131 profili o y\u00f6renin e\u011fitim, k\u00fclt\u00fcr, toplum yap\u0131s\u0131na g\u00f6re farkl\u0131 \u00f6zellikler ta\u015f\u0131r. Halk k\u00fct\u00fcphanesinde \u00e7al\u0131\u015fan personel kullan\u0131c\u0131lar ile ili\u015fkilerinde ve ileti\u015fiminde o y\u00f6renin sosyolojik, k\u00fclt\u00fcrel \u00f6zelliklerine g\u00f6re davranmak durumundad\u0131r.<\/p>\n<p>Halk k\u00fct\u00fcphanelerinin yerel nitelikte olu\u015flar\u0131n\u0131n etkiledi\u011fi en \u00f6nemli unsurlardan birisi de dermedir (koleksiyon). Di\u011fer k\u00fct\u00fcphane t\u00fcrleri gibi halk k\u00fct\u00fcphanesinin de temel i\u015flevi bilgi eri\u015fim\/bilgilendirme\/bilgi sunmad\u0131r. Bu ana i\u015flevi yerine getirmede derme temeldir. Bir ba\u015fka deyi\u015fle, derme, bilgi ta\u015f\u0131y\u0131c\u0131s\u0131 materyaller anlam\u0131na gelir ve halk k\u00fct\u00fcphanesinin ana i\u015flevini yerine getirmenin temel arac\u0131 ve unsurudur. Kaba deyi\u015fle, k\u00fct\u00fcphane bilgi \u201csatar\u201d ve bilgi, dermededir. K\u00fct\u00fcphane hizmeti kayna\u011f\u0131n se\u00e7imi ile ba\u015flar ve her \u015fey ona dayan\u0131r.<\/p>\n<p>Ana i\u015flevin ba\u015fl\u0131ca unsuru olan derme ayn\u0131 zamanda k\u00fct\u00fcphaneler i\u00e7in ciddi bir maliyet unsurudur. \u0130yi olu\u015fturulmam\u0131\u015f, kullan\u0131lmayan bir derme israf ve mali zarar demektir. Ayr\u0131ca kullan\u0131lmayan bir derme k\u00fct\u00fcphanenin temel i\u015flevini (bilgiye eri\u015ftirme) yerine yeterince getirememesi anlam\u0131na da gelir. Yani bu durumdaki bir k\u00fct\u00fcphane i\u00e7in \u201cald\u0131\u011f\u0131 mal\u0131 satam\u0131yor, elinde kald\u0131 ve zarar ediyor\u201d diyebiliriz.<\/p>\n<p>Derme geli\u015ftirmede (sa\u011flamada) \u00e7a\u011fda\u015f yeni y\u00f6ntemler geli\u015ftirilmekte ve tart\u0131\u015f\u0131lmaktad\u0131r. Ancak t\u00fcm bu geli\u015fmelerde de\u011fi\u015fmeyen ana ilke <strong>derme i\u00e7in<\/strong> <strong>kullan\u0131c\u0131 isteklerinin en \u00f6nemli belirleyici unsur<\/strong> olmas\u0131d\u0131r.<\/p>\n<p>Gerek yerel nitelikleri gerek ana i\u015flev i\u00e7in temel unsur olu\u015fu ve gerekse ciddi maliyetler olu\u015fturmas\u0131 nedenleriyle halk k\u00fct\u00fcphanelerine materyal se\u00e7imi ve derme geli\u015ftirme do\u011fru ve titizlikle yap\u0131lmas\u0131 gereken bir i\u015flemdir. Halk k\u00fct\u00fcphanelerine derme olu\u015fturma ve geli\u015ftirmede i\u00e7in de temel belirleyici \u00f6l\u00e7\u00fct o y\u00f6rede ya\u015fayanlar\u0131n gereksinimleri ve istekleridir. Bu nedenle mutlaka kullan\u0131c\u0131 istekleri al\u0131nmal\u0131 ve belirlenmelidir. Ayr\u0131ca, halk k\u00fct\u00fcphanesi dermesi g\u00fcncel\/ya\u015fayan ve yar\u0131dan fazlas\u0131 edebiyat konulu olmal\u0131d\u0131r. Kullan\u0131c\u0131, kitabevinde buldu\u011fu en \u00e7ok satan g\u00fcncel yay\u0131nlar\u0131 halk k\u00fct\u00fcphanesinde de bulabilmelidir. Kan\u0131mca, istisnalar\u0131 d\u0131\u015f\u0131nda halk k\u00fct\u00fcphanelerinde 10-15 y\u0131ldan eski materyalleri tutmak anlaml\u0131 de\u011fildir. Ayn\u0131 bi\u00e7imde \u00f6rne\u011fin 3-5 y\u0131l hi\u00e7 \u00f6d\u00fcn\u00e7 al\u0131nmam\u0131\u015f materyalleri de. Almanya\u2019da y\u0131lda 6 kezden az \u00f6d\u00fcn\u00e7 al\u0131nan materyallerin ay\u0131kland\u0131\u011f\u0131 bir halk k\u00fct\u00fcphanesi g\u00f6rm\u00fc\u015ft\u00fcm. Halk k\u00fct\u00fcphanesi i\u00e7in k\u00fct\u00fcphanecinin yapaca\u011f\u0131 materyal se\u00e7imi i\u00e7in mutlaka y\u00f6renin toplumsal analizi yap\u0131lmal\u0131, \u00f6zellikleri ve gereksinimleri dikkate al\u0131nmal\u0131d\u0131r. Y\u0131lard\u0131r savundu\u011fumuz bir ba\u015fka nokta da, halk k\u00fct\u00fcphanesi dermelerinin niceli\u011fi de\u011fil niteli\u011finin \u00f6nemli oldu\u011fudur.<\/p>\n<p>Halk k\u00fct\u00fcphaneleri i\u00e7in do\u011fru bir materyal se\u00e7imi ancak o k\u00fct\u00fcphanelerde \u00e7al\u0131\u015fan k\u00fct\u00fcphaneci(ler) taraf\u0131ndan yap\u0131labilir. Halk k\u00fct\u00fcphaneleri i\u00e7in bu yakla\u015f\u0131m halk k\u00fct\u00fcphanesi mant\u0131\u011f\u0131, felsefesi, yakla\u015f\u0131m\u0131 gere\u011fi zorunlu bir durumdur. Ne kadar iyi niyetli olunursa olsun bir \u00fclkenin t\u00fcm halk k\u00fct\u00fcphaneleri i\u00e7in tek bir merkezden yap\u0131lacak se\u00e7im isabetli olmayacakt\u0131r. Bir k\u00fct\u00fcphane kullan\u0131c\u0131lar\u0131n\u0131n materyal a\u00e7\u0131s\u0131ndan beklentilerini, gereksinimlerini ve taleplerini en iyi o k\u00fct\u00fcphane k\u00fct\u00fcphanecileri bilebilir.<\/p>\n<p>T\u00fcrkiye\u2019de tarihi boyunca halk k\u00fct\u00fcphanelerine materyal se\u00e7imi ilgili bakanl\u0131\u011f\u0131n (K\u00fclt\u00fcr ve Turizm Bakanl\u0131\u011f\u0131-KTB) merkezi birimi (K\u00fct\u00fcphaneler ve Yay\u0131mlar Genel M\u00fcd\u00fcrl\u00fc\u011f\u00fc) taraf\u0131ndan yap\u0131lagelimi\u015f ve halen de \u00f6yle yap\u0131lmaktad\u0131r. Bu i\u015flem 2005 y\u0131l\u0131nda \u00e7\u0131kar\u0131lan <strong><em>Yay\u0131n Se\u00e7me Y\u00f6netmeli\u011fi<\/em><\/strong> \u00e7er\u00e7evesinde ger\u00e7ekle\u015ftirilmektedir. Buna g\u00f6re <strong><em>Yay\u0131n Se\u00e7me Kurulu<\/em><\/strong> ve <strong><em>Yay\u0131n \u0130nceleme Komisyonu<\/em><\/strong> olarak adland\u0131r\u0131lan iki kurul s\u00f6z konusudur. <strong><em>Yay\u0131n Se\u00e7me Kurulu<\/em><\/strong> KTB M\u00fcste\u015far\u0131, K\u00fct\u00fcphaneler ve Yay\u0131mlar Genel M\u00fcd\u00fcr\u00fc, K\u00fct\u00fcphaneler ve Yay\u0131mlar Genel M\u00fcd\u00fcr Yard\u0131mc\u0131s\u0131, ilgili genel m\u00fcd\u00fcrl\u00fckten bir daire ba\u015fkan\u0131 ve \u015fube m\u00fcd\u00fcr\u00fc, Ankara Adnan \u00d6t\u00fcken \u0130l Halk K\u00fct\u00fcphanesi m\u00fcd\u00fcr\u00fc ile yay\u0131nc\u0131 meslek kurulu\u015flar\u0131ndan iki ve eser meslek kurulu\u015flar\u0131ndan bir temsilciden olu\u015fur. Yerel i\u00e7in d\u00fc\u015f\u00fcn\u00fclm\u00fc\u015f <strong><em>Yay\u0131n \u0130nceleme Kurullar\u0131<\/em><\/strong> ise il halk k\u00fct\u00fcphanesi m\u00fcd\u00fcr\u00fc, m\u00fcd\u00fcr yard\u0131mc\u0131s\u0131 ve bir k\u00fct\u00fcphaneciden olu\u015fur.<\/p>\n<p>T\u00fcrkiye\u2019de halk k\u00fct\u00fcphanelerine yay\u0131n al\u0131m s\u00fcreci genel olarak \u015f\u00f6yle i\u015flemektedir: KYGM, k\u00fct\u00fcphanelerden, istedikleri yay\u0131nlar\u0131 bildirmelerini istemekte ayr\u0131ca kendisi de al\u0131m i\u00e7in se\u00e7imler yapmaktad\u0131r. Ancak pratikte T\u00fcrkiye\u2019de halk k\u00fct\u00fcphanelerine materyal se\u00e7imi ve sa\u011flanmas\u0131 \u00e7ok b\u00fcy\u00fck \u00f6l\u00e7\u00fcde KYGM taraf\u0131ndan yap\u0131lmaktad\u0131r. \u00c7\u00fcnk\u00fc \u00e7o\u011fu halk k\u00fct\u00fcphanesi kendisi i\u00e7in bir yay\u0131n listesi yapmamakta ve KYGM\u2019den yay\u0131n iste\u011finde bulunmamaktad\u0131r. Deyim yerindeyse, bu onlar\u0131n da kolaylar\u0131na gelmektedir. Bu durumda KYGM istekte bulunmayan k\u00fct\u00fcphanelere kendi se\u00e7ti\u011fi yay\u0131nlar\u0131 g\u00f6ndermektedir. Elbette bunun \u00f6nemli nedenlerinden birisi, bir\u00e7ok halk k\u00fct\u00fcphanesinde k\u00fct\u00fcphaneci personelin olmamas\u0131d\u0131r. Ancak k\u00fct\u00fcphanecisi olan k\u00fct\u00fcphaneler de d\u00fczenli olarak yay\u0131n iste\u011finde bulunmayabilmektedir. Bu s\u00fcre\u00e7te meslekta\u015flar taraf\u0131ndan dile getirilen bir sorun da, halk k\u00fct\u00fcphanelerinin haz\u0131rlad\u0131klar\u0131 listelerde yer alan yay\u0131nlar\u0131n bir k\u0131sm\u0131n\u0131n KYGM taraf\u0131ndan dikkate al\u0131nmamas\u0131d\u0131r. Bu arada, baz\u0131 k\u00fct\u00fcphaneler KYGM\u2019nin g\u00f6nderdi\u011fi s\u0131n\u0131rl\u0131 bir b\u00fct\u00e7e ya da kendi sa\u011flad\u0131klar\u0131 finansal kaynaklarla yay\u0131n alabilmektedir.<\/p>\n<p>Sonu\u00e7ta s\u00f6yleyece\u011fimizi hemen burada belirtelim: <strong>Y\u0131llard\u0131r s\u00fcrd\u00fcr\u00fclen bu uygulama yanl\u0131\u015ft\u0131r ve art\u0131k de\u011fi\u015ftirilmelidir. Bir \u00fclkedeki t\u00fcm halk k\u00fct\u00fcphaneleri i\u00e7in merkezden yay\u0131n se\u00e7imi halk k\u00fct\u00fcphanesi mant\u0131\u011f\u0131na, yakla\u015f\u0131m\u0131na ve felsefesine\/ilkelerine uygun de\u011fildir<\/strong>. 81 ilin ve bunlara ba\u011fl\u0131 y\u00fczlerce il\u00e7enin demografik, sosyo-ekonomik, e\u011fitimsel ve k\u00fclt\u00fcrel yap\u0131s\u0131, buralardaki halk k\u00fct\u00fcphanesi kullan\u0131c\u0131lar\u0131n\u0131n gereksinim ve istekleri merkezden bilinemez. Bu bilinmeden yap\u0131lacak yay\u0131n se\u00e7im uygulamas\u0131 ekonomik ve i\u015flevsel de\u011fildir, yanl\u0131\u015ft\u0131r ve de\u011fi\u015ftirilmelidir.<\/p>\n<p>T\u00fcrkiye\u2019de halk k\u00fct\u00fcphanelerine kaynak se\u00e7imine ili\u015fkin bug\u00fcnk\u00fc uygulaman\u0131n avantajlar\u0131 olarak genelde \u015funlar \u00f6ne s\u00fcr\u00fclmektedir: Toplu al\u0131m nedeniyle fiyatta indirim, i\u015flemlerin bir yerden yap\u0131lmas\u0131 nedeniyle b\u00fcrokratik s\u00fcre\u00e7te ekonomiklik, ta\u015frada\/il ve il\u00e7elerde se\u00e7im yapabilecek k\u00fct\u00fcphaneci yetersizli\u011fi vb.<\/p>\n<p>Ancak dezavantaj olarak yazabilece\u011fimiz ve bu uygulaman\u0131n halk k\u00fct\u00fcphanesinin temel mant\u0131\u011f\u0131na ayk\u0131r\u0131 olmas\u0131 t\u00fcm avantajlar\u0131 yok eden bir durumdur. Merkezde kurulan bir kurulun T\u00fcrkiye\u2019nin t\u00fcm il ve il\u00e7elerinin sosyo-ekonomik ve k\u00fclt\u00fcrel yap\u0131s\u0131n\u0131, kullan\u0131c\u0131 gereksinimlerini ve taleplerini bilmesi olanakl\u0131 de\u011fildir. Bunun halk k\u00fct\u00fcphaneleri a\u00e7\u0131s\u0131ndan savunulacak bir yan\u0131 yoktur.<\/p>\n<p><strong>Somut \u00f6nerimiz \u015fudur<\/strong>: KYGM yay\u0131n se\u00e7im i\u015fini bir sorumluluk ve zorunluluk olarak k\u00fct\u00fcphanelere b\u0131rakmal\u0131d\u0131r. \u0130sterse t\u00fcm k\u00fct\u00fcphaneler i\u00e7in sa\u011flanacak baz\u0131 yay\u0131nlar (Dan\u0131\u015fma kaynaklar\u0131, e-kaynaklar vb.) merkezden belirlenebilir. Ancak bu istisnai d\u00fczeyde olmal\u0131d\u0131r. K\u00fct\u00fcphanecisi olan her k\u00fct\u00fcphane yay\u0131n se\u00e7im i\u015fini kendisi yapmal\u0131, k\u00fct\u00fcphanecisi olmayan il\u00e7e k\u00fct\u00fcphaneleri (il halk k\u00fct\u00fcphanelerinde k\u00fct\u00fcphaneci vard\u0131r)\u00a0 i\u00e7in se\u00e7im i\u015flemini ba\u011fl\u0131 oldu\u011fu il halk k\u00fct\u00fcphanesi ger\u00e7ekle\u015ftirmelidir. KYGM, yay\u0131n b\u00fct\u00e7esinin merkezden al\u0131mlar i\u00e7in ayr\u0131lacak pay d\u0131\u015f\u0131ndaki b\u00f6l\u00fcm\u00fcn\u00fc illere n\u00fcfus b\u00fcy\u00fckl\u00fcklerine g\u00f6re da\u011f\u0131t\u0131lmal\u0131d\u0131r. \u0130ller de kendilerine gelen b\u00fct\u00e7eyi il\u00e7elere onlar\u0131n n\u00fcfus oran\u0131na g\u00f6re vermelidir. Bu objektif bir da\u011f\u0131t\u0131m olacakt\u0131r. KYGM\u2019nin yay\u0131n se\u00e7im s\u00fcrecindeki yeni i\u015flevi yay\u0131n d\u00fcnyas\u0131n\u0131 izlemek ve yeti\u015ftirece\u011fi konu uzmanlar\u0131 arac\u0131l\u0131\u011f\u0131yla k\u00fct\u00fcphaneciler i\u00e7in yeni yay\u0131n \u00f6nerileri haz\u0131rlamak ve bu konuda hizmet i\u00e7i e\u011fitim vermek olmal\u0131d\u0131r. KYGM taraf\u0131ndan yap\u0131lan toplu sat\u0131n alman\u0131n indirim avantaj\u0131 \u00f6nemli oranlardaysa se\u00e7im i\u015flemi k\u00fct\u00fcphaneler taraf\u0131ndan ve sat\u0131n alma i\u015flemleri de yine merkezden topluca yap\u0131labilir. Bu da bir se\u00e7enektir. Ancak bunun bir b\u00fcrokrasi yarataca\u011f\u0131 ve yay\u0131nlar\u0131n k\u00fct\u00fcphanelere ula\u015fmas\u0131n\u0131 geciktirece\u011fi a\u00e7\u0131kt\u0131r. T\u00fcrkiye\u2019de yay\u0131n sa\u011flama ve faturalama i\u015flemlerinin art\u0131k eskisi kadar zor olmad\u0131\u011f\u0131n\u0131 biliyoruz. Her k\u00fct\u00fcphane bu s\u00fcreci kendisi rahatl\u0131kla y\u00f6netebilir ve y\u00f6netmelidir.<\/p>\n<p>Ancak burada elbette k\u00fct\u00fcphanelerde \u00e7al\u0131\u015fan k\u00fct\u00fcphanecilere b\u00fcy\u00fck i\u015f d\u00fc\u015fecektir. Onlar da yay\u0131n d\u00fcnyas\u0131n\u0131 yak\u0131ndan izlemeli ve k\u00fct\u00fcphaneleri i\u00e7in ya\u015famsal rol oynayan se\u00e7im i\u015flemini mesleki \u00f6l\u00e7\u00fctlere ve kullan\u0131c\u0131 gereksinimleri ile taleplerine g\u00f6re lay\u0131k\u0131yla yapmal\u0131d\u0131rlar. Ki\u015fisel g\u00f6zlemlerimiz baz\u0131 k\u00fct\u00fcphaneci meslekta\u015flar\u0131n \u015fimdiki sistemin kendileri i\u00e7in sa\u011flad\u0131\u011f\u0131 \u201ckolayl\u0131ktan\u201d memnun olduklar\u0131 y\u00f6n\u00fcndedir.<\/p>\n<p>Alt\u0131n\u0131 bir daha \u00e7izmekte yarar vard\u0131r: <strong>T\u00fcrkiye\u2019de uygulanmakta olan halk k\u00fct\u00fcphanelerine yay\u0131n se\u00e7im s\u00fcre\u00e7leri halk k\u00fct\u00fcphanesi ilkelerine ve mant\u0131\u011f\u0131na uygun de\u011fildir ve de\u011fi\u015ftirilmelidir<\/strong>. Bunun i\u00e7in \u00e7ok ge\u00e7 kal\u0131nm\u0131\u015ft\u0131r. Son Yay\u0131n Kongresinin ilgili komisyonunda halk k\u00fct\u00fcphanelerine yay\u0131n se\u00e7im ve sa\u011flanmas\u0131 i\u00e7in ilk a\u015famada hi\u00e7 olmazsa \u201c%50 merkez ve %50 k\u00fct\u00fcphaneler oran\u0131n\u0131n uygulanmas\u0131\u201d y\u00f6n\u00fcnde karar al\u0131nm\u0131\u015ft\u0131r. \u0130\u015fe bu karar\u0131n hayata ge\u00e7irilmesiyle de ba\u015flanabilir. (Ki\u015fisel g\u00f6r\u00fc\u015f\u00fcm\u00fcz s\u00fcrecin t\u00fcm\u00fcyle halk k\u00fct\u00fcphanelerine b\u0131rak\u0131lmas\u0131 y\u00f6n\u00fcndedir.)<\/p>\n<p>Bir di\u011fer \u00f6nerimiz de halk k\u00fct\u00fcphanelerine sa\u011flanan yay\u0131nlar\u0131n kullan\u0131l\u0131rl\u0131k ve etki \u00f6l\u00e7\u00fcmlerinin her y\u0131l bilimsel bir bi\u00e7imde yap\u0131lmas\u0131 ve yay\u0131mlanmas\u0131d\u0131r. Hangi yay\u0131nlar\u0131n sa\u011fland\u0131\u011f\u0131, al\u0131nan yay\u0131nlar\u0131n hangilerinin ne kadar kullan\u0131ld\u0131\u011f\u0131 belirlemeden yay\u0131n se\u00e7im i\u015flemi yap\u0131lamaz. B\u00f6ylece bug\u00fcnk\u00fc sistemin performans\u0131 da ortaya \u00e7\u0131km\u0131\u015f olacakt\u0131r. G\u00fcn\u00fcm\u00fczde halk k\u00fct\u00fcphanelerine al\u0131nan yay\u0131nlar\u0131n ne \u00f6l\u00e7\u00fcde kullan\u0131ld\u0131\u011f\u0131n\u0131 ki\u015fisel olarak \u00e7ok merak etmekteyim.<\/p>\n<p><strong>Derme geli\u015ftirmenin temel \u00f6l\u00e7\u00fctlerinin ekonomiklik ve i\u015flevsellik oldu\u011fu unutulmamal\u0131d\u0131r. Halk k\u00fct\u00fcphaneleri i\u00e7in bu \u00f6l\u00e7\u00fctlere \u201cyerellik\u201d de eklenmelidir.<\/strong><\/p>\n<p>T\u00fcrkiye\u2019de halk k\u00fct\u00fcphaneleri i\u00e7in derme geli\u015ftirme politikalar\u0131 konusunda yap\u0131lm\u0131\u015f makale, bildiri, tez \u00e7al\u0131\u015fmalar\u0131na da g\u00f6z atmakta yarar vard\u0131r.<a href=\"#_ftn1\" name=\"_ftnref1\">*<\/a><\/p>\n<p>T\u00fcrkiye\u2019deki halk k\u00fct\u00fcphanelerinin e-kaynak dermelerinin de geli\u015ftirilmesi ayr\u0131ca ele al\u0131nmas\u0131 gereken \u00f6nemli bir konudur.<\/p>\n<p><strong>Halk k\u00fct\u00fcphanesi felsefesine, mant\u0131\u011f\u0131na ve \u00e7a\u011fda\u015f sa\u011flama modellerine uygun davranmak istiyorsak, \u00f6ncelikle bu temel sorununu \u00e7\u00f6zmeli ve yay\u0131n se\u00e7im\/sa\u011flama i\u015flemini halk k\u00fct\u00fcphanelerine ve k\u00fct\u00fcphanecilerine b\u0131rakmal\u0131, bunu yasal zorunluluk haline getirmeliyiz. Bug\u00fcnk\u00fc uygulama T\u00fcrkiye\u2019de halk k\u00fct\u00fcphanelerinin geli\u015fimini engelleyen \u00e7ok ciddi temel bir sorundur. \u00a0<\/strong><\/p>\n<p>Bu konuda halk k\u00fct\u00fcphanelerine ve k\u00fct\u00fcphanecilerine g\u00fcvenmeli, bu sorumlulu\u011fu onlara vermeliyiz.<\/p>\n<p>Halk k\u00fct\u00fcphaneleri alan\u0131nda bir tak\u0131m pop\u00fcler kavram ve uygulamalara g\u00f6sterilen ilgi ve duyarl\u0131l\u0131\u011f\u0131n derme geli\u015ftirme i\u00e7in g\u00f6sterilmesinin \u00e7ok daha \u00f6nemli oldu\u011fu unutulmamal\u0131d\u0131r.<\/p>\n<p>Sonu\u00e7 ve \u00f6neri: <strong>T\u00fcrkiye\u2019de halk k\u00fct\u00fcphanelerine yay\u0131n se\u00e7me politika ve uygulamas\u0131 de\u011fi\u015ftirilmeli, her halk k\u00fct\u00fcphanesi hizmete sunaca\u011f\u0131 yay\u0131nlar\u0131 kendisi se\u00e7meli ve sa\u011flamal\u0131d\u0131r.<\/strong><\/p>\n<p><a href=\"#_ftnref1\" name=\"_ftn1\">*<\/a> \u00d6rn., Emine Cengiz. <em>Halk k\u00fct\u00fcphanelerinde derme geli\u015ftirme politikalar\u0131: T\u00fcrkiye\u2019de halk k\u00fct\u00fcphaneleri \u00fczerine bir de\u011ferlendirme<\/em>. Ankara, Hacettepe \u00dcniversitesi, 2017<\/p>\n<p>&nbsp;<\/p>\n","protected":false},"excerpt":{"rendered":"<p>[avatar user=&#8221;bulentyilmaz&#8221; \/] Prof.Dr.B\u00fclent YILMAZ Hacettepe \u00dcniversitesi BBY B\u00f6l\u00fcm\u00fc \u00d6\u011fretim \u00dcyesi \u00d6nce k\u0131sa iki saptama yapal\u0131m: \u0130lki, halk k\u00fct\u00fcphanelerinin en \u00f6nemli niteli\u011finin \u201cyerel\u201d olu\u015fudur; t\u00fcm unsur ve hizmetlerini belirleyen temel \u00f6zellik budur. \u0130kincisi ise, t\u00fcm k\u00fct\u00fcphaneler gibi halk k\u00fct\u00fcphanesi i\u00e7in de derme (koleksiyon) geli\u015ftirme \u00e7ok \u00f6nemlidir. Derme, k\u00fct\u00fcphaneyi g\u00fc\u00e7l\u00fc k\u0131lan\/g\u00fc\u00e7lendiren temel unsurdur. Kan\u0131mca, derme olu\u015fturma [&hellip;]<\/p>\n","protected":false},"author":146,"featured_media":26822,"comment_status":"open","ping_status":"open","sticky":false,"template":"","format":"standard","meta":{"footnotes":""},"categories":[1,1502],"tags":[1196,1195,1460,1194,1193],"class_list":["post-26821","post","type-post","status-publish","format-standard","has-post-thumbnail","hentry","category-genel","category-prof-dr-bulent-yilmaz","tag-derme-gelistirme","tag-derme-olusturma","tag-kose-yazarlari","tag-saglama-politikasi","tag-yayin-secimi"],"_links":{"self":[{"href":"https:\/\/www.bbyhaber.com\/bby\/wp-json\/wp\/v2\/posts\/26821"}],"collection":[{"href":"https:\/\/www.bbyhaber.com\/bby\/wp-json\/wp\/v2\/posts"}],"about":[{"href":"https:\/\/www.bbyhaber.com\/bby\/wp-json\/wp\/v2\/types\/post"}],"author":[{"embeddable":true,"href":"https:\/\/www.bbyhaber.com\/bby\/wp-json\/wp\/v2\/users\/146"}],"replies":[{"embeddable":true,"href":"https:\/\/www.bbyhaber.com\/bby\/wp-json\/wp\/v2\/comments?post=26821"}],"version-history":[{"count":1,"href":"https:\/\/www.bbyhaber.com\/bby\/wp-json\/wp\/v2\/posts\/26821\/revisions"}],"predecessor-version":[{"id":26823,"href":"https:\/\/www.bbyhaber.com\/bby\/wp-json\/wp\/v2\/posts\/26821\/revisions\/26823"}],"wp:featuredmedia":[{"embeddable":true,"href":"https:\/\/www.bbyhaber.com\/bby\/wp-json\/wp\/v2\/media\/26822"}],"wp:attachment":[{"href":"https:\/\/www.bbyhaber.com\/bby\/wp-json\/wp\/v2\/media?parent=26821"}],"wp:term":[{"taxonomy":"category","embeddable":true,"href":"https:\/\/www.bbyhaber.com\/bby\/wp-json\/wp\/v2\/categories?post=26821"},{"taxonomy":"post_tag","embeddable":true,"href":"https:\/\/www.bbyhaber.com\/bby\/wp-json\/wp\/v2\/tags?post=26821"}],"curies":[{"name":"wp","href":"https:\/\/api.w.org\/{rel}","templated":true}]}}