{"id":2682,"date":"2012-02-18T15:44:39","date_gmt":"2012-02-18T12:44:39","guid":{"rendered":"http:\/\/www.bbyhaber.com\/bby\/?p=2682"},"modified":"2016-04-01T18:15:11","modified_gmt":"2016-04-01T15:15:11","slug":"olumunun-7-yilinda-esekli-kutuphaneci-mustafa-guzelgoz%e2%80%99e-vefa","status":"publish","type":"post","link":"https:\/\/www.bbyhaber.com\/bby\/2012\/02\/18\/olumunun-7-yilinda-esekli-kutuphaneci-mustafa-guzelgoz%e2%80%99e-vefa","title":{"rendered":"\u00d6l\u00fcm\u00fcn\u00fcn 7. Y\u0131l\u0131nda E\u015fekli K\u00fct\u00fcphaneci Mustafa G\u00fczelg\u00f6z\u2019e Vefa"},"content":{"rendered":"<p style=\"text-align: justify;\" align=\"center\"><strong><a href=\"http:\/\/www.bbyhaber.com\/bby\/wp-content\/uploads\/2012\/Esekli-Kutuphaneci-Heykeli.JPG\"><img loading=\"lazy\" decoding=\"async\" class=\"alignleft\" src=\"http:\/\/www.bbyhaber.com\/bby\/wp-content\/uploads\/2012\/Esekli-Kutuphaneci-Heykeli.JPG\" alt=\"\" width=\"280\" height=\"170\" \/><\/a><a href=\"http:\/\/www.bbyhaber.com\/bby\/wp-content\/uploads\/2012\/Esekli-Kutuphaneci-Heykeli-2.JPG\"><img loading=\"lazy\" decoding=\"async\" class=\"alignleft\" src=\"http:\/\/www.bbyhaber.com\/bby\/wp-content\/uploads\/2012\/Esekli-Kutuphaneci-Heykeli-2.JPG\" alt=\"\" width=\"280\" height=\"170\" \/><\/a>Marmara E\u011fitim K\u00f6y\u00fcne E\u015fekli K\u00fct\u00fcphaneci Heykeli Dikildi.<\/strong><\/p>\n<p style=\"text-align: justify;\">Uzun meslek ya\u015fam\u0131nda ba\u015far\u0131l\u0131 \u00e7al\u0131\u015fmalara imza atan Mustafa G\u00fczelg\u00f6z, emekli olduktan sonra \u00dcrg\u00fcp\u2019te \u00e7ocuklar\u0131yla ve torunlar\u0131yla mutlu bir ya\u015fam s\u00fcrd\u00fc.\u00a0<!--more--> \u0130lerleyen ya\u015f\u0131na ba\u011fl\u0131 solunum yetmezli\u011fi nedeniyle 2005 y\u0131l\u0131 18 \u015eubat g\u00fcn\u00fc ya\u015fama veda eden E\u015fekli K\u00fct\u00fcphaneci aram\u0131zdan ayr\u0131lal\u0131 7 y\u0131l oldu.<\/p>\n<p style=\"text-align: justify;\">Ya\u015farken tan\u0131\u015fma olana\u011f\u0131 bulamad\u0131\u011f\u0131m, meslek duayeni E\u015fekli K\u00fct\u00fcphaneci unutulmas\u0131n diye \u00f6l\u00fcm\u00fcm\u00fcn 1. y\u0131l\u0131na arma\u011fan \u201cE\u015fekle Gelen Ayd\u0131nl\u0131k\u201d isimli kitab\u0131 yay\u0131na haz\u0131rlam\u0131\u015ft\u0131m. De\u011ferli televizyoncu Tayfun Talipo\u011flu\u2019nun G\u00fczelg\u00f6z ile yapt\u0131\u011f\u0131 r\u00f6portaj\u0131n vcd\u2019si kitab\u0131n yan\u0131nda okurlara hediye edildi.\u00a0 Okur taraf\u0131ndan ilgi g\u00f6ren kitap yay\u0131nland\u0131\u011f\u0131 ilk y\u0131lda 2. bask\u0131s\u0131 yay\u0131nland\u0131.<\/p>\n<p style=\"text-align: justify;\">Kitab\u0131n okurlar\u0131ndan biri, G\u00fczelg\u00f6z unutulmas\u0131n, gelecek ku\u015faklar E\u015fekli K\u00fct\u00fcphaneci\u2019yi tan\u0131s\u0131n diye kollar\u0131n\u0131 s\u0131vad\u0131.<\/p>\n<p style=\"text-align: justify;\"><strong>Efsane Ger\u00e7ek Oluyor\u2026 E\u015fekli K\u00fct\u00fcphaneci\u2019nin Heykeli Dikiliyor.<\/strong><\/p>\n<p style=\"text-align: justify;\">2011 y\u0131l\u0131n\u0131n 18 Nisan g\u00fcn\u00fc, telefonum \u00e7ald\u0131. Telefonun ucundaki ses d\u00fcnyaca \u00fcnl\u00fc heykel \u00e7al\u0131\u015fmalar\u0131na imza atan, \u0130zmir\u2019de at\u00f6lyesi olan Eray Okkan.\u00a0 Eray Bey, Maltepe \u00dcniversitesi M\u00fctevelli Heyeti Ba\u015fkan\u0131, Marmara E\u011fitim Kurumlar\u0131 Kurucusu H\u00fcseyin \u015eim\u015fek\u2019in \u201cE\u015fekle Gelen Ayd\u0131nl\u0131k\u201d isimli kitab\u0131m\u0131 okudu\u011funu, \u00e7ok etkilendi\u011fini ve G\u00fczelg\u00f6z gibi bir ayd\u0131nlanmac\u0131n\u0131n Marmara E\u011fitim K\u00f6y\u00fc\u2019ne heykelinin dikilmesini istedi\u011fini s\u00f6yledi. Eray Bey\u2019in heykel i\u00e7in i\u015fba\u015f\u0131 yapt\u0131\u011f\u0131n\u0131, benden heykel i\u00e7in ar\u015fivimdeki G\u00fczelg\u00f6z foto\u011fraflar\u0131ndan g\u00f6ndermemi rica etti. Telefonun di\u011fer ucunda mutluluktan u\u00e7an ben yerimde duram\u0131yordum. E\u015fekli K\u00fct\u00fcphaneci\u2019nin heykeli benim ya\u015fad\u0131\u011f\u0131m il\u00e7ede, k\u00f6kl\u00fc bir e\u011fitim kurumunun kamp\u00fcs\u00fcne dikilecekti\u2026<\/p>\n<p style=\"text-align: justify;\">Marmara E\u011fitim K\u00f6y\u00fc\u2019ne dikilecek \u201cE\u015fekli K\u00fct\u00fcphaneci\u201d heykelini 7\u2019den 77\u2019ye herkes g\u00f6recekti. \u015eehir efsanesine d\u00f6n\u00fc\u015fen <strong>E\u015fekli K\u00fct\u00fcphaneci Heykeli <\/strong>ger\u00e7ek oluyordu.<\/p>\n<p style=\"text-align: justify;\">\u2026Telefonu kapat\u0131r kapatmaz, ar\u015fivimdeki foto\u011fraflardan se\u00e7erek heykel sanat\u00e7\u0131s\u0131 Eray Okkan\u2019a ilettim. Eray Bey\u2019den g\u00fcnlerce heykel a\u00e7\u0131l\u0131\u015f\u0131 olacak diye merakla haber bekledim, ses seda \u00e7\u0131kmad\u0131.\u00a0 2012 y\u0131l\u0131n\u0131n ilk g\u00fcnlerinde Eray Okkan taraf\u0131ndan \u00e7al\u0131\u015f\u0131lan heykelin Marmara E\u011fitim K\u00f6y\u00fcne dikildi\u011fini \u00f6\u011frendim.<\/p>\n<p style=\"text-align: justify;\">G\u00fczelg\u00f6z\u2019e vefa \u00f6rne\u011fi g\u00f6steren de\u011ferli e\u011fitim sevdal\u0131s\u0131 H\u00fcseyin \u015eim\u015fek, E\u015fekli K\u00fct\u00fcphaneci Mustafa G\u00fczelg\u00f6z\u2019\u00fcn heykelini Maltepe \u00dcniversitesi\u2019nin E\u011fitim ve Fen Edebiyat Fak\u00fcltesinin giri\u015fine di\u011fer fak\u00fclte \u00f6\u011frencilerinin de rahat\u00e7a g\u00f6rebilece\u011fi bir yere diktirmi\u015fti. Ba\u015fka bir kurum y\u00f6neticisi b\u00f6yle bir \u00e7al\u0131\u015fmay\u0131 reklama d\u00f6n\u00fc\u015ft\u00fcr\u00fcp \u015fa\u015fal\u0131 bir a\u00e7\u0131l\u0131\u015f yapabilirdi. E\u015fekli K\u00fct\u00fcphaneci G\u00fczelg\u00f6z\u2019\u00fcn miras\u0131 do\u011fru ellerdeydi.<\/p>\n<p style=\"text-align: justify;\">E\u011fitim sevdal\u0131s\u0131 \u015eim\u015fek, y\u0131llar \u00f6nce Marmara Koleji\u2019nin e\u011fitim kadrosuna T\u00fcrk edebiyat\u0131na \u00f6nemli eserler b\u0131rakan, ayd\u0131nlanmac\u0131 Vedat G\u00fcnyol\u2019u katm\u0131\u015f. \u00d6lene kadar Vedat G\u00fcnyol\u2019a hak etti\u011fi de\u011feri vermi\u015f. \u00d6l\u00fcm\u00fcnden sonra G\u00fcnyol\u2019un kitaplar\u0131n\u0131 ba\u011f\u0131\u015flad\u0131\u011f\u0131 kolejin k\u00fct\u00fcphanesine \u201cVedat G\u00fcnyol K\u00fct\u00fcphanesi\u201d ad\u0131n\u0131 vermi\u015f.\u00a0 G\u00fcnyol i\u00e7in sempozyumlara ev sahipli\u011fi yapm\u0131\u015f. Arma\u011fan kitaplar yay\u0131nlam\u0131\u015ft\u0131r.<\/p>\n<p style=\"text-align: justify;\"><strong>\u00a0Bug\u00fcn E\u015fekli K\u00fct\u00fcphaneci\u2019nin \u00f6l\u00fcm\u00fcn\u00fcn 7. y\u0131ld\u00f6n\u00fcm\u00fc. <\/strong><\/p>\n<p style=\"text-align: justify;\">\u00d6l\u00fcm\u00fcn\u00fcn 7. y\u0131l\u0131nda E\u015fekli K\u00fct\u00fcphaneci Mustafa G\u00fczelg\u00f6z\u2019\u00fc sayg\u0131yla an\u0131yor, vefa \u00f6rne\u011fi g\u00f6steren Say\u0131n H\u00fcseyin \u015eim\u015fek\u2019e, heykele emek veren sanat\u00e7\u0131 Eray Okkan\u2019a te\u015fekk\u00fcr ediyorum.<\/p>\n<p style=\"text-align: justify;\">Bir g\u00fcn mutlaka Marmara E\u011fitim K\u00f6y\u00fcne yolunuzu d\u00fc\u015f\u00fcr\u00fcn, kampusun her yan\u0131n\u0131 saran heykelleri, \u00f6zellikle e\u015fe\u011finin s\u0131rt\u0131nda elindeki fenerle ayd\u0131nl\u0131k ta\u015f\u0131yan E\u015fekli K\u00fct\u00fcphaneci heykelini g\u00f6r\u00fcn.<\/p>\n<p style=\"text-align: justify;\">E\u015fekli K\u00fct\u00fcphaneci\u2019yi and\u0131\u011f\u0131m\u0131z bu yaz\u0131y\u0131 K\u00fclt\u00fcr ve Turizm Bakan\u0131m\u0131zdan <strong>G\u00fczelg\u00f6z Evi<\/strong> kurulmas\u0131 talebini yineleyerek bitirelim.<\/p>\n<p style=\"text-align: justify;\">\u00a0K\u00fclt\u00fcr ve Turizm Bakan\u0131, Say\u0131n Ertu\u011frul G\u00fcnay, d\u00f6rt g\u00fcn \u00f6nce 5 gezici k\u00fct\u00fcphane i\u00e7in yap\u0131lan ara\u00e7 teslim t\u00f6reninde G\u00fczelg\u00f6z\u2019\u00fcn <strong>\u201c60 y\u0131l \u00f6nce e\u015feklerle gezici k\u00fct\u00fcphane g\u00f6t\u00fcrd\u00fc\u011f\u00fc\u201d <\/strong>\u00f6rne\u011fiyle k\u00fct\u00fcphane m\u00fcd\u00fcrlerine ara\u00e7lar\u0131 teslim etti.\u00a0 De\u011ferli bakan\u0131m\u0131zdan E\u015fekli K\u00fct\u00fcphaneci\u2019nin ya\u015fad\u0131\u011f\u0131 evin <strong>G\u00fczelg\u00f6z Evi (Ar\u015fiv-K\u00fct\u00fcphane-M\u00fcze) <\/strong>olmas\u0131 ve k\u00fct\u00fcphanelerimizden birine G\u00fczelg\u00f6z ad\u0131n\u0131n verilmesi i\u00e7in giri\u015fimleri<strong> <\/strong>ba\u015flatmas\u0131n\u0131 bekliyoruz.<\/p>\n<p style=\"text-align: justify;\"><strong><span style=\"color: #0000ff;\">Kaynak:<\/span><br \/>\n<\/strong><\/p>\n<p style=\"text-align: justify;\"><strong>Ayd\u0131n \u0130leri (aydinileri@gmail.com)<br \/>\n<\/strong><\/p>\n<p style=\"text-align: justify;\"><strong><a href=\"http:\/\/kutuphaneci.org.tr\/\" target=\"_blank\">T\u00fcrk K\u00fct\u00fcphaneciler Derne\u011fi <\/a>Genel Ba\u015fkan Yard\u0131mc\u0131s\u0131<\/strong><\/p>\n<p style=\"text-align: justify;\"><strong><a href=\"http:\/\/www.okd.org.tr\/\" target=\"_blank\">Okul K\u00fct\u00fcphanecileri Derne\u011fi<\/a> Y\u00f6netim Kurulu \u00dcyesi<\/strong><\/p>\n","protected":false},"excerpt":{"rendered":"<p>Marmara E\u011fitim K\u00f6y\u00fcne E\u015fekli K\u00fct\u00fcphaneci Heykeli Dikildi. Uzun meslek ya\u015fam\u0131nda ba\u015far\u0131l\u0131 \u00e7al\u0131\u015fmalara imza atan Mustafa G\u00fczelg\u00f6z, emekli olduktan sonra \u00dcrg\u00fcp\u2019te \u00e7ocuklar\u0131yla ve torunlar\u0131yla mutlu bir ya\u015fam s\u00fcrd\u00fc.\u00a0<\/p>\n","protected":false},"author":1,"featured_media":0,"comment_status":"open","ping_status":"open","sticky":false,"template":"","format":"standard","meta":{"footnotes":""},"categories":[1476,1575,1486],"tags":[1440,177],"class_list":["post-2682","post","type-post","status-publish","format-standard","hentry","category-aydin-ileri","category-esekli-kutuphaneci","category-gezici-kutuphane","tag-gezici-kutuphaneler","tag-mustafa-guzelgoz"],"_links":{"self":[{"href":"https:\/\/www.bbyhaber.com\/bby\/wp-json\/wp\/v2\/posts\/2682"}],"collection":[{"href":"https:\/\/www.bbyhaber.com\/bby\/wp-json\/wp\/v2\/posts"}],"about":[{"href":"https:\/\/www.bbyhaber.com\/bby\/wp-json\/wp\/v2\/types\/post"}],"author":[{"embeddable":true,"href":"https:\/\/www.bbyhaber.com\/bby\/wp-json\/wp\/v2\/users\/1"}],"replies":[{"embeddable":true,"href":"https:\/\/www.bbyhaber.com\/bby\/wp-json\/wp\/v2\/comments?post=2682"}],"version-history":[{"count":0,"href":"https:\/\/www.bbyhaber.com\/bby\/wp-json\/wp\/v2\/posts\/2682\/revisions"}],"wp:attachment":[{"href":"https:\/\/www.bbyhaber.com\/bby\/wp-json\/wp\/v2\/media?parent=2682"}],"wp:term":[{"taxonomy":"category","embeddable":true,"href":"https:\/\/www.bbyhaber.com\/bby\/wp-json\/wp\/v2\/categories?post=2682"},{"taxonomy":"post_tag","embeddable":true,"href":"https:\/\/www.bbyhaber.com\/bby\/wp-json\/wp\/v2\/tags?post=2682"}],"curies":[{"name":"wp","href":"https:\/\/api.w.org\/{rel}","templated":true}]}}