{"id":26817,"date":"2019-07-01T15:27:02","date_gmt":"2019-07-01T12:27:02","guid":{"rendered":"http:\/\/www.bbyhaber.com\/bby\/?p=26817"},"modified":"2019-07-02T07:55:24","modified_gmt":"2019-07-02T04:55:24","slug":"kutuphane-yaz-programi-kuyap19-tum-halk-kutuphanelerinde-cesitli-etkinliklerle-gerceklesiyor","status":"publish","type":"post","link":"https:\/\/www.bbyhaber.com\/bby\/2019\/07\/01\/kutuphane-yaz-programi-kuyap19-tum-halk-kutuphanelerinde-cesitli-etkinliklerle-gerceklesiyor","title":{"rendered":"K\u00fct\u00fcphane Yaz Program\u0131 (K\u00dcYAP\u201919) T\u00fcm Halk K\u00fct\u00fcphanelerinde \u00c7e\u015fitli Etkinliklerle Ger\u00e7ekle\u015fiyor."},"content":{"rendered":"<p><a href=\"http:\/\/www.bbyhaber.com\/bby\/wp-content\/uploads\/2019\/07\/logo-1-1-1-1.png\"><img loading=\"lazy\" decoding=\"async\" class=\"alignleft wp-image-26819 size-full\" src=\"http:\/\/www.bbyhaber.com\/bby\/wp-content\/uploads\/2019\/07\/logo-1-1-1-1.png\" alt=\"\" width=\"280\" height=\"90\" \/><\/a>K\u00fct\u00fcphanelerin sadece kitap \u00f6d\u00fcn\u00e7 al\u0131nan mekanlar olmad\u0131\u011f\u0131n\u0131; bunun \u00f6tesinde bilginin, bilimin, uzmanl\u0131\u011f\u0131n, tecr\u00fcbenin, ho\u015fg\u00f6r\u00fcn\u00fcn, g\u00f6n\u00fcll\u00fcl\u00fc\u011f\u00fcn payla\u015f\u0131labilece\u011fi ve \u00e7o\u011falt\u0131labilece\u011fi sosyal mekanlar oldu\u011funu vurgulamak i\u00e7in haz\u0131rlanan ve ilki ge\u00e7en sene ger\u00e7ekle\u015fen K\u00fct\u00fcphane Yaz Program\u0131 bu sene de kat\u0131l\u0131mc\u0131lar\u0131n yo\u011fun ilgisiyle ve t\u00fcm halk k\u00fct\u00fcphanelerin kat\u0131l\u0131m\u0131 sayesinde b\u00fcy\u00fck \u00f6zveriyle ger\u00e7ekle\u015ftiriliyor.<!--more--><\/p>\n<p>T\u00fcm T\u00fcrkiye\u2019de k\u00fct\u00fcphanelere yol g\u00f6sterici olmas\u0131 ama\u00e7lanan etkinliklere <a href=\"https:\/\/www.kutuphanedeyim.org\/\" target=\"_blank\" rel=\"noopener\">kutuphanedeyim.org<\/a> adresinden ula\u015f\u0131labilmektedir.<\/p>\n<p><strong><a href=\"https:\/\/www.kutuphanedeyim.org\/\" target=\"_blank\" rel=\"noopener\">kutuphanedeyim.org<\/a> <\/strong>adresinden ula\u015f\u0131labilen\u00a0etkinlikler hem k\u00fct\u00fcphane personeli hem de g\u00f6n\u00fcll\u00fcler taraf\u0131ndan \u201cg\u00f6n\u00fclden\u201d ve \u201chi\u00e7bir maddi kar\u015f\u0131l\u0131k beklemeksizin\u201d herkese a\u00e7\u0131k ve \u00fccretsiz olarak, s\u0131n\u0131rl\u0131 bir mali kaynakla fakat s\u0131n\u0131rs\u0131z bir g\u00f6n\u00fcll\u00fcl\u00fck ile haz\u0131rlan\u0131yor.<\/p>\n<p>Etkinlikler s\u00fcresince, halk k\u00fct\u00fcphanelerinin y\u00fcklendi\u011fi rol, f\u0131rsat e\u015fitli\u011fi kapsam\u0131nda de\u011ferlendirilmekte; \u00e7ocuklara, gen\u00e7lere ve ebeveynlere \u00e7e\u015fitli konu ve i\u00e7eriklerde \u00fccretsiz e\u011fitimler\/etkinlikler sunularak toplumun her kesimine ula\u015f\u0131lmaktad\u0131r.<\/p>\n<p>Bu kapsam\u0131nda; konunun uzmanlar\u0131 taraf\u0131ndan \u00e7ocuk ve ebeveyn e\u011fitimleri, sanat, bilim, do\u011fa, spor alanlar\u0131nda \u00e7e\u015fitli at\u00f6lyeler, toplumun ilgi duydu\u011fu konularda uzman s\u00f6yle\u015fileri, kat\u0131l\u0131mc\u0131lara \u201cdeneyim odakl\u0131\u201d \u00f6\u011frenme f\u0131rsat\u0131 sunulan \u00e7e\u015fitli etkinlikler, yeni nesil \u00e7ocuk ve gen\u00e7lerin toplumsal fark\u0131ndal\u0131k d\u00fczeylerini art\u0131ran sosyal sorumluluk kampanyalar\u0131 d\u00fczenlenmekte olup, kat\u0131l\u0131mc\u0131lar\u0131n sosyalle\u015fece\u011fi ve yaz d\u00f6neminde k\u00fct\u00fcphanede keyifli an\u0131lar biriktirece\u011fi \u00f6rnek bir \u201cya\u015fayan k\u00fct\u00fcphane\u201d modeli ger\u00e7ekle\u015ftirilmektedir.<\/p>\n<p>Proje s\u00fcresince;<\/p>\n<ul>\n<li>D\u00fcnya Dillerinden Masallar<\/li>\n<li>Aile Sinema Saati<\/li>\n<li>Artt\u0131r\u0131lm\u0131\u015f Ger\u00e7eklik At\u00f6lyesi<\/li>\n<li>Temel Robotik E\u011fitimi<\/li>\n<li>\u00d6rg\u00fc Kul\u00fcb\u00fc<\/li>\n<li>Maske \/ \u015eapka At\u00f6lyeleri<\/li>\n<li>Bilgi Okuryazarl\u0131\u011f\u0131 Semineri<\/li>\n<li>Kodlama E\u011fitimi<\/li>\n<li>Ebru At\u00f6lyesi<\/li>\n<li>Halk Oyunlar\u0131<\/li>\n<li>Kamp\u00e7\u0131l\u0131k E\u011fitimi<\/li>\n<li>Ki\u015fisel Geli\u015fim Seminerleri<\/li>\n<li>Okuma Gruplar\u0131 \/ Kitap Kul\u00fcpleri<\/li>\n<\/ul>\n<p>ve daha bir\u00e7ok etkinlik okuyucularla\u00a0bulu\u015fturulmaktad\u0131r.<\/p>\n<p>Sizleri, \u00e7ocuk, gen\u00e7 ve k\u00fct\u00fcphane odakl\u0131 yaz etkinliklerimize davet ediyor, katk\u0131 ve kat\u0131l\u0131mlar\u0131n\u0131z noktas\u0131nda \u00f6n bilgileri edinebilmeniz i\u00e7in web sayfam\u0131z\u0131 ziyaret etmenizi rica ediyoruz.<\/p>\n<p><a href=\"http:\/\/kutuphanedeyim.org\" target=\"_blank\" rel=\"noopener\">www.kutuphanedeyim.org<\/a><\/p>\n<p>&nbsp;<\/p>\n","protected":false},"excerpt":{"rendered":"<p>K\u00fct\u00fcphanelerin sadece kitap \u00f6d\u00fcn\u00e7 al\u0131nan mekanlar olmad\u0131\u011f\u0131n\u0131; bunun \u00f6tesinde bilginin, bilimin, uzmanl\u0131\u011f\u0131n, tecr\u00fcbenin, ho\u015fg\u00f6r\u00fcn\u00fcn, g\u00f6n\u00fcll\u00fcl\u00fc\u011f\u00fcn payla\u015f\u0131labilece\u011fi ve \u00e7o\u011falt\u0131labilece\u011fi sosyal mekanlar oldu\u011funu vurgulamak i\u00e7in haz\u0131rlanan ve ilki ge\u00e7en sene ger\u00e7ekle\u015fen K\u00fct\u00fcphane Yaz Program\u0131 bu sene de kat\u0131l\u0131mc\u0131lar\u0131n yo\u011fun ilgisiyle ve t\u00fcm halk k\u00fct\u00fcphanelerin kat\u0131l\u0131m\u0131 sayesinde b\u00fcy\u00fck \u00f6zveriyle ger\u00e7ekle\u015ftiriliyor.<\/p>\n","protected":false},"author":129,"featured_media":26826,"comment_status":"open","ping_status":"open","sticky":false,"template":"","format":"standard","meta":{"footnotes":""},"categories":[1],"tags":[],"class_list":["post-26817","post","type-post","status-publish","format-standard","has-post-thumbnail","hentry","category-genel"],"_links":{"self":[{"href":"https:\/\/www.bbyhaber.com\/bby\/wp-json\/wp\/v2\/posts\/26817"}],"collection":[{"href":"https:\/\/www.bbyhaber.com\/bby\/wp-json\/wp\/v2\/posts"}],"about":[{"href":"https:\/\/www.bbyhaber.com\/bby\/wp-json\/wp\/v2\/types\/post"}],"author":[{"embeddable":true,"href":"https:\/\/www.bbyhaber.com\/bby\/wp-json\/wp\/v2\/users\/129"}],"replies":[{"embeddable":true,"href":"https:\/\/www.bbyhaber.com\/bby\/wp-json\/wp\/v2\/comments?post=26817"}],"version-history":[{"count":5,"href":"https:\/\/www.bbyhaber.com\/bby\/wp-json\/wp\/v2\/posts\/26817\/revisions"}],"predecessor-version":[{"id":26829,"href":"https:\/\/www.bbyhaber.com\/bby\/wp-json\/wp\/v2\/posts\/26817\/revisions\/26829"}],"wp:featuredmedia":[{"embeddable":true,"href":"https:\/\/www.bbyhaber.com\/bby\/wp-json\/wp\/v2\/media\/26826"}],"wp:attachment":[{"href":"https:\/\/www.bbyhaber.com\/bby\/wp-json\/wp\/v2\/media?parent=26817"}],"wp:term":[{"taxonomy":"category","embeddable":true,"href":"https:\/\/www.bbyhaber.com\/bby\/wp-json\/wp\/v2\/categories?post=26817"},{"taxonomy":"post_tag","embeddable":true,"href":"https:\/\/www.bbyhaber.com\/bby\/wp-json\/wp\/v2\/tags?post=26817"}],"curies":[{"name":"wp","href":"https:\/\/api.w.org\/{rel}","templated":true}]}}