{"id":26801,"date":"2019-06-26T09:42:42","date_gmt":"2019-06-26T06:42:42","guid":{"rendered":"http:\/\/www.bbyhaber.com\/bby\/?p=26801"},"modified":"2019-10-19T18:03:13","modified_gmt":"2019-10-19T15:03:13","slug":"2-uluslararasi-cocuk-kutuphaneleri-sempozyum-programi-ilan-edildi","status":"publish","type":"post","link":"https:\/\/www.bbyhaber.com\/bby\/2019\/06\/26\/2-uluslararasi-cocuk-kutuphaneleri-sempozyum-programi-ilan-edildi","title":{"rendered":"2. Uluslararas\u0131 \u00c7ocuk K\u00fct\u00fcphaneleri Sempozyum Program\u0131 ilan edildi"},"content":{"rendered":"<p><img loading=\"lazy\" decoding=\"async\" class=\"alignleft size-full wp-image-26802\" src=\"http:\/\/www.bbyhaber.com\/bby\/wp-content\/uploads\/2019\/06\/cropped-LOGO-1.png\" alt=\"\" width=\"200\" height=\"200\" srcset=\"https:\/\/www.bbyhaber.com\/bby\/wp-content\/uploads\/2019\/06\/cropped-LOGO-1.png 200w, https:\/\/www.bbyhaber.com\/bby\/wp-content\/uploads\/2019\/06\/cropped-LOGO-1-150x150.png 150w\" sizes=\"(max-width: 200px) 100vw, 200px\" \/><\/p>\n<p>2. Uluslararas\u0131 \u00c7ocuk K\u00fct\u00fcphaneleri Sempozyum Program\u0131 ilan edildi.<\/p>\n<p><strong>16-19 Ekim 2019<\/strong> tarihleri aras\u0131nda ikincisini ger\u00e7ekle\u015ftirece\u011fimiz\u00a0Uluslararas\u0131 \u00c7ocuk K\u00fct\u00fcphaneleri Sempozyumu&#8217;nu bu sene &#8220;\u00c7ocuk\u00a0 K\u00fct\u00fcphanelerinde Okul \u00d6ncesi D\u00f6nem&#8221; temas\u0131 ile kutluyoruz.<!--more--><\/p>\n<p>Ba\u015flang\u0131\u00e7ta \u0130stanbul B\u00fcy\u00fck\u015fehir Belediyesi Atat\u00fcrk Kitapl\u0131\u011f\u0131\u00a0i\u015fbirli\u011finde ba\u015flad\u0131\u011f\u0131m\u0131z \u00e7al\u0131\u015fmalar\u0131m\u0131z, \u0130stanbul B\u00fcy\u00fck\u015fehir\u00a0Belediyesi&#8217;nin y\u00f6netim s\u00fcrecindeki belirsizlik nedeniyle maalesef\u00a0ilerleyemedi. Bu s\u00fcre\u00e7te yard\u0131m ve desteklerini esirgemeyen Ramazan\u00a0Minder ve Ufuk Mazlum&#8217;a \u00e7ok te\u015fekk\u00fcr ediyorum.<\/p>\n<p>Gelinen noktada 2. Uluslararas\u0131 \u00c7ocuk K\u00fct\u00fcphaneleri Sempozyumu, Marmara\u00a0\u00dcniversitesi Bilgi ve Belge Y\u00f6netimi B\u00f6l\u00fcm\u00fc, K\u00fclt\u00fcr ve Turizm Bakanl\u0131\u011f\u0131\u00a0K\u00fct\u00fcphaneler ve Yay\u0131mlar Genel M\u00fcd\u00fcrl\u00fc\u011f\u00fc ve \u00dcsk\u00fcdar Belediyesi\u00a0\u0130\u015fbirli\u011finde, \u0130stanbul&#8217;da ger\u00e7ekle\u015ftirilecektir.<\/p>\n<p>Sempozyuma g\u00f6nderilen bildiri ve poster \u00f6zetlerinin hakem de\u011ferlendirme\u00a0s\u00fcre\u00e7leri tamamlanm\u0131\u015f olup, sempozyum program\u0131 web sayfas\u0131nda ilan\u00a0edilmi\u015ftir.<\/p>\n<p>(<a href=\"http:\/\/www.cocukkutuphaneleri.org\/\" target=\"_blank\" rel=\"noopener noreferrer\" data-saferedirecturl=\"https:\/\/www.google.com\/url?q=http:\/\/www.cocukkutuphaneleri.org&amp;source=gmail&amp;ust=1561616349360000&amp;usg=AFQjCNGnYmSpGt5X-nNExvImi30che-amA\">http:\/\/www.cocukkutuphaneleri<wbr \/>.org<\/a>)<\/p>\n<p>\u00dclkemizdeki \u00e7ocuk k\u00fct\u00fcphaneleri ve k\u00fct\u00fcphanecili\u011fi konusunda fark\u0131ndal\u0131k\u00a0yaratarak bu alana bir ivme kazand\u0131rd\u0131\u011f\u0131na inand\u0131\u011f\u0131m\u0131z sempozyuma\u00a0te\u015friflerinizden onur duyar\u0131z.<\/p>\n<p>Sayg\u0131lar\u0131mla.<\/p>\n","protected":false},"excerpt":{"rendered":"<p>2. Uluslararas\u0131 \u00c7ocuk K\u00fct\u00fcphaneleri Sempozyum Program\u0131 ilan edildi. 16-19 Ekim 2019 tarihleri aras\u0131nda ikincisini ger\u00e7ekle\u015ftirece\u011fimiz\u00a0Uluslararas\u0131 \u00c7ocuk K\u00fct\u00fcphaneleri Sempozyumu&#8217;nu bu sene &#8220;\u00c7ocuk\u00a0 K\u00fct\u00fcphanelerinde Okul \u00d6ncesi D\u00f6nem&#8221; temas\u0131 ile kutluyoruz.<\/p>\n","protected":false},"author":129,"featured_media":26808,"comment_status":"open","ping_status":"open","sticky":false,"template":"","format":"standard","meta":{"footnotes":""},"categories":[1],"tags":[1395,1439],"class_list":["post-26801","post","type-post","status-publish","format-standard","has-post-thumbnail","hentry","category-genel","tag-bby-mesleki-etkinlikler-arsivi","tag-cocuk-kutuphaneleri"],"_links":{"self":[{"href":"https:\/\/www.bbyhaber.com\/bby\/wp-json\/wp\/v2\/posts\/26801"}],"collection":[{"href":"https:\/\/www.bbyhaber.com\/bby\/wp-json\/wp\/v2\/posts"}],"about":[{"href":"https:\/\/www.bbyhaber.com\/bby\/wp-json\/wp\/v2\/types\/post"}],"author":[{"embeddable":true,"href":"https:\/\/www.bbyhaber.com\/bby\/wp-json\/wp\/v2\/users\/129"}],"replies":[{"embeddable":true,"href":"https:\/\/www.bbyhaber.com\/bby\/wp-json\/wp\/v2\/comments?post=26801"}],"version-history":[{"count":6,"href":"https:\/\/www.bbyhaber.com\/bby\/wp-json\/wp\/v2\/posts\/26801\/revisions"}],"predecessor-version":[{"id":26816,"href":"https:\/\/www.bbyhaber.com\/bby\/wp-json\/wp\/v2\/posts\/26801\/revisions\/26816"}],"wp:featuredmedia":[{"embeddable":true,"href":"https:\/\/www.bbyhaber.com\/bby\/wp-json\/wp\/v2\/media\/26808"}],"wp:attachment":[{"href":"https:\/\/www.bbyhaber.com\/bby\/wp-json\/wp\/v2\/media?parent=26801"}],"wp:term":[{"taxonomy":"category","embeddable":true,"href":"https:\/\/www.bbyhaber.com\/bby\/wp-json\/wp\/v2\/categories?post=26801"},{"taxonomy":"post_tag","embeddable":true,"href":"https:\/\/www.bbyhaber.com\/bby\/wp-json\/wp\/v2\/tags?post=26801"}],"curies":[{"name":"wp","href":"https:\/\/api.w.org\/{rel}","templated":true}]}}