{"id":26790,"date":"2019-06-25T14:44:15","date_gmt":"2019-06-25T11:44:15","guid":{"rendered":"http:\/\/www.bbyhaber.com\/bby\/?p=26790"},"modified":"2019-06-25T14:44:15","modified_gmt":"2019-06-25T11:44:15","slug":"prof-dr-serap-kurbanoglu-bilgi-arama-davranislarinda-onemli-degisiklikler-var","status":"publish","type":"post","link":"https:\/\/www.bbyhaber.com\/bby\/2019\/06\/25\/prof-dr-serap-kurbanoglu-bilgi-arama-davranislarinda-onemli-degisiklikler-var","title":{"rendered":"Prof. Dr. Serap Kurbano\u011flu, \u201cBilgi arama davran\u0131\u015flar\u0131nda \u00f6nemli de\u011fi\u015fiklikler var\u201d"},"content":{"rendered":"<p><a href=\"http:\/\/www.bbyhaber.com\/bby\/wp-content\/uploads\/2019\/06\/serap-kurbanoglu.jpg\"><img loading=\"lazy\" decoding=\"async\" class=\"alignleft size-full wp-image-26791\" src=\"http:\/\/www.bbyhaber.com\/bby\/wp-content\/uploads\/2019\/06\/serap-kurbanoglu.jpg\" alt=\"\" width=\"390\" height=\"180\" \/><\/a>Ege \u00dcniversitesi K\u00fct\u00fcphane ve Dok\u00fcmantasyon Daire Ba\u015fkanl\u0131\u011f\u0131 taraf\u0131ndan d\u00fczenlenen bir seminer kapsam\u0131nda, \u201c21.Y\u00fczy\u0131l Becerileri, \u0130stihdam Edilebilirlik Becerileri ve Bilgi Okuryazarl\u0131\u011f\u0131 ve \u0130li\u015fkisi\u201d ile \u00a0\u201cGer\u00e7ek \u00d6tesi \u00c7a\u011fda Bilgi Okuryazarl\u0131\u011f\u0131, Medya Okuryazarl\u0131\u011f\u0131 ve Haber Okuryazarl\u0131\u011f\u0131n\u0131n \u00d6nemi\u201d konulu sunumlar ger\u00e7ekle\u015ftirildi. Ege \u00dcniversitesi Edebiyat Fak\u00fcltesi Prof. Dr. Nuri Bilgin Konferans Salonu\u2019nda ger\u00e7ekle\u015ftirilen seminer Hacettepe \u00dcniversitesi Bilgi ve Belge Y\u00f6netimi B\u00f6l\u00fcm\u00fc \u00d6\u011fretim \u00dcyesi <a href=\"https:\/\/www.bbyhaber.com\/bby\/tag\/prof-dr-serap-kurbanoglu\" target=\"_blank\" rel=\"noopener\"><strong>Prof. Dr. Serap Kurbano\u011flu<\/strong><\/a> taraf\u0131ndan verildi. Seminere akademisyenler ve \u00f6\u011frenciler kat\u0131ld\u0131.<!--more--><\/p>\n<p>Konu\u015fmas\u0131nda k\u00fcreselle\u015fme, karma\u015f\u0131kl\u0131k ve sahte haber gibi konular\u0131n \u00fczerinde duran Prof. Dr. Kurbano\u011flu, <strong>\u00fcniversitelerin istihdam edilebilir \u00f6\u011frenciler yeti\u015ftirmesi gerekti\u011fini vurgulayarak, bilgi okuryazarl\u0131\u011f\u0131 konusuna de\u011findi.<\/strong><\/p>\n<p><strong>Medya ve bilgi okuryazarl\u0131\u011f\u0131<\/strong>n\u0131n g\u00fcn\u00fcm\u00fczde \u00e7ok \u00f6nemli bir konu oldu\u011funu s\u00f6yleyen Prof. Dr. Kurbano\u011flu, t\u00fcm toplum bireylerinin medya ve bilgi okuryazarl\u0131\u011f\u0131 becerilerine sahip olmas\u0131 i\u00e7in gerekli e\u011fitimlerin verilmesi gerekti\u011fini s\u00f6yledi. Prof. Dr. Kurbano\u011flu, \u201cBilgi arama davran\u0131\u015flar\u0131nda \u00f6nemli de\u011fi\u015fiklikler var. Yap\u0131lan bir ara\u015ft\u0131rma, yalan haberin do\u011fru habere g\u00f6re alt\u0131 kat daha h\u0131zl\u0131 yay\u0131ld\u0131\u011f\u0131n\u0131 ortaya koydu. Yalan haberin payla\u015f\u0131lma ihtimali do\u011fru haberden y\u00fczde 70 daha fazla oluyormu\u015f, daha \u00e7ok ilgi \u00e7ekmek i\u00e7in. Bu ara\u015ft\u0131rma \u2018Science\u2019 dergisinde yay\u0131nlam\u0131\u015f bir ara\u015ft\u0131rma. Yalan haber \u00e7ok h\u0131zl\u0131 yay\u0131labiliyor, Bu bizim i\u00e7in en \u00f6nemli nokta burada. Yalan haberlerin manip\u00fclasyonuyla m\u00fccadele etmek m\u00fcmk\u00fcn de\u011fil mi? Elbette m\u00fcmk\u00fcn. Bunu yapan baz\u0131 olu\u015fumlar da var. Biliyorsunuz do\u011frulama platformlar\u0131, teyit platformlar\u0131 olarak ge\u00e7iyor. \u0130kisi ayn\u0131 anlama gelen s\u00f6zc\u00fckler sonu\u00e7ta. Yeni medyan\u0131n olanaklar\u0131n\u0131 kullanarak bir nevi i\u00e7eriden m\u00fccadele \u00f6rne\u011fi vererek sahte habere m\u00fccadele etmeye \u00e7al\u0131\u015fmak gerekiyor\u201d dedi.<\/p>\n<p>Seminer sonunda Prof. Dr. Serap Kurbano\u011flu kat\u0131l\u0131mc\u0131lar\u0131n sorular\u0131n\u0131 cevaplad\u0131.<\/p>\n<p><a href=\"https:\/\/egeajans.ege.edu.tr\/?p=9177\" target=\"_blank\" rel=\"noopener\">Kaynak<\/a><\/p>\n","protected":false},"excerpt":{"rendered":"<p>Ege \u00dcniversitesi K\u00fct\u00fcphane ve Dok\u00fcmantasyon Daire Ba\u015fkanl\u0131\u011f\u0131 taraf\u0131ndan d\u00fczenlenen bir seminer kapsam\u0131nda, \u201c21.Y\u00fczy\u0131l Becerileri, \u0130stihdam Edilebilirlik Becerileri ve Bilgi Okuryazarl\u0131\u011f\u0131 ve \u0130li\u015fkisi\u201d ile \u00a0\u201cGer\u00e7ek \u00d6tesi \u00c7a\u011fda Bilgi Okuryazarl\u0131\u011f\u0131, Medya Okuryazarl\u0131\u011f\u0131 ve Haber Okuryazarl\u0131\u011f\u0131n\u0131n \u00d6nemi\u201d konulu sunumlar ger\u00e7ekle\u015ftirildi. Ege \u00dcniversitesi Edebiyat Fak\u00fcltesi Prof. Dr. Nuri Bilgin Konferans Salonu\u2019nda ger\u00e7ekle\u015ftirilen seminer Hacettepe \u00dcniversitesi Bilgi ve Belge Y\u00f6netimi [&hellip;]<\/p>\n","protected":false},"author":1,"featured_media":26791,"comment_status":"open","ping_status":"open","sticky":false,"template":"","format":"standard","meta":{"footnotes":""},"categories":[1],"tags":[1191,296,1437],"class_list":["post-26790","post","type-post","status-publish","format-standard","has-post-thumbnail","hentry","category-genel","tag-https-www-bbyhaber-com-bby-tag-prof-dr-serap-kurbanoglu","tag-prof-dr-serap-kurbanoglu","tag-univ-arastirma-kutuphaneleri"],"_links":{"self":[{"href":"https:\/\/www.bbyhaber.com\/bby\/wp-json\/wp\/v2\/posts\/26790"}],"collection":[{"href":"https:\/\/www.bbyhaber.com\/bby\/wp-json\/wp\/v2\/posts"}],"about":[{"href":"https:\/\/www.bbyhaber.com\/bby\/wp-json\/wp\/v2\/types\/post"}],"author":[{"embeddable":true,"href":"https:\/\/www.bbyhaber.com\/bby\/wp-json\/wp\/v2\/users\/1"}],"replies":[{"embeddable":true,"href":"https:\/\/www.bbyhaber.com\/bby\/wp-json\/wp\/v2\/comments?post=26790"}],"version-history":[{"count":1,"href":"https:\/\/www.bbyhaber.com\/bby\/wp-json\/wp\/v2\/posts\/26790\/revisions"}],"predecessor-version":[{"id":26792,"href":"https:\/\/www.bbyhaber.com\/bby\/wp-json\/wp\/v2\/posts\/26790\/revisions\/26792"}],"wp:featuredmedia":[{"embeddable":true,"href":"https:\/\/www.bbyhaber.com\/bby\/wp-json\/wp\/v2\/media\/26791"}],"wp:attachment":[{"href":"https:\/\/www.bbyhaber.com\/bby\/wp-json\/wp\/v2\/media?parent=26790"}],"wp:term":[{"taxonomy":"category","embeddable":true,"href":"https:\/\/www.bbyhaber.com\/bby\/wp-json\/wp\/v2\/categories?post=26790"},{"taxonomy":"post_tag","embeddable":true,"href":"https:\/\/www.bbyhaber.com\/bby\/wp-json\/wp\/v2\/tags?post=26790"}],"curies":[{"name":"wp","href":"https:\/\/api.w.org\/{rel}","templated":true}]}}