{"id":26779,"date":"2019-06-21T13:08:05","date_gmt":"2019-06-21T10:08:05","guid":{"rendered":"http:\/\/www.bbyhaber.com\/bby\/?p=26779"},"modified":"2019-06-21T13:08:05","modified_gmt":"2019-06-21T10:08:05","slug":"nabi-avcidan-eskisehir-il-halk-kutuphanesi-aciklamasi","status":"publish","type":"post","link":"https:\/\/www.bbyhaber.com\/bby\/2019\/06\/21\/nabi-avcidan-eskisehir-il-halk-kutuphanesi-aciklamasi","title":{"rendered":"Nabi Avc\u0131&#8217;dan Eski\u015fehir \u0130l Halk K\u00fct\u00fcphanesi A\u00e7\u0131klamas\u0131"},"content":{"rendered":"<p><a href=\"http:\/\/www.bbyhaber.com\/bby\/wp-content\/uploads\/2019\/06\/nabi-avcidan-il-halk-kutuphanesi-aciklamasi.jpg\"><img loading=\"lazy\" decoding=\"async\" class=\"alignleft size-full wp-image-26780\" src=\"http:\/\/www.bbyhaber.com\/bby\/wp-content\/uploads\/2019\/06\/nabi-avcidan-il-halk-kutuphanesi-aciklamasi.jpg\" alt=\"\" width=\"390\" height=\"180\" \/><\/a>AK Parti Eski\u015fehir Milletvekili Nabi Avc\u0131, TBMM Genel Kurulu\u2019nda Eski\u015fehir \u0130l K\u00fct\u00fcphanesi\u2019nin son durumu ile ilgili a\u00e7\u0131klamalarda bulundu.\u00a0 \u0130l Halk K\u00fct\u00fcphanesi\u2019nin Aral\u0131k ay\u0131nda bitece\u011fini ifade eden Avc\u0131, a\u00e7\u0131klamas\u0131nda \u015fu ifadelere yer verdi: \u201cEski\u015fehir \u0130l Halk K\u00fct\u00fcphanesi, 2017 y\u0131l\u0131nda ihale edildi. Uzatmalar dahil 2018 y\u0131l\u0131 Eyl\u00fcl ay\u0131nda gerekirken, m\u00fcteahhidin iflas etmesi sonucunda durdu.<!--more--> Ve;<\/p>\n<p>27.03.2019 tarihinde tekrar ihale yap\u0131ld\u0131.<\/p>\n<p>16.04.2019 tarihinde s\u00f6zle\u015fme yap\u0131ld\u0131.<\/p>\n<p>22.04 2019 tarihinde i\u015fe ba\u015flad\u0131lar.<\/p>\n<p><strong>25.12.2019 tarihinde ise yedi katl\u0131 \u0130l Halk K\u00fct\u00fcphanemiz bitirilmi\u015f olacak.<\/strong> Eski \u0130l Halk K\u00fct\u00fcphanemiz iki katl\u0131 ve 400 metrekare idi. Aral\u0131k ay\u0131nda bitirilecek olan yeni \u0130l Halk K\u00fct\u00fcphanemiz yedi katl\u0131 ve 830 metrekare olacakt\u0131r.\u201d dedi<\/p>\n<p><a href=\"http:\/\/www.esgundem26.com\/\" target=\"_blank\" rel=\"noopener\">Kaynak<\/a><\/p>\n","protected":false},"excerpt":{"rendered":"<p>AK Parti Eski\u015fehir Milletvekili Nabi Avc\u0131, TBMM Genel Kurulu\u2019nda Eski\u015fehir \u0130l K\u00fct\u00fcphanesi\u2019nin son durumu ile ilgili a\u00e7\u0131klamalarda bulundu.\u00a0 \u0130l Halk K\u00fct\u00fcphanesi\u2019nin Aral\u0131k ay\u0131nda bitece\u011fini ifade eden Avc\u0131, a\u00e7\u0131klamas\u0131nda \u015fu ifadelere yer verdi: \u201cEski\u015fehir \u0130l Halk K\u00fct\u00fcphanesi, 2017 y\u0131l\u0131nda ihale edildi. Uzatmalar dahil 2018 y\u0131l\u0131 Eyl\u00fcl ay\u0131nda gerekirken, m\u00fcteahhidin iflas etmesi sonucunda durdu.<\/p>\n","protected":false},"author":1,"featured_media":26780,"comment_status":"open","ping_status":"open","sticky":false,"template":"","format":"standard","meta":{"footnotes":""},"categories":[1],"tags":[],"class_list":["post-26779","post","type-post","status-publish","format-standard","has-post-thumbnail","hentry","category-genel"],"_links":{"self":[{"href":"https:\/\/www.bbyhaber.com\/bby\/wp-json\/wp\/v2\/posts\/26779"}],"collection":[{"href":"https:\/\/www.bbyhaber.com\/bby\/wp-json\/wp\/v2\/posts"}],"about":[{"href":"https:\/\/www.bbyhaber.com\/bby\/wp-json\/wp\/v2\/types\/post"}],"author":[{"embeddable":true,"href":"https:\/\/www.bbyhaber.com\/bby\/wp-json\/wp\/v2\/users\/1"}],"replies":[{"embeddable":true,"href":"https:\/\/www.bbyhaber.com\/bby\/wp-json\/wp\/v2\/comments?post=26779"}],"version-history":[{"count":1,"href":"https:\/\/www.bbyhaber.com\/bby\/wp-json\/wp\/v2\/posts\/26779\/revisions"}],"predecessor-version":[{"id":26781,"href":"https:\/\/www.bbyhaber.com\/bby\/wp-json\/wp\/v2\/posts\/26779\/revisions\/26781"}],"wp:featuredmedia":[{"embeddable":true,"href":"https:\/\/www.bbyhaber.com\/bby\/wp-json\/wp\/v2\/media\/26780"}],"wp:attachment":[{"href":"https:\/\/www.bbyhaber.com\/bby\/wp-json\/wp\/v2\/media?parent=26779"}],"wp:term":[{"taxonomy":"category","embeddable":true,"href":"https:\/\/www.bbyhaber.com\/bby\/wp-json\/wp\/v2\/categories?post=26779"},{"taxonomy":"post_tag","embeddable":true,"href":"https:\/\/www.bbyhaber.com\/bby\/wp-json\/wp\/v2\/tags?post=26779"}],"curies":[{"name":"wp","href":"https:\/\/api.w.org\/{rel}","templated":true}]}}