{"id":26765,"date":"2019-06-20T11:26:03","date_gmt":"2019-06-20T08:26:03","guid":{"rendered":"http:\/\/www.bbyhaber.com\/bby\/?p=26765"},"modified":"2019-06-20T11:26:03","modified_gmt":"2019-06-20T08:26:03","slug":"turkiyede-ilk-anne-kutuphane-dilovasinda","status":"publish","type":"post","link":"https:\/\/www.bbyhaber.com\/bby\/2019\/06\/20\/turkiyede-ilk-anne-kutuphane-dilovasinda","title":{"rendered":"T\u00fcrkiye\u2019de ilk \u2018Anne K\u00fct\u00fcphane!\u2019 Dilovas\u0131\u2019nda"},"content":{"rendered":"<p><a href=\"http:\/\/www.bbyhaber.com\/bby\/wp-content\/uploads\/2019\/06\/turkiye-de-ilk-anne-kutuphane.png\"><img loading=\"lazy\" decoding=\"async\" class=\"alignleft size-full wp-image-26766\" src=\"http:\/\/www.bbyhaber.com\/bby\/wp-content\/uploads\/2019\/06\/turkiye-de-ilk-anne-kutuphane.png\" alt=\"\" width=\"390\" height=\"180\" \/><\/a>T\u00fcrkiye&#8217;de bir ilk olarak a\u00e7\u0131lan &#8220;<strong>Anne K\u00fct\u00fcphanesi<\/strong>&#8221; Dilovas\u0131 Nene Hatun Anaokulu&#8217;nda bug\u00fcn ger\u00e7ekle\u015fen a\u00e7\u0131l\u0131\u015f program\u0131 ile a\u00e7\u0131ld\u0131. Dilovas\u0131 Belediye Ba\u015fkan\u0131 Hamza \u015eayir&#8217;in de kat\u0131ld\u0131\u011f\u0131 a\u00e7\u0131l\u0131\u015f t\u00f6renine Dilovas\u0131 \u0130l\u00e7e Milli E\u011fitim M\u00fcd\u00fcr\u00fc Murat Balay, \u0130l\u00e7e N\u00fcfus M\u00fcd\u00fcr\u00fc Hasan \u0130stif, Kocaeli Okuma Sanat\u0131 Kul\u00fcb\u00fc Ba\u015fkan\u0131 T\u00fclay Yan\u0131ko\u011flu Yaz\u0131c\u0131, Okul M\u00fcd\u00fcr\u00fc \u0130smail G\u00fcney ve projenin sponsoru olan \u0130n\u015faat M\u00fchendisi \u015eennur Zengin kat\u0131ld\u0131.<!--more--><\/p>\n<p>ANNELER HEM OKUYACAK HEM E\u011e\u0130T\u0130LECEK<\/p>\n<p>Dilovas\u0131 Nene Hatun Anaokulu&#8217;nun bir b\u00f6l\u00fcm\u00fcnde a\u00e7\u0131lan Anne K\u00fct\u00fcphanesi projesi kapsam\u0131nda olu\u015fturulan k\u00fct\u00fcphane de okulda e\u011fitim g\u00f6ren \u00e7ocuklar\u0131n anneleri bu k\u00fct\u00fcphaneden faydalanacaklar. Okula gelen anneler burada okuduklar\u0131 kitaplar\u0131 sosyologlar ve psikologlar e\u015fli\u011finde fikir al\u0131\u015fveri\u015finde bulunarak bir nevi e\u011fitimden ge\u00e7ecekler. Ayr\u0131ca proje kapsam\u0131nda yine her anneye kitap hediye edilecek.<\/p>\n<p>VEFAT EDEN BABASINA ANLAMLI HED\u0130YE<\/p>\n<p>Projenin hayata ge\u00e7mesine \u00f6nc\u00fcl\u00fck eden Kocaeli Okuma Sanat\u0131 Kul\u00fcb\u00fc Ba\u015fkan\u0131 T\u00fclay Yan\u0131ko\u011flu Yaz\u0131c\u0131, Kocaeli&#8217;de ticaret yapan \u0130n\u015faat M\u00fchendisi \u015eennur Zengin ile projeyi payla\u015fmas\u0131n\u0131n ard\u0131ndan projenin t\u00fcm maliyetini \u00fcstlenen \u0130\u015f kad\u0131n\u0131 \u015eennur Zengin, babalar g\u00fcn\u00fc nedeniyle ge\u00e7ti\u011fimiz y\u0131l vefat eden babas\u0131 Hac\u0131 Mustafa G\u00fcm\u00fc\u015f&#8217;e hediye ederken, a\u00e7\u0131lan s\u0131n\u0131fa da Mustafa G\u00fcm\u00fc\u015f Anne K\u00fct\u00fcphanesi ad\u0131 verildi.<\/p>\n<p>\u00d6NCEL\u0130\u011e\u0130M\u0130Z E\u011e\u0130T\u0130M<\/p>\n<p>Nene Hatun Anaokulu&#8217;nda \u00e7\u0131lan Anne K\u00fct\u00fcphanesinin a\u00e7\u0131l\u0131\u015f\u0131nda konu\u015fan Dilovas\u0131 Belediye Ba\u015fkan\u0131 Hamza \u015eayir, \u201cT\u00fcm ya\u015fant\u0131m boyunca her zaman \u00f6nceli\u011fim e\u011fitim olmu\u015ftur. E\u011fitime yap\u0131lan her yat\u0131r\u0131ma sonuna kadar sahip \u00e7\u0131km\u0131\u015f\u0131md\u0131r. E\u011fitimli bir toplum e\u011fitimli bir \u00fclke yar\u0131nlar\u0131 daha g\u00fczel olacak bir \u00fclke olacakt\u0131r. Bizde yar\u0131nlar\u0131n daha g\u00fczel bir \u00fclkesi \u00fcmidiyle her zaman e\u011fitime yat\u0131r\u0131m yapmaya devam edece\u011fiz. E\u011fitime destek olmak isteyen hay\u0131rseverlerimize destek olmak ve sahip \u00e7\u0131kmak boynumuzun borcudur. Burada \u00e7ok g\u00fczel bir projeyi hayata ge\u00e7iren ba\u015fta Kocaeli Okuma Sanat\u0131 Derne\u011fi Ba\u015fkan\u0131 T\u00fclay Yan\u0131ko\u011flu Yaz\u0131c\u0131 ve y\u00f6netimi olmak \u00fczere \u0130n\u015faat M\u00fchendisi \u015eennur Zengin&#8217;e de katk\u0131lar\u0131ndan dolay\u0131 \u00e7ok te\u015fekk\u00fcr ediyorum. Umar\u0131m a\u00e7\u0131lacak olan k\u00fct\u00fcphanemizle birlikte annelerimizde okuduklar\u0131 kitaplarla hayata daha g\u00fczel bakacaklard\u0131r\u201d dedi.<\/p>\n<p>BA\u015eKAN \u015eAY\u0130R&#8217;DEN TE\u015eEKK\u00dcR PLAKET\u0130<\/p>\n<p>Ba\u015fkan \u015eayir, konu\u015fmas\u0131n\u0131n ard\u0131ndan \u2018Hac\u0131 Mustafa G\u00fcm\u00fc\u015f Anne K\u00fct\u00fcphanesi\u2019nin kurulmas\u0131na destek veren \u0130n\u015faat M\u00fchendisi \u015eennur Zengin&#8217;e te\u015fekk\u00fcr plaketi takdim etti. \u0130l\u00e7e Milli E\u011fitim M\u00fcd\u00fcr\u00fc Murat Balay&#8217;da projenin hayata ge\u00e7mesine katk\u0131 sunan Kocaeli Okuma Sanat\u0131 Kul\u00fcb\u00fc Ba\u015fkan\u0131 T\u00fclay Yan\u0131ko\u011flu Yaz\u0131c\u0131 ve projenin sponsoru \u015eennur Zengin&#8217;e katk\u0131lar\u0131ndan dolay\u0131 te\u015fekk\u00fcr etti.<\/p>\n<p><a href=\"http:\/\/hedefgazetesi.com.tr\" target=\"_blank\" rel=\"noopener\">Kaynak<\/a><\/p>\n","protected":false},"excerpt":{"rendered":"<p>T\u00fcrkiye&#8217;de bir ilk olarak a\u00e7\u0131lan &#8220;Anne K\u00fct\u00fcphanesi&#8221; Dilovas\u0131 Nene Hatun Anaokulu&#8217;nda bug\u00fcn ger\u00e7ekle\u015fen a\u00e7\u0131l\u0131\u015f program\u0131 ile a\u00e7\u0131ld\u0131. Dilovas\u0131 Belediye Ba\u015fkan\u0131 Hamza \u015eayir&#8217;in de kat\u0131ld\u0131\u011f\u0131 a\u00e7\u0131l\u0131\u015f t\u00f6renine Dilovas\u0131 \u0130l\u00e7e Milli E\u011fitim M\u00fcd\u00fcr\u00fc Murat Balay, \u0130l\u00e7e N\u00fcfus M\u00fcd\u00fcr\u00fc Hasan \u0130stif, Kocaeli Okuma Sanat\u0131 Kul\u00fcb\u00fc Ba\u015fkan\u0131 T\u00fclay Yan\u0131ko\u011flu Yaz\u0131c\u0131, Okul M\u00fcd\u00fcr\u00fc \u0130smail G\u00fcney ve projenin sponsoru olan \u0130n\u015faat [&hellip;]<\/p>\n","protected":false},"author":1,"featured_media":26766,"comment_status":"open","ping_status":"open","sticky":false,"template":"","format":"standard","meta":{"footnotes":""},"categories":[1],"tags":[1189],"class_list":["post-26765","post","type-post","status-publish","format-standard","has-post-thumbnail","hentry","category-genel","tag-anne-kutuphane"],"_links":{"self":[{"href":"https:\/\/www.bbyhaber.com\/bby\/wp-json\/wp\/v2\/posts\/26765"}],"collection":[{"href":"https:\/\/www.bbyhaber.com\/bby\/wp-json\/wp\/v2\/posts"}],"about":[{"href":"https:\/\/www.bbyhaber.com\/bby\/wp-json\/wp\/v2\/types\/post"}],"author":[{"embeddable":true,"href":"https:\/\/www.bbyhaber.com\/bby\/wp-json\/wp\/v2\/users\/1"}],"replies":[{"embeddable":true,"href":"https:\/\/www.bbyhaber.com\/bby\/wp-json\/wp\/v2\/comments?post=26765"}],"version-history":[{"count":1,"href":"https:\/\/www.bbyhaber.com\/bby\/wp-json\/wp\/v2\/posts\/26765\/revisions"}],"predecessor-version":[{"id":26767,"href":"https:\/\/www.bbyhaber.com\/bby\/wp-json\/wp\/v2\/posts\/26765\/revisions\/26767"}],"wp:featuredmedia":[{"embeddable":true,"href":"https:\/\/www.bbyhaber.com\/bby\/wp-json\/wp\/v2\/media\/26766"}],"wp:attachment":[{"href":"https:\/\/www.bbyhaber.com\/bby\/wp-json\/wp\/v2\/media?parent=26765"}],"wp:term":[{"taxonomy":"category","embeddable":true,"href":"https:\/\/www.bbyhaber.com\/bby\/wp-json\/wp\/v2\/categories?post=26765"},{"taxonomy":"post_tag","embeddable":true,"href":"https:\/\/www.bbyhaber.com\/bby\/wp-json\/wp\/v2\/tags?post=26765"}],"curies":[{"name":"wp","href":"https:\/\/api.w.org\/{rel}","templated":true}]}}