{"id":26748,"date":"2019-06-18T16:12:34","date_gmt":"2019-06-18T13:12:34","guid":{"rendered":"http:\/\/www.bbyhaber.com\/bby\/?p=26748"},"modified":"2019-06-18T16:18:43","modified_gmt":"2019-06-18T13:18:43","slug":"leman-senalp-icin-anma-toplantisi-gerceklestirildi","status":"publish","type":"post","link":"https:\/\/www.bbyhaber.com\/bby\/2019\/06\/18\/leman-senalp-icin-anma-toplantisi-gerceklestirildi","title":{"rendered":"Leman \u015eenalp i\u00e7in anma toplant\u0131s\u0131 ger\u00e7ekle\u015ftirildi"},"content":{"rendered":"<p><a href=\"http:\/\/www.bbyhaber.com\/bby\/wp-content\/uploads\/2019\/06\/leman-senalp-anma.jpg\"><img loading=\"lazy\" decoding=\"async\" class=\"alignleft size-full wp-image-26749\" src=\"http:\/\/www.bbyhaber.com\/bby\/wp-content\/uploads\/2019\/06\/leman-senalp-anma.jpg\" alt=\"\" width=\"390\" height=\"180\" \/><\/a>Aram\u0131zdan ayr\u0131l\u0131\u015f\u0131n\u0131n 1. y\u0131l d\u00f6n\u00fcm\u00fcnde mesle\u011fimizin duayenlerinden, \u0130stanbul \u00dcniversitesi eski K\u00fct\u00fcphane ve Dok\u00fcmantasyon Daire Ba\u015fkanlar\u0131ndan (1960-1977) <strong><a href=\"http:\/\/www.bbyhaber.com\/bby\/2018\/05\/06\/kutuphaneciligin-onemli-ismine-veda-leman-senalp-vefat-etti\" target=\"_blank\" rel=\"noopener\">Leman \u015eenalp<\/a><\/strong>&#8216;i Anma Toplant\u0131s\u0131 ger\u00e7ekle\u015ftirildi. Kad\u0131n Eserleri K\u00fct\u00fcphanesi ve Bilgi Merkezi ev sahipli\u011finde, TKD \u0130stanbul \u015eubesi ve \u0130\u00dc Merkez K\u00fct\u00fcphane i\u015fbirli\u011fi ile ger\u00e7ekle\u015ftirilen toplant\u0131 TKD \u0130stanbul \u015eubesi Ba\u015fkan\u0131 Emine G\u00fcr, \u0130stanbul \u00dcniversitesi K\u00fct\u00fcphane ve Dok\u00fcmantasyon Daire Ba\u015fkan\u0131 Dr. Pervin Bezirci, Kad\u0131n Eserleri K\u00fct\u00fcphanesi ve Bilgi Merkezi Vakf\u0131 Y\u00f6netim Kurulu Ba\u015fkan\u0131 Asl\u0131 Davaz\u2019\u0131n a\u00e7\u0131l\u0131\u015f konu\u015fmalar\u0131 ile yap\u0131ld\u0131.<!--more--><\/p>\n<p>Prof. Dr. Tuba \u00c7avdar Karatepe Moderat\u00f6rl\u00fc\u011f\u00fcnde; Prof. Dr Hasan Kesero\u011flu, Prof. Dr. H\u00fclya Dilek Kayao\u011flu, TKD Ba\u015fkan\u0131 Ali Fuat Kartal, Milli K\u00fct\u00fcphane eski Ba\u015fkan\u0131 Tuncel Acar, Kad\u0131n Eserleri K\u00fct\u00fcphanesi ve Bilgi Merkezi Vakf\u0131 Y\u00f6netim Kurulu Ba\u015fkan\u0131 Asl\u0131 Davaz, Beyaz\u0131t Devlet K\u00fct\u00fcphanesi eski y\u00f6neticilerinden Ayten \u015ean ve \u00d6zye\u011fin \u00dcniversitesi K\u00fct\u00fcphanecilerinde Fadime Ta\u015f\u00e7\u0131&#8217;n\u0131n konu\u015fmac\u0131 oldu\u011fu toplant\u0131da Leman hocam\u0131z\u0131n mesle\u011fe katk\u0131lar\u0131, ar\u015fivi, \u00f6rnek ki\u015fili\u011fi ve ya\u015fan\u0131lan an\u0131lar konu\u015fuldu.<\/p>\n<p>Say\u0131n Leman \u015eenalp\u2019i rahmet ve minnetle an\u0131yoruz.<\/p>\n<p><a href=\"http:\/\/kutuphane.istanbul.edu.tr\/tr\/haber\/leman-senalpi-anma-toplantisi-gerceklestirildi-7200410066005F006F00540068006D004F007A00660039007900700046006200610041004F003200370077003200\" target=\"_blank\" rel=\"noopener\">Kaynak<\/a><\/p>\n","protected":false},"excerpt":{"rendered":"<p>Aram\u0131zdan ayr\u0131l\u0131\u015f\u0131n\u0131n 1. y\u0131l d\u00f6n\u00fcm\u00fcnde mesle\u011fimizin duayenlerinden, \u0130stanbul \u00dcniversitesi eski K\u00fct\u00fcphane ve Dok\u00fcmantasyon Daire Ba\u015fkanlar\u0131ndan (1960-1977) Leman \u015eenalp&#8216;i Anma Toplant\u0131s\u0131 ger\u00e7ekle\u015ftirildi. Kad\u0131n Eserleri K\u00fct\u00fcphanesi ve Bilgi Merkezi ev sahipli\u011finde, TKD \u0130stanbul \u015eubesi ve \u0130\u00dc Merkez K\u00fct\u00fcphane i\u015fbirli\u011fi ile ger\u00e7ekle\u015ftirilen toplant\u0131 TKD \u0130stanbul \u015eubesi Ba\u015fkan\u0131 Emine G\u00fcr, \u0130stanbul \u00dcniversitesi K\u00fct\u00fcphane ve Dok\u00fcmantasyon Daire Ba\u015fkan\u0131 Dr. Pervin [&hellip;]<\/p>\n","protected":false},"author":1,"featured_media":26749,"comment_status":"open","ping_status":"open","sticky":false,"template":"","format":"standard","meta":{"footnotes":""},"categories":[1],"tags":[1188],"class_list":["post-26748","post","type-post","status-publish","format-standard","has-post-thumbnail","hentry","category-genel","tag-leman-senalp"],"_links":{"self":[{"href":"https:\/\/www.bbyhaber.com\/bby\/wp-json\/wp\/v2\/posts\/26748"}],"collection":[{"href":"https:\/\/www.bbyhaber.com\/bby\/wp-json\/wp\/v2\/posts"}],"about":[{"href":"https:\/\/www.bbyhaber.com\/bby\/wp-json\/wp\/v2\/types\/post"}],"author":[{"embeddable":true,"href":"https:\/\/www.bbyhaber.com\/bby\/wp-json\/wp\/v2\/users\/1"}],"replies":[{"embeddable":true,"href":"https:\/\/www.bbyhaber.com\/bby\/wp-json\/wp\/v2\/comments?post=26748"}],"version-history":[{"count":5,"href":"https:\/\/www.bbyhaber.com\/bby\/wp-json\/wp\/v2\/posts\/26748\/revisions"}],"predecessor-version":[{"id":26754,"href":"https:\/\/www.bbyhaber.com\/bby\/wp-json\/wp\/v2\/posts\/26748\/revisions\/26754"}],"wp:featuredmedia":[{"embeddable":true,"href":"https:\/\/www.bbyhaber.com\/bby\/wp-json\/wp\/v2\/media\/26749"}],"wp:attachment":[{"href":"https:\/\/www.bbyhaber.com\/bby\/wp-json\/wp\/v2\/media?parent=26748"}],"wp:term":[{"taxonomy":"category","embeddable":true,"href":"https:\/\/www.bbyhaber.com\/bby\/wp-json\/wp\/v2\/categories?post=26748"},{"taxonomy":"post_tag","embeddable":true,"href":"https:\/\/www.bbyhaber.com\/bby\/wp-json\/wp\/v2\/tags?post=26748"}],"curies":[{"name":"wp","href":"https:\/\/api.w.org\/{rel}","templated":true}]}}