{"id":26744,"date":"2019-06-18T15:44:04","date_gmt":"2019-06-18T12:44:04","guid":{"rendered":"http:\/\/www.bbyhaber.com\/bby\/?p=26744"},"modified":"2019-06-18T16:01:59","modified_gmt":"2019-06-18T13:01:59","slug":"gorevli-emekli-oldu-kutuphane-kapandi","status":"publish","type":"post","link":"https:\/\/www.bbyhaber.com\/bby\/2019\/06\/18\/gorevli-emekli-oldu-kutuphane-kapandi","title":{"rendered":"G\u00f6revli emekli oldu k\u00fct\u00fcphane kapand\u0131"},"content":{"rendered":"<p><a href=\"http:\/\/www.bbyhaber.com\/bby\/wp-content\/uploads\/2019\/06\/dodurga-halk-kutuphanesi.jpg\"><img loading=\"lazy\" decoding=\"async\" class=\"alignleft size-full wp-image-26745\" src=\"http:\/\/www.bbyhaber.com\/bby\/wp-content\/uploads\/2019\/06\/dodurga-halk-kutuphanesi.jpg\" alt=\"\" width=\"390\" height=\"180\" \/><\/a>\u00c7orum&#8217;un Dodurga il\u00e7esinde k\u00fct\u00fcphane g\u00f6revlisi sekiz ay \u00f6nce emekli oldu. Yerine atama yap\u0131lmad\u0131\u011f\u0131 i\u00e7in k\u00fct\u00fcphane a\u00e7\u0131lam\u0131yor. Dodurga \u0130l\u00e7esinin tek k\u00fct\u00fcphanesi sekiz ayd\u0131r personel yetersizli\u011fi sebep g\u00f6sterilerek <strong><a href=\"https:\/\/www.bbyhaber.com\/bby\/tag\/kapali-kutuphaneler\" target=\"_blank\" rel=\"noopener\">kapal\u0131<\/a><\/strong> tutuluyor.<!--more--><\/p>\n<p>1996 y\u0131l\u0131nda a\u00e7\u0131lan 2428 kitap kapasiteli, Dodurga \u0130l\u00e7e Halk K\u00fct\u00fcphanesinin 2018 y\u0131l\u0131 Kas\u0131m ay\u0131ndan bug\u00fcne kadar k\u00fct\u00fcphane g\u00f6revlisinin emekli olmas\u0131 nedeniyle kap\u0131s\u0131na kilit vurulmu\u015f durumda. K\u00fct\u00fcphane g\u00f6revlisinin emekli olmas\u0131n\u0131n ard\u0131ndan yeni personel verilmemesi nedeniyle hizmet veremeyen k\u00fct\u00fcphanenin ne zaman halk\u0131n hizmetine sunulaca\u011f\u0131 ise merak konusu oldu.<\/p>\n<p>K\u00fct\u00fcphanenin personel yetersizli\u011fi bahane edilerek kapal\u0131 tutulmas\u0131 il\u00e7e halk\u0131n\u0131n tepkisini \u00e7ekiyor. 2018-2019 E\u011fitim ve \u00f6\u011fretim d\u00f6neminin bitimiyle karnelerini alan \u00e7ocuklar\u0131n\u0131n k\u00fct\u00fcphaneyi daha yo\u011fun kullanaca\u011f\u0131n\u0131 bir d\u00f6nem oldu\u011funu belirten vatanda\u015flar, sekiz ayd\u0131r kapal\u0131 olan il\u00e7enin tek k\u00fct\u00fcphanesinin bir an \u00f6nce a\u00e7\u0131lmas\u0131n\u0131 istediler.<\/p>\n<p><a href=\"https:\/\/www.gazeteduvar.com.tr\" target=\"_blank\" rel=\"noopener\">Kaynak<\/a><\/p>\n","protected":false},"excerpt":{"rendered":"<p>\u00c7orum&#8217;un Dodurga il\u00e7esinde k\u00fct\u00fcphane g\u00f6revlisi sekiz ay \u00f6nce emekli oldu. Yerine atama yap\u0131lmad\u0131\u011f\u0131 i\u00e7in k\u00fct\u00fcphane a\u00e7\u0131lam\u0131yor. Dodurga \u0130l\u00e7esinin tek k\u00fct\u00fcphanesi sekiz ayd\u0131r personel yetersizli\u011fi sebep g\u00f6sterilerek kapal\u0131 tutuluyor.<\/p>\n","protected":false},"author":1,"featured_media":26745,"comment_status":"open","ping_status":"open","sticky":false,"template":"","format":"standard","meta":{"footnotes":""},"categories":[1,1582],"tags":[],"class_list":["post-26744","post","type-post","status-publish","format-standard","has-post-thumbnail","hentry","category-genel","category-kapali-kutuphaneler"],"_links":{"self":[{"href":"https:\/\/www.bbyhaber.com\/bby\/wp-json\/wp\/v2\/posts\/26744"}],"collection":[{"href":"https:\/\/www.bbyhaber.com\/bby\/wp-json\/wp\/v2\/posts"}],"about":[{"href":"https:\/\/www.bbyhaber.com\/bby\/wp-json\/wp\/v2\/types\/post"}],"author":[{"embeddable":true,"href":"https:\/\/www.bbyhaber.com\/bby\/wp-json\/wp\/v2\/users\/1"}],"replies":[{"embeddable":true,"href":"https:\/\/www.bbyhaber.com\/bby\/wp-json\/wp\/v2\/comments?post=26744"}],"version-history":[{"count":2,"href":"https:\/\/www.bbyhaber.com\/bby\/wp-json\/wp\/v2\/posts\/26744\/revisions"}],"predecessor-version":[{"id":26747,"href":"https:\/\/www.bbyhaber.com\/bby\/wp-json\/wp\/v2\/posts\/26744\/revisions\/26747"}],"wp:featuredmedia":[{"embeddable":true,"href":"https:\/\/www.bbyhaber.com\/bby\/wp-json\/wp\/v2\/media\/26745"}],"wp:attachment":[{"href":"https:\/\/www.bbyhaber.com\/bby\/wp-json\/wp\/v2\/media?parent=26744"}],"wp:term":[{"taxonomy":"category","embeddable":true,"href":"https:\/\/www.bbyhaber.com\/bby\/wp-json\/wp\/v2\/categories?post=26744"},{"taxonomy":"post_tag","embeddable":true,"href":"https:\/\/www.bbyhaber.com\/bby\/wp-json\/wp\/v2\/tags?post=26744"}],"curies":[{"name":"wp","href":"https:\/\/api.w.org\/{rel}","templated":true}]}}