{"id":26734,"date":"2019-06-11T13:13:59","date_gmt":"2019-06-11T10:13:59","guid":{"rendered":"http:\/\/www.bbyhaber.com\/bby\/?p=26734"},"modified":"2019-06-11T13:31:11","modified_gmt":"2019-06-11T10:31:11","slug":"cevre-ve-sehircilik-bakanliginda-unvan-degisikligi-icin-sinava-gireceklerin-listesi-aciklandi","status":"publish","type":"post","link":"https:\/\/www.bbyhaber.com\/bby\/2019\/06\/11\/cevre-ve-sehircilik-bakanliginda-unvan-degisikligi-icin-sinava-gireceklerin-listesi-aciklandi","title":{"rendered":"\u00c7evre ve \u015eehircilik Bakanl\u0131\u011f\u0131nda unvan de\u011fi\u015fikli\u011fi i\u00e7in s\u0131nava gireceklerin listesi a\u00e7\u0131kland\u0131"},"content":{"rendered":"<p><a href=\"http:\/\/www.bbyhaber.com\/bby\/wp-content\/uploads\/2019\/06\/unvan-degisikligi-sinav-duyurusu-cevre-bakanlgi.jpg\"><img loading=\"lazy\" decoding=\"async\" class=\"alignleft size-full wp-image-26735\" src=\"http:\/\/www.bbyhaber.com\/bby\/wp-content\/uploads\/2019\/06\/unvan-degisikligi-sinav-duyurusu-cevre-bakanlgi.jpg\" alt=\"\" width=\"390\" height=\"180\" \/><\/a>Bakanl\u0131\u011f\u0131m\u0131zda 657 say\u0131l\u0131 Devlet Memurlar\u0131 Kanununun 4\/A maddesi kapsam\u0131nda g\u00f6rev yapmakta olan personele\u00a0<em><strong>&#8220;\u00c7evre ve \u015eehircilik Bakanl\u0131\u011f\u0131 Personeli G\u00f6revde Y\u00fckselme ve Unvan\u00a0De\u011fi\u015fikli\u011fi Y\u00f6netmeli\u011fi&#8221;<\/strong><\/em>\u00a0esaslar\u0131na g\u00f6re <span style=\"color: #ff0000;\">13 Temmuz 2019 tarihinde yap\u0131lacak olan Unvan De\u011fi\u015fikli\u011fi S\u0131nav\u0131<\/span> i\u00e7in 07-13 May\u0131s 2019 tarihleri aras\u0131nda sistem \u00fczerinden ba\u015fvurular al\u0131nm\u0131\u015ft\u0131r.<!--more--><\/p>\n<p><span style=\"color: #ff0000;\"><strong>Ba\u015fvuru sonu\u00e7lar\u0131 i\u00e7in<\/strong><\/span>\u00a0<a href=\"https:\/\/webdosya.csb.gov.tr\/db\/personel\/duyurular\/basvuru-listesi-ilan-20190610151821.pdf\" target=\"_blank\" rel=\"noopener\"><strong>t\u0131klay\u0131n\u0131z.<\/strong><\/a><\/p>\n<p>NOT: S\u0131nav ba\u015fvurusu\u00a0<strong>olumlu\u00a0<\/strong>bulunan adaylar\u0131n a\u015fa\u011f\u0131da belirtilen hususlara dikkat etmesi gerekmektedir;<\/p>\n<ol>\n<li><strong>10 \u2013 24 Haziran 2019<\/strong>\u00a0tarihleri aras\u0131nda s\u0131nav \u00fccretlerinin s\u0131nav ilan metninde belirtildi\u011fi \u015fekilde yat\u0131r\u0131lmas\u0131,<\/li>\n<li>S\u0131nav \u00fccretini yat\u0131ran adaylar\u00a0<strong>10 \u2013 24 Haziran 2019<\/strong>\u00a0tarihleri aras\u0131nda\u00a0<a href=\"https:\/\/basvuru.meb.gov.tr\/\" target=\"_blank\" rel=\"noopener\">www.meb.gov.tr<\/a>\u00a0internet adresinden s\u0131nav e-ba\u015fvuru yapacaklard\u0131r,\u00a0<strong>e-ba\u015fvuru yapmayan adaylar s\u0131nav \u00fccretini yat\u0131rm\u0131\u015f olsalar dahi s\u0131nava al\u0131nmayacaklard\u0131r.<\/strong><\/li>\n<li>Adaylara ait s\u0131nav giri\u015f belgeleri\u00a0<strong>08 Temmuz 2019<\/strong>\u00a0tarihinde\u00a0<a href=\"http:\/\/www.meb.gov.tr\/\" target=\"_blank\" rel=\"noopener\">www.meb.gov.tr<\/a>\u00a0internet adresinden yay\u0131mlanacakt\u0131r.<\/li>\n<\/ol>\n","protected":false},"excerpt":{"rendered":"<p>Bakanl\u0131\u011f\u0131m\u0131zda 657 say\u0131l\u0131 Devlet Memurlar\u0131 Kanununun 4\/A maddesi kapsam\u0131nda g\u00f6rev yapmakta olan personele\u00a0&#8220;\u00c7evre ve \u015eehircilik Bakanl\u0131\u011f\u0131 Personeli G\u00f6revde Y\u00fckselme ve Unvan\u00a0De\u011fi\u015fikli\u011fi Y\u00f6netmeli\u011fi&#8221;\u00a0esaslar\u0131na g\u00f6re 13 Temmuz 2019 tarihinde yap\u0131lacak olan Unvan De\u011fi\u015fikli\u011fi S\u0131nav\u0131 i\u00e7in 07-13 May\u0131s 2019 tarihleri aras\u0131nda sistem \u00fczerinden ba\u015fvurular al\u0131nm\u0131\u015ft\u0131r.<\/p>\n","protected":false},"author":1,"featured_media":26735,"comment_status":"open","ping_status":"open","sticky":false,"template":"","format":"standard","meta":{"footnotes":""},"categories":[1],"tags":[],"class_list":["post-26734","post","type-post","status-publish","format-standard","has-post-thumbnail","hentry","category-genel"],"_links":{"self":[{"href":"https:\/\/www.bbyhaber.com\/bby\/wp-json\/wp\/v2\/posts\/26734"}],"collection":[{"href":"https:\/\/www.bbyhaber.com\/bby\/wp-json\/wp\/v2\/posts"}],"about":[{"href":"https:\/\/www.bbyhaber.com\/bby\/wp-json\/wp\/v2\/types\/post"}],"author":[{"embeddable":true,"href":"https:\/\/www.bbyhaber.com\/bby\/wp-json\/wp\/v2\/users\/1"}],"replies":[{"embeddable":true,"href":"https:\/\/www.bbyhaber.com\/bby\/wp-json\/wp\/v2\/comments?post=26734"}],"version-history":[{"count":2,"href":"https:\/\/www.bbyhaber.com\/bby\/wp-json\/wp\/v2\/posts\/26734\/revisions"}],"predecessor-version":[{"id":26737,"href":"https:\/\/www.bbyhaber.com\/bby\/wp-json\/wp\/v2\/posts\/26734\/revisions\/26737"}],"wp:featuredmedia":[{"embeddable":true,"href":"https:\/\/www.bbyhaber.com\/bby\/wp-json\/wp\/v2\/media\/26735"}],"wp:attachment":[{"href":"https:\/\/www.bbyhaber.com\/bby\/wp-json\/wp\/v2\/media?parent=26734"}],"wp:term":[{"taxonomy":"category","embeddable":true,"href":"https:\/\/www.bbyhaber.com\/bby\/wp-json\/wp\/v2\/categories?post=26734"},{"taxonomy":"post_tag","embeddable":true,"href":"https:\/\/www.bbyhaber.com\/bby\/wp-json\/wp\/v2\/tags?post=26734"}],"curies":[{"name":"wp","href":"https:\/\/api.w.org\/{rel}","templated":true}]}}