{"id":26718,"date":"2019-06-07T13:16:10","date_gmt":"2019-06-07T10:16:10","guid":{"rendered":"http:\/\/www.bbyhaber.com\/bby\/?p=26718"},"modified":"2019-06-07T13:17:54","modified_gmt":"2019-06-07T10:17:54","slug":"noyan-ozkan-arsivinin-tanitimi-yapildi","status":"publish","type":"post","link":"https:\/\/www.bbyhaber.com\/bby\/2019\/06\/07\/noyan-ozkan-arsivinin-tanitimi-yapildi","title":{"rendered":"Noyan \u00d6zkan Ar\u015fivi\u2019nin Tan\u0131t\u0131m\u0131 Yap\u0131ld\u0131"},"content":{"rendered":"<p><a href=\"http:\/\/www.bbyhaber.com\/bby\/wp-content\/uploads\/2019\/06\/noyan-ozkan-arsivi-nin-tanitimi-yapildi.jpg\"><img loading=\"lazy\" decoding=\"async\" class=\"alignleft size-full wp-image-26720\" src=\"http:\/\/www.bbyhaber.com\/bby\/wp-content\/uploads\/2019\/06\/noyan-ozkan-arsivi-nin-tanitimi-yapildi.jpg\" alt=\"\" width=\"390\" height=\"180\" \/><\/a>Hukuk\u00e7u, hak m\u00fccadelesi emek\u00e7isi ve \u0130zmir Barosu \u00f6nceki ba\u015fkanlar\u0131ndan <strong>Av. Noyan \u00d6zkan<\/strong>\u2019\u0131n 20.000\u2019i a\u015fk\u0131n belgeden olu\u015fan verisi, <strong>Noyan \u00d6zkan Koleksiyonu<\/strong> ad\u0131yla ar\u015fivle\u015ftirildi.<!--more--><\/p>\n<p>\u0130nsan ve do\u011fa haklar\u0131 ba\u015fta olmak \u00fczere dava dosyalar\u0131, siyaset, tarih, kent ve \u00e7evre konulu yaz\u0131, gazete kup\u00fcr\u00fc ve makalelerden olu\u015fan belgelik, Ekoloji Kolektifi Derne\u011fi taraf\u0131ndan uluslararas\u0131 k\u00fct\u00fcphanecilik standartlar\u0131na uygun ko\u015fullarda derlenerek dijital bir ar\u015fiv olu\u015fturuldu. T\u00fcrkiye\u2019deki ilk ve \u015fu andaki tek hukuk\u00e7u ar\u015fivi olma \u00f6zelli\u011fi ta\u015f\u0131yan Noyan \u00d6zkan Ar\u015fivi\u2019nin tan\u0131t\u0131m\u0131 haz\u0131rlanan Kutup Y\u0131ld\u0131z\u0131 isimli k\u0131sa filmle birlikte 31 May\u0131s 2019 g\u00fcn\u00fc \u0130zmir Barosu\u2019nda ger\u00e7ekle\u015ftirildi.<\/p>\n<p>Bir Tarihle Birlikte Buraday\u0131m<\/p>\n<p>Noyan \u00d6zkan\u2019\u0131n dostlar\u0131 ve m\u00fccadele arkada\u015flar\u0131n\u0131n kat\u0131ld\u0131\u011f\u0131 tan\u0131t\u0131m toplant\u0131s\u0131nda konu\u015fan \u0130zmir Barosu Ba\u015fkan\u0131 Av. \u00d6zkan Y\u00fccel, Noyan \u00d6zkan\u2019\u0131n ba\u015fkanl\u0131k etti\u011fi, bir baroda ba\u015fkanl\u0131k yap\u0131yor olman\u0131n ondan sonra gelenler i\u00e7in olduk\u00e7a g\u00fc\u00e7 bir \u015fey oldu\u011funu ifade ederek, \u201cbir tarihle birlikte buraday\u0131m\u201d dedi. \u201cNoyan \u00d6zkan kadar \u00f6zverili, d\u00fcr\u00fcst \u00e7al\u0131\u015fabilmek ve bu \u00e7abay\u0131 s\u00fcrekli k\u0131lmak omuzlar\u0131m\u0131za b\u00fcy\u00fck bir y\u00fck bindiriyor\u201d diyen Av. \u00d6zkan Y\u00fccel \u201cben bug\u00fcn bir baro ba\u015fkan\u0131 olarak ancak \u015fu kadar\u0131n\u0131 s\u00f6yleyebiliyorum: Umar\u0131m ki ba\u015fkanl\u0131\u011f\u0131m s\u00fcrecinde Noyan Ba\u015fkan\u2019a uygun bir ba\u015fkanl\u0131k s\u00fcreci ge\u00e7iririm. Umar\u0131m ki onun kadar \u00e7al\u0131\u015fabilir, umar\u0131m ki sonras\u0131nda bu kadar insan\u0131 toplayabilecek \u00e7al\u0131\u015fmalara katk\u0131 sa\u011flayabilirim. Bu \u00e7al\u0131\u015fmay\u0131 hayata ge\u00e7irenlere \u00e7ok te\u015fekk\u00fcr ederim\u201d ifadelerini kulland\u0131.<\/p>\n<p>Kutup Y\u0131ld\u0131z\u0131 Gibi Yol G\u00f6sterecek<\/p>\n<p>Noyan \u00d6zkan\u2019\u0131n e\u015fi ve ayn\u0131 zamanda da Ekoloji Ar\u015fivi Dan\u0131\u015fman\u0131 olan Beynun \u00d6zkan ise Noyan \u00d6zkan\u2019\u0131n ki\u015fisel veya grup halinde at\u0131lan her ad\u0131m\u0131 saklad\u0131\u011f\u0131n\u0131 s\u00f6yleyerek \u201c\u00fc\u00e7 tane on y\u0131la yay\u0131lan y\u0131\u011f\u0131nla hukuki m\u00fccadelenin, bireysel ya da toplu hak aramalar\u0131n, yurtta\u015f s\u0131fat\u0131yla devletten hesap sormalar\u0131n, cans\u0131z ama somut tan\u0131kl\u0131klar\u0131 bug\u00fcn art\u0131k p\u0131r\u0131l p\u0131r\u0131l parlayarak, g\u00f6r\u00fcnmez raflarda bir amaca hizmet etmeyi bekliyorlar. Ad\u0131 Noyan \u00d6zkan ar\u015fivi ama \u00e7evre, insan haklar\u0131, hukukun \u00fcst\u00fcnl\u00fc\u011f\u00fc gibi ya\u015famsal konular\u0131 dert etmi\u015f arkada\u015flar\u0131m\u0131z\u0131n da eme\u011fi \u00e7ok. Bu belgelik bir kutup y\u0131ld\u0131z\u0131 gibi par\u0131ldayarak yol g\u00f6sterecek\u201d dedi.<\/p>\n<p><strong>Ekoloji Ar\u015fivi &#8211; Dijital Ar\u015fiv Sistem Dan\u0131\u015fman\u0131 olan Taner KORKMAZ<\/strong>\u00a0ise &#8220;T\u00fcrkiye\u2019de kent ve \u00e7evre koruma alan\u0131nda ilk b\u00fcy\u00fck ar\u015fivi temsil eden, bu alanda geli\u015fme kayna\u011f\u0131 hedefinde olan Ekoloji Ar\u015fiv sisteminin ilk b\u00fcy\u00fck projesinin Noyan \u00d6zkan Ar\u015fivi oldu\u011funu, koleksiyonun <strong>a\u00e7\u0131k eri\u015fim<\/strong> politikas\u0131 alt\u0131nda ilgili ara\u015ft\u0131rmac\u0131lar\u0131n (STK) \u00e7al\u0131\u015fmalar\u0131n\u0131 iyile\u015ftirmelerine yard\u0131mc\u0131 olmay\u0131 ama\u00e7lamaktad\u0131r&#8221; dedi.<\/p>\n<p><strong><a href=\"http:\/\/arsiv.ekoloji.org.tr\/handle\/20.500.12029\/18\" target=\"_blank\" rel=\"noopener\">AR\u015e\u0130V \u0130\u00c7\u0130N TIKLAYINIZ<\/a><\/strong><\/p>\n<p><strong>Kaynak<\/strong> (<a href=\"https:\/\/www.izmirbarosu.org.tr\/HaberDetay\/1617\/noyan-ozkan-arsivi-nin-tanitimi-yapildi\" target=\"_blank\" rel=\"noopener\">1<\/a>) (<a href=\"http:\/\/www.hurriyet.com.tr\/yazarlar\/deniz-sipahi\/her-cevreci-bu-arsive-iyi-baksin-41233486\" target=\"_blank\" rel=\"noopener\">2<\/a>)<\/p>\n","protected":false},"excerpt":{"rendered":"<p>Hukuk\u00e7u, hak m\u00fccadelesi emek\u00e7isi ve \u0130zmir Barosu \u00f6nceki ba\u015fkanlar\u0131ndan Av. Noyan \u00d6zkan\u2019\u0131n 20.000\u2019i a\u015fk\u0131n belgeden olu\u015fan verisi, Noyan \u00d6zkan Koleksiyonu ad\u0131yla ar\u015fivle\u015ftirildi.<\/p>\n","protected":false},"author":1,"featured_media":26720,"comment_status":"open","ping_status":"open","sticky":false,"template":"","format":"standard","meta":{"footnotes":""},"categories":[1],"tags":[],"class_list":["post-26718","post","type-post","status-publish","format-standard","has-post-thumbnail","hentry","category-genel"],"_links":{"self":[{"href":"https:\/\/www.bbyhaber.com\/bby\/wp-json\/wp\/v2\/posts\/26718"}],"collection":[{"href":"https:\/\/www.bbyhaber.com\/bby\/wp-json\/wp\/v2\/posts"}],"about":[{"href":"https:\/\/www.bbyhaber.com\/bby\/wp-json\/wp\/v2\/types\/post"}],"author":[{"embeddable":true,"href":"https:\/\/www.bbyhaber.com\/bby\/wp-json\/wp\/v2\/users\/1"}],"replies":[{"embeddable":true,"href":"https:\/\/www.bbyhaber.com\/bby\/wp-json\/wp\/v2\/comments?post=26718"}],"version-history":[{"count":5,"href":"https:\/\/www.bbyhaber.com\/bby\/wp-json\/wp\/v2\/posts\/26718\/revisions"}],"predecessor-version":[{"id":26724,"href":"https:\/\/www.bbyhaber.com\/bby\/wp-json\/wp\/v2\/posts\/26718\/revisions\/26724"}],"wp:featuredmedia":[{"embeddable":true,"href":"https:\/\/www.bbyhaber.com\/bby\/wp-json\/wp\/v2\/media\/26720"}],"wp:attachment":[{"href":"https:\/\/www.bbyhaber.com\/bby\/wp-json\/wp\/v2\/media?parent=26718"}],"wp:term":[{"taxonomy":"category","embeddable":true,"href":"https:\/\/www.bbyhaber.com\/bby\/wp-json\/wp\/v2\/categories?post=26718"},{"taxonomy":"post_tag","embeddable":true,"href":"https:\/\/www.bbyhaber.com\/bby\/wp-json\/wp\/v2\/tags?post=26718"}],"curies":[{"name":"wp","href":"https:\/\/api.w.org\/{rel}","templated":true}]}}