{"id":26654,"date":"2019-05-21T09:07:33","date_gmt":"2019-05-21T06:07:33","guid":{"rendered":"http:\/\/www.bbyhaber.com\/bby\/?p=26654"},"modified":"2019-05-21T09:07:33","modified_gmt":"2019-05-21T06:07:33","slug":"2019-1-kpss-atamasi-icin-kadro-taleplerinin-toplanmasinda-sona-gelindi","status":"publish","type":"post","link":"https:\/\/www.bbyhaber.com\/bby\/2019\/05\/21\/2019-1-kpss-atamasi-icin-kadro-taleplerinin-toplanmasinda-sona-gelindi","title":{"rendered":"2019\/1 KPSS atamas\u0131 i\u00e7in kadro taleplerinin toplanmas\u0131nda sona gelindi"},"content":{"rendered":"<p><a href=\"http:\/\/www.bbyhaber.com\/bby\/wp-content\/uploads\/2018\/08\/2018-2-kpss-kadro-talepleri-hakkindaa.jpg\"><img loading=\"lazy\" decoding=\"async\" class=\"alignleft size-full wp-image-25005\" src=\"http:\/\/www.bbyhaber.com\/bby\/wp-content\/uploads\/2019\/05\/2019-1-kpss-alimlari-talep-gonderilme.jpg\" alt=\"\" width=\"390\" height=\"180\" \/><\/a>Kamu kurumlar\u0131\u00a0<strong>2019\/1 KPSS yerle\u015ftirmesinde kullan\u0131lmak<\/strong> \u00fczere\u00a0Devlet Personel Ba\u015fkanl\u0131\u011f\u0131&#8217;na <span style=\"color: #ff0000;\"><strong>24 MAYIS<\/strong><\/span>\u00a0tarihine kadar <strong>kadro taleplerini bildirmek zorundalar<\/strong>. Atama bekleyen BBY mezunu meslekta\u015flar\u0131m\u0131z da kadro a\u00e7\u0131lmas\u0131 y\u00f6n\u00fcndeki taleplerini t\u00fcm platformlarda dile getirmektedir.<!--more--><\/p>\n<p><strong>\u00d6NEML\u0130 D\u0130P NOTLAR<\/strong><\/p>\n<p><span style=\"color: #ff0000;\"><strong>Bizim tercih k\u0131lavuzundaki <span style=\"color: #0000ff;\">kodumuz 4099<\/span>&#8216;dur, kadro a\u00e7mak isteyen kurumlar\u0131n bu kod ile kadro taleplerini bildirmesi \u00f6nem arzetmektedir.<\/strong><\/span><\/p>\n<p><strong>T\u00fcm mezun meslekta\u015flar\u0131m\u0131z atanmay\u0131 bekliyorlar; tabi yeteri kadar kadro a\u00e7\u0131l\u0131rsa!!!\u00a0<\/strong><\/p>\n<p><strong>Siz de atama bekleyenlere destek olmak isterseniz\u00a0<span class=\"_5afx\"><a class=\"_58cn\" href=\"https:\/\/twitter.com\/hashtag\/BBYkadroistiyor?src=hash\" target=\"_blank\" rel=\"noopener\" data-ft=\"{&quot;tn&quot;:&quot;*N&quot;,&quot;type&quot;:104}\"><span class=\"_58cl _5afz\" aria-label=\"konu etiketi\">#<\/span><span class=\"_58cm\">BBYkadroistiyor<\/span><\/a>\u00a0etiketi ile yetkili ki\u015fileri de payla\u015f\u0131mlar\u0131n\u0131za ekleyerek s\u00fcrece dahil olabilirsiniz.\u00a0<\/span><\/strong><\/p>\n<table style=\"height: 320px;\" border=\"1\" width=\"801\">\n<tbody>\n<tr>\n<td colspan=\"3\" rowspan=\"1\">\n<p style=\"text-align: center;\"><span style=\"color: #0000ff;\"><b>2019 KPSS YERLE\u015eT\u0130RME TAKV\u0130M\u0130<\/b><\/span><\/p>\n<\/td>\n<\/tr>\n<tr>\n<td colspan=\"1\" rowspan=\"1\"><\/td>\n<td colspan=\"1\" rowspan=\"1\"><b>DPB taraf\u0131ndan kamu kurum ve kurulu\u015flar\u0131ndan yerle\u015ftirme taleplerinin toplanmas\u0131<\/b><\/td>\n<td colspan=\"1\" rowspan=\"1\"><b>\u00d6SYM Ba\u015fkanl\u0131\u011f\u0131nca tercihlerin al\u0131nmas\u0131<\/b><\/td>\n<\/tr>\n<tr>\n<td colspan=\"1\" rowspan=\"1\"><b>KPSS 1. Yerle\u015ftirme<\/b><\/td>\n<td colspan=\"1\" rowspan=\"1\"><span style=\"color: #ff0000;\"><strong>11 Mart &#8211; 24 May\u0131s 2019<\/strong><\/span><\/td>\n<td colspan=\"1\" rowspan=\"1\"><strong><span style=\"color: #ff0000;\">09-18 Temmuz 2019<\/span><\/strong><\/td>\n<\/tr>\n<tr>\n<td colspan=\"1\" rowspan=\"1\"><b>KPSS 2. Yerle\u015ftirme<\/b><\/td>\n<td colspan=\"1\" rowspan=\"1\"><strong><span style=\"color: #ff0000;\">05 A\u011fustos &#8211; 18 Ekim 2019<\/span><\/strong><\/td>\n<td colspan=\"1\" rowspan=\"1\"><strong><span style=\"color: #ff0000;\">03-12 Aral\u0131k 2019<\/span><\/strong><\/td>\n<\/tr>\n<\/tbody>\n<\/table>\n","protected":false},"excerpt":{"rendered":"<p>Kamu kurumlar\u0131\u00a02019\/1 KPSS yerle\u015ftirmesinde kullan\u0131lmak \u00fczere\u00a0Devlet Personel Ba\u015fkanl\u0131\u011f\u0131&#8217;na 24 MAYIS\u00a0tarihine kadar kadro taleplerini bildirmek zorundalar. Atama bekleyen BBY mezunu meslekta\u015flar\u0131m\u0131z da kadro a\u00e7\u0131lmas\u0131 y\u00f6n\u00fcndeki taleplerini t\u00fcm platformlarda dile getirmektedir.<\/p>\n","protected":false},"author":1,"featured_media":26655,"comment_status":"open","ping_status":"open","sticky":false,"template":"","format":"standard","meta":{"footnotes":""},"categories":[31,1],"tags":[1183,1184,1185],"class_list":["post-26654","post","type-post","status-publish","format-standard","has-post-thumbnail","hentry","category-bbykpss","category-genel","tag-2019-kutuphaneci-kadrolari","tag-2019-1-kpss-bby-kadrolari","tag-2019-1-kpss-kutuphaneci-kadrolari"],"_links":{"self":[{"href":"https:\/\/www.bbyhaber.com\/bby\/wp-json\/wp\/v2\/posts\/26654"}],"collection":[{"href":"https:\/\/www.bbyhaber.com\/bby\/wp-json\/wp\/v2\/posts"}],"about":[{"href":"https:\/\/www.bbyhaber.com\/bby\/wp-json\/wp\/v2\/types\/post"}],"author":[{"embeddable":true,"href":"https:\/\/www.bbyhaber.com\/bby\/wp-json\/wp\/v2\/users\/1"}],"replies":[{"embeddable":true,"href":"https:\/\/www.bbyhaber.com\/bby\/wp-json\/wp\/v2\/comments?post=26654"}],"version-history":[{"count":1,"href":"https:\/\/www.bbyhaber.com\/bby\/wp-json\/wp\/v2\/posts\/26654\/revisions"}],"predecessor-version":[{"id":26656,"href":"https:\/\/www.bbyhaber.com\/bby\/wp-json\/wp\/v2\/posts\/26654\/revisions\/26656"}],"wp:featuredmedia":[{"embeddable":true,"href":"https:\/\/www.bbyhaber.com\/bby\/wp-json\/wp\/v2\/media\/26655"}],"wp:attachment":[{"href":"https:\/\/www.bbyhaber.com\/bby\/wp-json\/wp\/v2\/media?parent=26654"}],"wp:term":[{"taxonomy":"category","embeddable":true,"href":"https:\/\/www.bbyhaber.com\/bby\/wp-json\/wp\/v2\/categories?post=26654"},{"taxonomy":"post_tag","embeddable":true,"href":"https:\/\/www.bbyhaber.com\/bby\/wp-json\/wp\/v2\/tags?post=26654"}],"curies":[{"name":"wp","href":"https:\/\/api.w.org\/{rel}","templated":true}]}}