{"id":26647,"date":"2019-05-20T02:19:13","date_gmt":"2019-05-19T23:19:13","guid":{"rendered":"http:\/\/www.bbyhaber.com\/bby\/?p=26647"},"modified":"2019-05-20T09:30:39","modified_gmt":"2019-05-20T06:30:39","slug":"tbmm-kutuphanesi-dunya-parlamento-kutuphaneleri-arasinda-ilk-siralarda","status":"publish","type":"post","link":"https:\/\/www.bbyhaber.com\/bby\/2019\/05\/20\/tbmm-kutuphanesi-dunya-parlamento-kutuphaneleri-arasinda-ilk-siralarda","title":{"rendered":"TBMM K\u00fct\u00fcphanesi, d\u00fcnya parlamento k\u00fct\u00fcphaneleri aras\u0131nda ilk s\u0131ralarda"},"content":{"rendered":"<div class=\"yzTop\">\n<p><img loading=\"lazy\" decoding=\"async\" class=\"lazy alignleft\" src=\"http:\/\/img-milliyet.mncdn.com\/YeniAnaResim\/2019\/05\/19\/meclis-te-bir-ciglik--13846964.Jpeg\" alt=\"\" width=\"390\" height=\"180\" data-original=\"http:\/\/img-milliyet.mncdn.com\/YeniAnaResim\/2019\/05\/19\/meclis-te-bir-ciglik--13846964.Jpeg\" \/>TBMM\u00a0b\u00fcnyesinde bulunan K\u00fct\u00fcphane ve Ar\u015fiv Ba\u015fkanl\u0131\u011f\u0131, tarihi y\u00f6n\u00fc ve zengin i\u00e7eri\u011fi ile d\u00fcnya parlamentolar\u0131 aras\u0131nda ilk s\u0131ralarda yer al\u0131yor. 1961\u2019de Kurucu Meclis\u2019le a\u00e7\u0131lan\u00a0TBMM K\u00fct\u00fcphanesi\u2019nde \u201cMeclis-i Ayan\u201d ve \u201cMeclis-i Mebusan\u201d k\u00fct\u00fcphanesinden aktar\u0131lan 5 bin kitap, gazete, dergi ve tutanaklar yer al\u0131yor.<!--more--><\/p>\n<p>Yer alt\u0131nda d\u00f6rt kat, 2 bin 500 metrekare alan\u0131 kaplayan k\u00fct\u00fcphanede el yazmas\u0131, nadir eser, kitap, dergi, s\u00fcreli yay\u0131n (yerli-yabanc\u0131) tutanak, rapor ve g\u00f6rsel-i\u015fitsel materyaller ve 400 bin kitap bulunuyor. Derleme Yasas\u0131\u2019na g\u00f6re bas\u0131lan her kitap Meclis k\u00fct\u00fcphanesine g\u00f6nderiliyor. K\u00fct\u00fcphane parlamento tarihi ile ilgili zengin bir ar\u015five de sahip. 1908-1920 Osmanl\u0131 D\u00f6nemi Meclis tutanaklar\u0131 ile 1920\u2019den g\u00fcn\u00fcm\u00fcze TBMM Genel Kurul tutanaklar\u0131na Meclis web sitesinden ula\u015fmak m\u00fcmk\u00fcn. K\u00fct\u00fcphanenin a\u00e7\u0131k eri\u015fim sistemini ise ayda yakla\u015f\u0131k 12 bin ki\u015fi kullan\u0131yor.<\/p>\n<\/div>\n<div class=\"dtyContent\">\n<p><img decoding=\"async\" src=\"http:\/\/i.milliyet.com.tr\/GazeteHaberIciResim\/2019\/05\/19\/fft16_mf13846962.Jpeg\" alt=\"\" \/><\/p>\n<p><strong>G\u00f6zya\u015f\u0131yla yaz\u0131lan \u2018Vaveyla\u2019<\/strong><\/p>\n<p>K\u00fct\u00fcphanede, Osmanl\u0131-Rus sava\u015flar\u0131 s\u0131ras\u0131nda esir d\u00fc\u015fen M\u00fcsl\u00fcman askerlerin Sibirya\u2019da bir cezaevinde, Osmanl\u0131ca \u00f6nl\u00fc arkal\u0131 el yazmas\u0131 ve tek n\u00fcsha halinde haz\u0131rlanm\u0131\u015f, g\u00fcnl\u00fck gazetelerden olu\u015fmu\u015f bir cilt, nadir eserler aras\u0131nda yer al\u0131yor. Osmanl\u0131 askerlerinin ba\u015fl\u0131\u011f\u0131n\u0131 \u201cVaveyla\u201d koyduklar\u0131, T\u00fcrk\u00e7esi \u201c\u00c7\u0131\u011fl\u0131k\u201d olan bu gazete, her g\u00fcn haz\u0131rlanm\u0131\u015f, esirlerin bulundu\u011fu ko\u011fu\u015flara elden ele dola\u015ft\u0131r\u0131lm\u0131\u015f.<\/p>\n<p>Gazetenin dikkat \u00e7ekici bir y\u00f6n\u00fc de ba\u015fl\u0131kta bulunan\u00a0\u00e7i\u00e7ek\u00a0resimleri. Esir bir Osmanl\u0131 ressam subay\u0131n\u0131n bu resimleri \u00e7izdi\u011fi tahmin ediliyor. Sibirya\u2019daki cezaevinin a\u011f\u0131r ya\u015fam ko\u015fullar\u0131 filmlere bile konu olmas\u0131na ra\u011fmen gazeteyi haz\u0131rlayanlar\u0131n renkli kalem kullanmas\u0131 da \u015fa\u015fk\u0131nl\u0131k yarat\u0131yor. Hen\u00fcz T\u00fcrk\u00e7e\u2019ye \u00e7evrilmeyen bu eserde gazetenin sayfalar\u0131n\u0131n s\u00fcslendi\u011fi, harita ve \u00e7izim foto\u011fraflar\u0131n\u0131n \u00f6zenle haz\u0131rland\u0131\u011f\u0131 g\u00f6r\u00fcl\u00fcyor. Oysa Osmanl\u0131 esirlerinin Sibirya\u2019ya sevk edildikleri s\u0131rada yolda a\u00e7l\u0131ktan, yorgunluktan \u00f6ld\u00fckleri hatta kur\u015funa dizildikleri tarihi bir ger\u00e7ek.<\/p>\n<p>Cezaevindeki esir Osmanl\u0131 askerlerinin bir s\u00fcre yay\u0131mlad\u0131klar\u0131 bu gazete \u00f6nl\u00fc arkal\u0131 590 sayfa. Gazetenin esir Osmanl\u0131 askerine moral vermek i\u00e7in haz\u0131rland\u0131\u011f\u0131 da iddia ediliyor. Gazete n\u00fcshalar\u0131n\u0131n 1915\u2019te esir m\u00fcbadelesi s\u0131ras\u0131nda T\u00fcrkiye\u2019ye getirildi\u011fi ve ciltlendi\u011fi \u00f6n\u00fc s\u00fcr\u00fcl\u00fcyor. TBMM K\u00fct\u00fcphanesi, bu eseri, ara\u015ft\u0131rmac\u0131lar\u0131n hizmetine Web sayfas\u0131ndan tam metin olarak sunuyor.<\/p>\n<p><img decoding=\"async\" src=\"http:\/\/i.milliyet.com.tr\/GazeteHaberIciResim\/2019\/05\/19\/fft16_mf13846963.Jpeg\" alt=\"\" \/><\/p>\n<p><strong>Menderes\u2019in tutanaklar\u0131<\/strong><\/p>\n<p>K\u00fct\u00fcphanenin \u00e7al\u0131\u015fmalar\u0131n\u0131 tamamlad\u0131\u011f\u0131 kamuoyuna a\u00e7\u0131klamaya haz\u0131rland\u0131\u011f\u0131, Demokrat Parti\u2019nin 1950\u2019den itibaren Meclis\u2019te rahmetli Ba\u015fbakan Adnan Menderes\u2019i ba\u015fkanl\u0131\u011f\u0131nda yapt\u0131\u011f\u0131 grup toplant\u0131 tutanaklar\u0131 da \u00f6n\u00fcm\u00fczdeki g\u00fcnlerde sitede yer alacak.<\/p>\n<\/div>\n<p>Kaynak: http:\/\/m.milliyet.com.tr\/meclis-te-bir-ciglik&#8211;siyaset-2876282\/<\/p>\n","protected":false},"excerpt":{"rendered":"<p>TBMM\u00a0b\u00fcnyesinde bulunan K\u00fct\u00fcphane ve Ar\u015fiv Ba\u015fkanl\u0131\u011f\u0131, tarihi y\u00f6n\u00fc ve zengin i\u00e7eri\u011fi ile d\u00fcnya parlamentolar\u0131 aras\u0131nda ilk s\u0131ralarda yer al\u0131yor. 1961\u2019de Kurucu Meclis\u2019le a\u00e7\u0131lan\u00a0TBMM K\u00fct\u00fcphanesi\u2019nde \u201cMeclis-i Ayan\u201d ve \u201cMeclis-i Mebusan\u201d k\u00fct\u00fcphanesinden aktar\u0131lan 5 bin kitap, gazete, dergi ve tutanaklar yer al\u0131yor.<\/p>\n","protected":false},"author":129,"featured_media":26649,"comment_status":"open","ping_status":"open","sticky":false,"template":"","format":"standard","meta":{"footnotes":""},"categories":[],"tags":[1436],"class_list":["post-26647","post","type-post","status-publish","format-standard","has-post-thumbnail","hentry","tag-kutuphaneler"],"_links":{"self":[{"href":"https:\/\/www.bbyhaber.com\/bby\/wp-json\/wp\/v2\/posts\/26647"}],"collection":[{"href":"https:\/\/www.bbyhaber.com\/bby\/wp-json\/wp\/v2\/posts"}],"about":[{"href":"https:\/\/www.bbyhaber.com\/bby\/wp-json\/wp\/v2\/types\/post"}],"author":[{"embeddable":true,"href":"https:\/\/www.bbyhaber.com\/bby\/wp-json\/wp\/v2\/users\/129"}],"replies":[{"embeddable":true,"href":"https:\/\/www.bbyhaber.com\/bby\/wp-json\/wp\/v2\/comments?post=26647"}],"version-history":[{"count":5,"href":"https:\/\/www.bbyhaber.com\/bby\/wp-json\/wp\/v2\/posts\/26647\/revisions"}],"predecessor-version":[{"id":26653,"href":"https:\/\/www.bbyhaber.com\/bby\/wp-json\/wp\/v2\/posts\/26647\/revisions\/26653"}],"wp:featuredmedia":[{"embeddable":true,"href":"https:\/\/www.bbyhaber.com\/bby\/wp-json\/wp\/v2\/media\/26649"}],"wp:attachment":[{"href":"https:\/\/www.bbyhaber.com\/bby\/wp-json\/wp\/v2\/media?parent=26647"}],"wp:term":[{"taxonomy":"category","embeddable":true,"href":"https:\/\/www.bbyhaber.com\/bby\/wp-json\/wp\/v2\/categories?post=26647"},{"taxonomy":"post_tag","embeddable":true,"href":"https:\/\/www.bbyhaber.com\/bby\/wp-json\/wp\/v2\/tags?post=26647"}],"curies":[{"name":"wp","href":"https:\/\/api.w.org\/{rel}","templated":true}]}}