{"id":26627,"date":"2019-05-10T14:26:53","date_gmt":"2019-05-10T11:26:53","guid":{"rendered":"http:\/\/www.bbyhaber.com\/bby\/?p=26627"},"modified":"2019-05-10T14:26:53","modified_gmt":"2019-05-10T11:26:53","slug":"hakan-yucel-sabanci-vakfi-tarafindanfark-yaratan-secildi","status":"publish","type":"post","link":"https:\/\/www.bbyhaber.com\/bby\/2019\/05\/10\/hakan-yucel-sabanci-vakfi-tarafindanfark-yaratan-secildi","title":{"rendered":"Hakan Y\u00fccel Sabanc\u0131 Vakf\u0131 taraf\u0131ndan\u201cFark Yaratan\u201d se\u00e7ildi"},"content":{"rendered":"<p><a href=\"http:\/\/www.bbyhaber.com\/bby\/wp-content\/uploads\/2019\/05\/hakan-yucel-bisikletli-kutuphaneci.jpg\"><img loading=\"lazy\" decoding=\"async\" class=\"alignleft size-full wp-image-26628\" src=\"http:\/\/www.bbyhaber.com\/bby\/wp-content\/uploads\/2019\/05\/hakan-yucel-bisikletli-kutuphaneci.jpg\" alt=\"\" width=\"390\" height=\"180\" \/><\/a>Sabanc\u0131 Vakf\u0131\u2019n\u0131n toplumsal geli\u015fmeye katk\u0131da bulunan \u201cFark Yaratanlar\u201d program\u0131n\u0131n 10. sezonunun 15. Fark Yaratan\u2019\u0131, bisikletinin arkas\u0131na monte etti\u011fi r\u00f6morkuyla Bitlis\u2019in k\u00f6y okullar\u0131n\u0131 gezen ve hediye etti\u011fi kitaplarla \u00e7ocuklara yeni d\u00fcnyalar aralayan Hakan Y\u00fccel (Bisikletli K\u00fct\u00fcphaneci) oldu.<!--more--><\/p>\n<p>1950\u2019li y\u0131llarda \u00dcrg\u00fcp y\u00f6resinde Halk K\u00fct\u00fcphanesi hizmetinin k\u00f6ylere at, e\u015fek ve kat\u0131r s\u0131rt\u0131nda g\u00f6t\u00fcr\u00fclmesini sa\u011flayan Mustafa G\u00fczelg\u00f6z, nam\u0131di\u011fer \u201cE\u015fekli K\u00fct\u00fcphaneci\u201dden esinlenerek yollara d\u00fc\u015fen Hakan Y\u00fccel; Bitlis\u2019te k\u00fct\u00fcphane memuru olarak g\u00f6revine devam ediyor. Y\u00fccel, izin g\u00fcnlerinde ve tatillerinde, kurumundan ba\u011f\u0131ms\u0131z, g\u00f6n\u00fcll\u00fc olarak bisikletinin arkas\u0131na monte etti\u011fi r\u00f6morkuyla Bitlis\u2019in k\u00f6y okullar\u0131na pedal \u00e7evirerek, gitti\u011fi k\u00f6ylerde \u00e7ocuklara kitap hediye ediyor.<\/p>\n<p>G\u00f6n\u00fcll\u00fclerin hediye etti\u011fi kitaplarla, mesleki becerilerini birle\u015ftiren Bisikletli K\u00fct\u00fcphaneci; \u00f6\u011frencilerin ya\u015f gruplar\u0131na ve ilgi alanlar\u0131na g\u00f6re s\u0131n\u0131fland\u0131rd\u0131\u011f\u0131 kitaplar\u0131 \u00f6\u011frenci say\u0131s\u0131n\u0131 dikkate alarak okullara ula\u015ft\u0131r\u0131yor. Gitti\u011fi k\u00f6ylerde, \u00e7ocuklar\u0131 yeni bir meslekle tan\u0131\u015ft\u0131ran, kitap okuma sevgisi ve bilinci a\u015f\u0131layan Bisikletli K\u00fct\u00fcphaneci bug\u00fcne kadar\u00a046 ayr\u0131 k\u00f6y okuluna 1.779 km yolu bisikletiyle pedal \u00e7evirerek gitti. Toplamda 8 bine yak\u0131n kitap hediye eden Y\u00fccel, yola \u00e7\u0131karken okulun son zili \u00e7almadan k\u00f6ylere yeti\u015febilmeyi hedefliyor.<\/p>\n<p>Hakan Y\u00fccel, \u00e7ocuklar\u0131n hayallerine umut olmak amac\u0131yla bisikletiyle yollara koyuldu. Y\u00fczlerce km yolu bisikletiyle a\u015ft\u0131. Onlarca farkl\u0131 k\u00f6yde y\u00fczlerce \u00e7ocu\u011fa ula\u015ft\u0131. K\u00f6y okullar\u0131ndaki \u00e7ocuklara okuma al\u0131\u015fkanl\u0131\u011f\u0131 kazand\u0131rd\u0131. Hem k\u00fct\u00fcphanecilik mesle\u011finin bilinirli\u011fini ve sayg\u0131nl\u0131\u011f\u0131n\u0131 artt\u0131rd\u0131 hem de \u00e7ocuklar\u0131n hayat\u0131nda kitaplar arac\u0131l\u0131\u011f\u0131yla a\u00e7t\u0131\u011f\u0131 yeni d\u00fcnyalar sayesinde \u00f6m\u00fcr boyu unutulmayacak kocaman bir fark yaratt\u0131.<\/p>\n<p><a href=\"http:\/\/www.hurriyet.com.tr\" target=\"_blank\" rel=\"noopener\">Kaynak<\/a><\/p>\n","protected":false},"excerpt":{"rendered":"<p>Sabanc\u0131 Vakf\u0131\u2019n\u0131n toplumsal geli\u015fmeye katk\u0131da bulunan \u201cFark Yaratanlar\u201d program\u0131n\u0131n 10. sezonunun 15. Fark Yaratan\u2019\u0131, bisikletinin arkas\u0131na monte etti\u011fi r\u00f6morkuyla Bitlis\u2019in k\u00f6y okullar\u0131n\u0131 gezen ve hediye etti\u011fi kitaplarla \u00e7ocuklara yeni d\u00fcnyalar aralayan Hakan Y\u00fccel (Bisikletli K\u00fct\u00fcphaneci) oldu.<\/p>\n","protected":false},"author":1,"featured_media":26628,"comment_status":"open","ping_status":"open","sticky":false,"template":"","format":"standard","meta":{"footnotes":""},"categories":[1550,1],"tags":[791],"class_list":["post-26627","post","type-post","status-publish","format-standard","has-post-thumbnail","hentry","category-bisikletli-kutuphaneci","category-genel","tag-hakan-yucel"],"_links":{"self":[{"href":"https:\/\/www.bbyhaber.com\/bby\/wp-json\/wp\/v2\/posts\/26627"}],"collection":[{"href":"https:\/\/www.bbyhaber.com\/bby\/wp-json\/wp\/v2\/posts"}],"about":[{"href":"https:\/\/www.bbyhaber.com\/bby\/wp-json\/wp\/v2\/types\/post"}],"author":[{"embeddable":true,"href":"https:\/\/www.bbyhaber.com\/bby\/wp-json\/wp\/v2\/users\/1"}],"replies":[{"embeddable":true,"href":"https:\/\/www.bbyhaber.com\/bby\/wp-json\/wp\/v2\/comments?post=26627"}],"version-history":[{"count":1,"href":"https:\/\/www.bbyhaber.com\/bby\/wp-json\/wp\/v2\/posts\/26627\/revisions"}],"predecessor-version":[{"id":26629,"href":"https:\/\/www.bbyhaber.com\/bby\/wp-json\/wp\/v2\/posts\/26627\/revisions\/26629"}],"wp:featuredmedia":[{"embeddable":true,"href":"https:\/\/www.bbyhaber.com\/bby\/wp-json\/wp\/v2\/media\/26628"}],"wp:attachment":[{"href":"https:\/\/www.bbyhaber.com\/bby\/wp-json\/wp\/v2\/media?parent=26627"}],"wp:term":[{"taxonomy":"category","embeddable":true,"href":"https:\/\/www.bbyhaber.com\/bby\/wp-json\/wp\/v2\/categories?post=26627"},{"taxonomy":"post_tag","embeddable":true,"href":"https:\/\/www.bbyhaber.com\/bby\/wp-json\/wp\/v2\/tags?post=26627"}],"curies":[{"name":"wp","href":"https:\/\/api.w.org\/{rel}","templated":true}]}}