{"id":26609,"date":"2019-05-07T12:55:29","date_gmt":"2019-05-07T09:55:29","guid":{"rendered":"http:\/\/www.bbyhaber.com\/bby\/?p=26609"},"modified":"2019-05-10T11:30:38","modified_gmt":"2019-05-10T08:30:38","slug":"oldenburgda-3-mekan-olcutler-ozellikler-prof-dr-bulent-yilmaz","status":"publish","type":"post","link":"https:\/\/www.bbyhaber.com\/bby\/2019\/05\/07\/oldenburgda-3-mekan-olcutler-ozellikler-prof-dr-bulent-yilmaz","title":{"rendered":"OLDENBURG\u2019da 3. Mekan: \u00d6l\u00e7\u00fctler\/\u00d6zellikler | Prof. Dr. B\u00fclent Y\u0131lmaz"},"content":{"rendered":"<p>[avatar user=&#8221;bulentyilmaz&#8221; \/]<a href=\"http:\/\/www.bbyhaber.com\/bby\/author\/bulentyilmaz\"><br \/>\nProf.Dr.B\u00fclent YILMAZ<\/a><br \/>\n<strong>Hacettepe \u00dcniversitesi BBY B\u00f6l\u00fcm\u00fc \u00d6\u011fretim \u00dcyesi<\/strong><\/p>\n<p><strong><a href=\"http:\/\/www.bbyhaber.com\/bby\/wp-content\/uploads\/2019\/05\/RayOldenburg.jpg\"><img loading=\"lazy\" decoding=\"async\" class=\"alignleft size-full wp-image-26611\" src=\"http:\/\/www.bbyhaber.com\/bby\/wp-content\/uploads\/2019\/05\/RayOldenburg.jpg\" alt=\"\" width=\"390\" height=\"180\" \/><\/a>3. mek\u00e2n kavram\u0131<\/strong> son y\u0131llarda \u00e7ok kullan\u0131lan, pop\u00fcler bir kavram. Bu kavramla kafeler, barlar, bistrolar, kahvehaneler, kuaf\u00f6r salonlar\u0131, kitap\u00e7\u0131lar, sinemalar,<strong> k\u00fct\u00fcphaneler<\/strong> gibi gayr\u0131 resmi kamusal alanlar\/mek\u00e2nlar kastedilir. \u201cToplumsal hayat\u0131m\u0131zda ev ve i\u015fyerlerinden sonra sosyalle\u015fme-ileti\u015fim i\u00e7in gidilen \u00fc\u00e7\u00fcnc\u00fc s\u0131radaki yerler\u201d anlam\u0131nda kullan\u0131lan bu kavram\u0131n genelde <strong>Ray Oldenburg<\/strong>\u2019un<!--more--> 1989 y\u0131l\u0131nda ilk bas\u0131m\u0131n\u0131 Paragon House\u2019dan yay\u0131mlad\u0131\u011f\u0131 ve bu konuda klasik say\u0131lan \u201cThe Great Good Place\u201d kitab\u0131ndan sonra literat\u00fcre girdi\u011fi kabul edilir. Kitab\u0131n daha sonra yeni bas\u0131mlar\u0131 da yap\u0131lm\u0131\u015ft\u0131r. Hemen hemen ilgili t\u00fcm akademik \u00e7al\u0131\u015fmalarda at\u0131fta bulunulan\/bulunmas\u0131 beklenen Oldenburg\u2019un 3. mek\u00e2n kavram\u0131 i\u00e7in \u00f6nerdi\u011fi, yani bir mek\u00e2n\u0131n 3. mek\u00e2n niteli\u011fi ta\u015f\u0131mas\u0131 i\u00e7in gerekli \u00f6l\u00e7\u00fctler (\u00f6zellikler) \u015funlard\u0131r:<\/p>\n<ul>\n<li style=\"list-style-type: none;\">\n<ul>\n<li style=\"list-style-type: none;\">\n<ul>\n<li><strong>Tarafs\u0131z\/E\u015fitleyici:<\/strong> Her s\u0131n\u0131f, k\u00f6ken ve g\u00f6r\u00fc\u015ften insan\u0131n sosyalle\u015fti\u011fi mek\u00e2nlard\u0131r. Dil, din \u0131rk, \u00e7e\u015fitli s\u0131n\u0131fsal ayr\u0131mlardan uzak, herkesin rahat\u00e7a ula\u015fabilece\u011fi ve kendisini \u00f6teki hissetmeyece\u011fi mek\u00e2nlard\u0131r.<\/li>\n<li><strong>Konu\u015fma\/g\u00f6r\u00fc\u015fme olana\u011f\u0131 sunma:<\/strong> Ki\u015filer aras\u0131nda ve grup olarak konu\u015fma ve g\u00f6r\u00fc\u015fmelerin rahatl\u0131kla yap\u0131labildi\u011fi yerlerdir. Bu mek\u00e2nlarda y\u00fcz y\u00fcze g\u00f6r\u00fc\u015fme, konu\u015fma esast\u0131r.<\/li>\n<li><strong>M\u00fcdavimler yaratma:<\/strong> Kendi m\u00fcdavimlerini (s\u00fcrekli gelenlerini) yaratan, m\u00fcdavimleri olan mek\u00e2nlard\u0131r.<\/li>\n<li><strong>Standart \/d\u00fc\u015f\u00fck profil:<\/strong> Sadece se\u00e7kin \u00e7evrelerden (z\u00fcmrelerden) ki\u015filerin belirli toplant\u0131lar i\u00e7in gitti\u011fi mekanlar y\u00fcksek profilli olurken, g\u00fcndelik hayat\u0131n devam etti\u011fi mekanlar standart\/d\u00fc\u015f\u00fck profilli bir g\u00f6r\u00fcn\u00fcm sunar. \u0130nsanlar\u0131n yo\u011fun bi\u00e7imde gitmeyi tercih etti\u011fi bu mek\u00e2nlar iddial\u0131 ve g\u00f6steri\u015fli olmayan, daha samimi ve rahat (sala\u015f) yerlerdir.<\/li>\n<li><strong>Eri\u015filebilirlik ve bar\u0131nma\/zaman ge\u00e7irme:<\/strong> Mek\u00e2nlar\u0131n kullan\u0131c\u0131lar a\u00e7\u0131s\u0131ndan bir di\u011fer \u00f6nemli \u00f6zelli\u011fi de kolay eri\u015filebilir olmak ve merkeze yak\u0131nl\u0131kt\u0131r. \u00d6zellikle evsizler, s\u0131\u011f\u0131nmac\u0131lar, g\u00f6\u00e7menler gibi dezavantajl\u0131 gruplar\u0131n uzun s\u00fcre bar\u0131nd\u0131\u011f\u0131, zaman ge\u00e7irdi\u011fi yerlerdir.<\/li>\n<li><strong>Do\u011fal, ne\u015feli, rahat, d\u00fczenli ortam:<\/strong> S\u0131k\u0131c\u0131 kurallar\u0131n olmad\u0131\u011f\u0131, insanlar\u0131n do\u011fal davranabildi\u011fi, yapmac\u0131k olmad\u0131\u011f\u0131, resmi davran\u0131\u015flar\u0131n yumu\u015fad\u0131\u011f\u0131, ne\u015feli, rahat olduklar\u0131 ancak ayn\u0131 zamanda d\u00fczenli yerlerdir.<\/li>\n<li><strong>Evden uzakta ev (duygusu):<\/strong> Kullan\u0131c\u0131lar\u0131n kendilerini evlerinde gibi hissetmelerini sa\u011flayan, bu t\u00fcrden duygusal ba\u011flar kurduklar\u0131 mek\u00e2nlard\u0131r.<\/li>\n<\/ul>\n<\/li>\n<\/ul>\n<\/li>\n<\/ul>\n<p>Giderek sanalla\u015fan, y\u00fcz y\u00fcze sosyalle\u015fmenin zay\u0131flad\u0131\u011f\u0131 d\u00fcnyam\u0131zda <strong>k\u00fct\u00fcphanelerin (\u00f6zellikle halk k\u00fct\u00fcphanelerinin)<\/strong> gelecekteki ana i\u015flevlerinden birisi olacak bu durum i\u00e7in yukar\u0131daki \u00f6l\u00e7\u00fctleri de dikkate alarak haz\u0131rlanmalar\u0131 gerek. Dengede tutulmas\u0131 gereken g\u00fcnl\u00fck ya\u015fam\u0131n \u00fc\u00e7 deneyim alan\u0131ndan birisi ve \u00f6zg\u00fcn yarat\u0131c\u0131l\u0131\u011f\u0131 destekleyen yerler olarak kabul edilen ve <strong>3. mek\u00e2n<\/strong> kurumlar aras\u0131nda yer alan k\u00fct\u00fcphaneler yerlerini di\u011fer \u00fc\u00e7\u00fcnc\u00fc mek\u00e2nlara kapt\u0131rmamak i\u00e7in dikkatli olmak zorundad\u0131rlar.<\/p>\n","protected":false},"excerpt":{"rendered":"<p>[avatar user=&#8221;bulentyilmaz&#8221; \/] Prof.Dr.B\u00fclent YILMAZ Hacettepe \u00dcniversitesi BBY B\u00f6l\u00fcm\u00fc \u00d6\u011fretim \u00dcyesi 3. mek\u00e2n kavram\u0131 son y\u0131llarda \u00e7ok kullan\u0131lan, pop\u00fcler bir kavram. Bu kavramla kafeler, barlar, bistrolar, kahvehaneler, kuaf\u00f6r salonlar\u0131, kitap\u00e7\u0131lar, sinemalar, k\u00fct\u00fcphaneler gibi gayr\u0131 resmi kamusal alanlar\/mek\u00e2nlar kastedilir. \u201cToplumsal hayat\u0131m\u0131zda ev ve i\u015fyerlerinden sonra sosyalle\u015fme-ileti\u015fim i\u00e7in gidilen \u00fc\u00e7\u00fcnc\u00fc s\u0131radaki yerler\u201d anlam\u0131nda kullan\u0131lan bu kavram\u0131n genelde [&hellip;]<\/p>\n","protected":false},"author":146,"featured_media":26611,"comment_status":"open","ping_status":"open","sticky":false,"template":"","format":"standard","meta":{"footnotes":""},"categories":[1502],"tags":[1178,1460,1181,1182],"class_list":["post-26609","post","type-post","status-publish","format-standard","has-post-thumbnail","hentry","category-prof-dr-bulent-yilmaz","tag-3-mekan-kutuphaneler","tag-kose-yazarlari","tag-ray-oldenburg","tag-ucuncu-mekan"],"_links":{"self":[{"href":"https:\/\/www.bbyhaber.com\/bby\/wp-json\/wp\/v2\/posts\/26609"}],"collection":[{"href":"https:\/\/www.bbyhaber.com\/bby\/wp-json\/wp\/v2\/posts"}],"about":[{"href":"https:\/\/www.bbyhaber.com\/bby\/wp-json\/wp\/v2\/types\/post"}],"author":[{"embeddable":true,"href":"https:\/\/www.bbyhaber.com\/bby\/wp-json\/wp\/v2\/users\/146"}],"replies":[{"embeddable":true,"href":"https:\/\/www.bbyhaber.com\/bby\/wp-json\/wp\/v2\/comments?post=26609"}],"version-history":[{"count":2,"href":"https:\/\/www.bbyhaber.com\/bby\/wp-json\/wp\/v2\/posts\/26609\/revisions"}],"predecessor-version":[{"id":26612,"href":"https:\/\/www.bbyhaber.com\/bby\/wp-json\/wp\/v2\/posts\/26609\/revisions\/26612"}],"wp:featuredmedia":[{"embeddable":true,"href":"https:\/\/www.bbyhaber.com\/bby\/wp-json\/wp\/v2\/media\/26611"}],"wp:attachment":[{"href":"https:\/\/www.bbyhaber.com\/bby\/wp-json\/wp\/v2\/media?parent=26609"}],"wp:term":[{"taxonomy":"category","embeddable":true,"href":"https:\/\/www.bbyhaber.com\/bby\/wp-json\/wp\/v2\/categories?post=26609"},{"taxonomy":"post_tag","embeddable":true,"href":"https:\/\/www.bbyhaber.com\/bby\/wp-json\/wp\/v2\/tags?post=26609"}],"curies":[{"name":"wp","href":"https:\/\/api.w.org\/{rel}","templated":true}]}}