{"id":26591,"date":"2019-05-03T12:40:32","date_gmt":"2019-05-03T09:40:32","guid":{"rendered":"http:\/\/www.bbyhaber.com\/bby\/?p=26591"},"modified":"2019-05-03T12:40:32","modified_gmt":"2019-05-03T09:40:32","slug":"turkiyenin-ilk-yuzen-kutuphanesi-izmirde","status":"publish","type":"post","link":"https:\/\/www.bbyhaber.com\/bby\/2019\/05\/03\/turkiyenin-ilk-yuzen-kutuphanesi-izmirde","title":{"rendered":"T\u00fcrkiye\u2019nin ilk y\u00fczen k\u00fct\u00fcphanesi \u0130zmir&#8217;de"},"content":{"rendered":"<p><a href=\"http:\/\/www.bbyhaber.com\/bby\/wp-content\/uploads\/2019\/05\/turkiyenin-ilk-yuzen-kutuphanesi-izmir-de.jpg\"><img loading=\"lazy\" decoding=\"async\" class=\"alignleft size-full wp-image-26592\" src=\"http:\/\/www.bbyhaber.com\/bby\/wp-content\/uploads\/2019\/05\/turkiyenin-ilk-yuzen-kutuphanesi-izmir-de.jpg\" alt=\"\" width=\"390\" height=\"180\" \/><\/a>Ge\u00e7en Haziran ay\u0131nda bak\u0131m i\u00e7in Alaybey Tersanesi&#8217;ne g\u00f6t\u00fcr\u00fclen gemide d\u00fczenlemelerin tamamland\u0131\u011f\u0131n\u0131 ifade eden Deniz Ticaret Odas\u0131 \u0130zmir \u015eubesi Ba\u015fkan\u0131 Yusuf \u00d6zt\u00fcrk, <strong>T\u00fcrkiye<\/strong>&#8216;nin ilk <strong>y\u00fczen k\u00fct\u00fcphane<\/strong>sinin may\u0131s ay\u0131 i\u00e7inde kap\u0131lar\u0131n\u0131 a\u00e7aca\u011f\u0131n\u0131 belirtti. Kordon&#8217;da, Pasaport \u0130skelesi yan\u0131nda demirli Z\u00fcbeyde Han\u0131m E\u011fitim ve M\u00fcze Gemisi, ge\u00e7en haziran ay\u0131nda bak\u0131ma al\u0131naca\u011f\u0131 gerek\u00e7esiyle Alaybey Tersanesi&#8217;ne \u00e7ekildi.<!--more-->K\u0131y\u0131 Emniyeti Genel M\u00fcd\u00fcrl\u00fc\u011f\u00fc ile birlikte hayata ge\u00e7irecekleri y\u00fczen k\u00fct\u00fcphane i\u00e7in kitaplar\u0131n teminini oda olarak sa\u011flad\u0131klar\u0131n\u0131 ifade eden Deniz Ticaret Odas\u0131 \u0130zmir \u015eubesi Ba\u015fkan\u0131 Yusuf \u00d6zt\u00fcrk, &#8220;Z\u00fcbeyde Han\u0131m E\u011fitim ve M\u00fcze Gemisi \u015fu an Alaybey Tersanesi\u2019nde, revizyonlar\u0131 tamamland\u0131. \u0130\u00e7i yeniden d\u00fczenlendi. G\u00fczel bir gemi oldu. \u0130zmir\u2019in en \u00f6nemli simgelerinden biri olan B\u00fcy\u00fck \u00d6nder Atat\u00fcrk\u2019\u00fcn annesinin ad\u0131n\u0131 ta\u015f\u0131yan gemi, bu ay Pasaport\u2019taki yerine yana\u015facak&#8221; dedi. Geminin hem \u00e7ocuklar hem yeti\u015fkinler i\u00e7in k\u00fct\u00fcphane olarak tasarland\u0131\u011f\u0131n\u0131 anlatan \u00d6zt\u00fcrk, denizcilikle ilgili konulara ilgi duyanlar\u0131n \u00f6zellikle tercih edece\u011fi k\u00fct\u00fcphane ile ilgili olarak \u015funlar\u0131 s\u00f6yledi:\u00a0&#8220;K\u00fct\u00fcphanedeki kitaplar\u0131n temini odam\u0131z taraf\u0131ndan yap\u0131ld\u0131. Bir s\u00fcr\u00fc kitab\u0131m\u0131z\u0131 ba\u011f\u0131\u015flad\u0131k, ayr\u0131ca \u00e7ocuk kitaplar\u0131n\u0131 gemideki k\u00fct\u00fcphane i\u00e7in sat\u0131n ald\u0131k. \u00c7ok g\u00fczel bir gemi olacak. Denizcilikle ilgili konulara ilgi duyanlar \u00e7ok rahatl\u0131kla gidip \u00e7aylar\u0131n\u0131 kahvelerini i\u00e7erken ara\u015ft\u0131rma yapabilecekler. Bilgisayarlar da olacak. Dolay\u0131s\u0131yla <strong>T\u00fcrkiye\u2019nin denizdeki ilk k\u00fct\u00fcphanesi<\/strong> olacak. <strong>Y\u00fczen<\/strong> bir <strong>k\u00fct\u00fcphane<\/strong> olacak. Bu projeyi biz K\u0131y\u0131 Emniyeti Genel M\u00fcd\u00fcrl\u00fc\u011f\u00fc ile ger\u00e7ekle\u015ftiriyoruz. <strong>K\u00fct\u00fcphane i\u00e7in denizcilikle ilgili t\u00fcm kitaplar\u0131 ba\u011f\u0131\u015f olarak kabul ediyoruz.<\/strong> Ne kadar b\u00fcy\u00fct\u00fcrsek k\u00fct\u00fcphaneyi \u0130zmir\u2019e, T\u00fcrk denizcili\u011fimize, \u00e7ocuklar\u0131m\u0131za o kadar faydal\u0131 olacak.&#8221;<\/p>\n<p><a href=\"https:\/\/www.izgazete.net\" target=\"_blank\" rel=\"noopener\">Kaynak<\/a><\/p>\n","protected":false},"excerpt":{"rendered":"<p>Ge\u00e7en Haziran ay\u0131nda bak\u0131m i\u00e7in Alaybey Tersanesi&#8217;ne g\u00f6t\u00fcr\u00fclen gemide d\u00fczenlemelerin tamamland\u0131\u011f\u0131n\u0131 ifade eden Deniz Ticaret Odas\u0131 \u0130zmir \u015eubesi Ba\u015fkan\u0131 Yusuf \u00d6zt\u00fcrk, T\u00fcrkiye&#8216;nin ilk y\u00fczen k\u00fct\u00fcphanesinin may\u0131s ay\u0131 i\u00e7inde kap\u0131lar\u0131n\u0131 a\u00e7aca\u011f\u0131n\u0131 belirtti. Kordon&#8217;da, Pasaport \u0130skelesi yan\u0131nda demirli Z\u00fcbeyde Han\u0131m E\u011fitim ve M\u00fcze Gemisi, ge\u00e7en haziran ay\u0131nda bak\u0131ma al\u0131naca\u011f\u0131 gerek\u00e7esiyle Alaybey Tersanesi&#8217;ne \u00e7ekildi.<\/p>\n","protected":false},"author":1,"featured_media":26592,"comment_status":"open","ping_status":"open","sticky":false,"template":"","format":"standard","meta":{"footnotes":""},"categories":[1],"tags":[959,1177],"class_list":["post-26591","post","type-post","status-publish","format-standard","has-post-thumbnail","hentry","category-genel","tag-gemi-kutuphane","tag-yuzen-kutuphane"],"_links":{"self":[{"href":"https:\/\/www.bbyhaber.com\/bby\/wp-json\/wp\/v2\/posts\/26591"}],"collection":[{"href":"https:\/\/www.bbyhaber.com\/bby\/wp-json\/wp\/v2\/posts"}],"about":[{"href":"https:\/\/www.bbyhaber.com\/bby\/wp-json\/wp\/v2\/types\/post"}],"author":[{"embeddable":true,"href":"https:\/\/www.bbyhaber.com\/bby\/wp-json\/wp\/v2\/users\/1"}],"replies":[{"embeddable":true,"href":"https:\/\/www.bbyhaber.com\/bby\/wp-json\/wp\/v2\/comments?post=26591"}],"version-history":[{"count":1,"href":"https:\/\/www.bbyhaber.com\/bby\/wp-json\/wp\/v2\/posts\/26591\/revisions"}],"predecessor-version":[{"id":26593,"href":"https:\/\/www.bbyhaber.com\/bby\/wp-json\/wp\/v2\/posts\/26591\/revisions\/26593"}],"wp:featuredmedia":[{"embeddable":true,"href":"https:\/\/www.bbyhaber.com\/bby\/wp-json\/wp\/v2\/media\/26592"}],"wp:attachment":[{"href":"https:\/\/www.bbyhaber.com\/bby\/wp-json\/wp\/v2\/media?parent=26591"}],"wp:term":[{"taxonomy":"category","embeddable":true,"href":"https:\/\/www.bbyhaber.com\/bby\/wp-json\/wp\/v2\/categories?post=26591"},{"taxonomy":"post_tag","embeddable":true,"href":"https:\/\/www.bbyhaber.com\/bby\/wp-json\/wp\/v2\/tags?post=26591"}],"curies":[{"name":"wp","href":"https:\/\/api.w.org\/{rel}","templated":true}]}}