{"id":26587,"date":"2019-05-02T13:39:51","date_gmt":"2019-05-02T10:39:51","guid":{"rendered":"http:\/\/www.bbyhaber.com\/bby\/?p=26587"},"modified":"2019-05-15T17:28:04","modified_gmt":"2019-05-15T14:28:04","slug":"istanbul-medeniyet-universitesi-1-dr-ogr-uyesi-ilani-son-basvuru-14-05-2019","status":"publish","type":"post","link":"https:\/\/www.bbyhaber.com\/bby\/2019\/05\/02\/istanbul-medeniyet-universitesi-1-dr-ogr-uyesi-ilani-son-basvuru-14-05-2019","title":{"rendered":"\u0130stanbul Medeniyet \u00dcniversitesi 1 Dr. \u00d6\u011fr. \u00dcyesi \u0130lan\u0131-Son Ba\u015fvuru-14.05.2019"},"content":{"rendered":"<p style=\"text-align: justify;\"><a href=\"https:\/\/www.bbyhaber.com\/bby\/wp-content\/uploads\/2019\/05\/medeniyet-univ.jpg\"><img loading=\"lazy\" decoding=\"async\" class=\"alignleft wp-image-25734 size-full\" src=\"https:\/\/www.bbyhaber.com\/bby\/wp-content\/uploads\/2019\/05\/medeniyet-univ.jpg\" alt=\"\" width=\"390\" height=\"180\" \/><\/a>\u0130stanbul Medeniyet \u00dcniversitesi Edebiyat Fak\u00fcltesi Bilgi ve Belge Y\u00f6netimi B\u00f6l\u00fcm\u00fc&#8217;ne; &#8220;<strong>Makine \u00f6\u011frenmesi ile T\u00fcrk\u00e7e el yaz\u0131s\u0131n\u0131 tan\u0131ma ile Osmanl\u0131 T\u00fcrk\u00e7esinin g\u00fcn\u00fcm\u00fcz T\u00fcrk\u00e7esine makine \u00e7evirisi alan\u0131nda \u00e7al\u0131\u015fmalar\u0131 olmak.<\/strong>&#8221; \u00f6zel \u015fart\u0131 ile <span style=\"color: #ff0000;\"><strong>1<\/strong>\u00a0<\/span><strong>Dr. \u00d6\u011fr. \u00dcyesi\u00a0<\/strong>al\u0131nacakt\u0131r.<br \/>\n<!--more--><\/p>\n<p><span style=\"color: #ff0000;\"><strong>KADRO UNVANI:<\/strong><\/span>\u00a0<span style=\"color: #0000ff;\"><strong>Doktor \u00d6\u011fretim \u00dcyesi<\/strong><\/span><\/p>\n<p><span style=\"color: #ff0000;\"><strong>ARANAN N\u0130TEL\u0130KLER:<\/strong><\/span>\u00a0<span style=\"color: #0000ff;\"><strong>Makine \u00f6\u011frenmesi ile T\u00fcrk\u00e7e el yaz\u0131s\u0131n\u0131 tan\u0131ma ile Osmanl\u0131 T\u00fcrk\u00e7esinin g\u00fcn\u00fcm\u00fcz T\u00fcrk\u00e7esine makine \u00e7evirisi alan\u0131nda \u00e7al\u0131\u015fmalar\u0131 olmak.<\/strong><\/span><\/p>\n<p><span style=\"color: #ff0000;\"><strong>K\u0130\u015e\u0130 SAYISI:<\/strong> <\/span><span style=\"color: #0000ff;\"><strong>1<\/strong><\/span><\/p>\n<p><span style=\"color: #ff0000;\"><strong>Doktor \u00d6\u011fretim \u00dcyesi kadrolar\u0131 i\u00e7in; <\/strong><\/span><\/p>\n<p>S\u00f6z konusu kadrolar daimi stat\u00fcde olup 2547 say\u0131l\u0131 Kanun\u2019un 23. ve 24. Maddeleri, 657 Say\u0131l\u0131 Devlet Memurlar\u0131 Kanunun 48. maddesinde belirtilen \u015fartlar ile \u00d6\u011fretim \u00dcyeli\u011fine Y\u00fckseltilme ve Atanma Y\u00f6netmeli\u011fi ve \u00dcniversitemiz Senatosunun 16.05.2018 tarih ve 2018\/10 say\u0131l\u0131 karar\u0131nda belirtilen \u201c\u00d6\u011fretim \u00dcyeli\u011fine Y\u00fckseltilme ve Atanma Y\u00f6nergesi\u201dnde aranan asgari ko\u015fullara haiz adaylar\u0131n, ba\u015fvuracaklar\u0131 B\u00f6l\u00fcm ve Anabilim Dal\u0131n\u0131 belirttikleri m\u00fcracaat dilek\u00e7elerine (\u00dcniversitemiz web sayfas\u0131ndan ula\u015f\u0131lacak olan), \u00f6zge\u00e7mi\u015flerini, 3 adet foto\u011fraflar\u0131n\u0131, n\u00fcfus c\u00fczdan suretlerini, resmi kurumlarca onaylanm\u0131\u015f e\u011fitim belgelerini bilimsel yay\u0131nlar\u0131n\u0131, kongre-konferans tebli\u011fleri ile bunlara yap\u0131lan at\u0131flar\u0131 ve e\u011fitim-\u00f6\u011fretim faaliyetlerini kapsayan D\u00f6rt (4) adet dosya ile ayn\u0131 say\u0131daki \u00f6zge\u00e7mi\u015f ve eserlerini i\u00e7eren elektronik ortamdaki CD\u2019leri teslim etmeleri gerekmektedir.<\/p>\n<ul>\n<li>Profes\u00f6r ve Do\u00e7ent ba\u015fvurular\u0131 Rekt\u00f6rl\u00fc\u011fe, Doktor \u00d6\u011fretim \u00dcyesi <strong><em>ba\u015fvurular\u0131 ilgili Fak\u00fcltelere \u015fahsen yap\u0131lacakt\u0131r.<\/em><\/strong><\/li>\n<li><span style=\"color: #ff0000;\"><em>Posta ile yap\u0131lacak ba\u015fvurular kabul edilmeyecektir.<\/em><\/span><\/li>\n<li>Adaylar ilanlardan sadece birine ba\u015fvurabilecektir.<\/li>\n<li>Yabanc\u0131 \u00fclkelerden al\u0131nan diplomalar\u0131n \u00dcniversiteleraras\u0131 Kurulca denkli\u011finin onaylanm\u0131\u015f olmas\u0131 \u015fartt\u0131r.<\/li>\n<li>Profes\u00f6r unvan\u0131 olanlar Do\u00e7ent kadrolar\u0131na ba\u015fvuramazlar.<\/li>\n<li>Do\u00e7ent unvan\u0131 olanlar Doktor \u00d6\u011fretim \u00dcyesi kadrolar\u0131na ba\u015fvuramazlar.<\/li>\n<li>Adaylar, m\u00fcracaatla ilgili her t\u00fcrl\u00fc bilgiyi Rekt\u00f6rl\u00fc\u011f\u00fcm\u00fczden sa\u011flayabilirler.<\/li>\n<li>Ba\u015fvurunun kabul edilebilmesi i\u00e7in, \u00dcniversitemiz \u00d6\u011fretim \u00dcyeli\u011fine Y\u00fckseltilme ve Atanma Y\u00f6nergesi 9. Maddesine g\u00f6re \u201c\u00d6n De\u011ferlendirme Komisyonu\u201dnun olumlu g\u00f6r\u00fc\u015f\u00fc gerekmektedir. (Adaylar\u0131n, an\u0131lan y\u00f6nerge kapsam\u0131nda ba\u015fvuru s\u0131ras\u0131nda \u201c\u0130stanbul Medeniyet \u00dcniversitesi \u00d6\u011fretim \u00dcyesi Kadrolar\u0131na Atamalarda ve Akademik Y\u00fckseltmelerde Aranan Asgari Ko\u015fullar\u0131n Sa\u011fland\u0131\u011f\u0131na \u0130li\u015fkin Bildirim ve De\u011ferlendirme Formu\u201dnu da doldurarak ba\u015fvuru yapmalar\u0131 gerekmektedir.<\/li>\n<li>\u0130lan ile ilgili detay ve formlara <a href=\"https:\/\/www.medeniyet.edu.tr\/tr\/duyurular\/30042019-tarihli-akademik-ilan\" target=\"_blank\" rel=\"noopener\">medeniyet.edu.tr<\/a> adresinden ula\u015f\u0131labilir.<\/li>\n<\/ul>\n<p><span style=\"color: #ff0000;\"><em>\u201cI\u0307lan 30.04.2019 tarihli Resmi Gazetede yay\u0131mlanm\u0131s\u0327 olup, son bas\u0327vuru tarihi 14.05.2019 tarihi mesai bitimidir. (Mesai saati 16:30\u2019da bitmektedir.)<\/em><\/span><\/p>\n<p>Not: \u00d6\u011fretim \u00dcyeli\u011fine ba\u015fvurularda puanlama yap\u0131l\u0131rken adaylar\u0131n titizlik g\u00f6stermeleri, yay\u0131nlarla ilgili puanlamalar\u0131n\u0131 temellendiren delilleri dosyalar\u0131na eklemeleri gerekmektedir. Adaylar, makalelerin yay\u0131mland\u0131\u011f\u0131 derginin yay\u0131mland\u0131\u011f\u0131 y\u0131l i\u00e7in hangi indekslerde tarand\u0131\u011f\u0131na dair bilgisayar \u00e7\u0131kt\u0131s\u0131 veya fotokopisini sunmal\u0131d\u0131r.<br \/>\nProfes\u00f6r Kadrosuna Ba\u015fvuru Dilek\u00e7esine buradan ula\u015fabilirsiniz.<br \/>\nDo\u00e7ent Kadrosuna Ba\u015fvuru Dilek\u00e7esine buradan ula\u015fabilirsiniz.<br \/>\nDoktor \u00d6\u011fretim \u00dcyesi Kadrosuna Ba\u015fvuru dilek\u00e7esine buradan ula\u015fabilirsiniz.<br \/>\n\u00d6n De\u011ferlendirme Fornuna buradan ula\u015fabilirsiniz<br \/>\nNot: Bilim J\u00fcrisi Dosya G\u00f6nderim \u00dccreti:100 TL<br \/>\nT.C. Ziraat Bankas\u0131 \u00c7emenzar \u015eubesi<br \/>\nIBAN NO: TR22 0001 0009 0058 8569 1950 01 nolu hesaba yat\u0131r\u0131larak dekontunun ba\u015fvuru dilek\u00e7esi ekine eklenmesi gerekmektedir.<\/p>\n<p><span style=\"color: #ff0000;\"><strong>Ba\u015fvuru adresi:<\/strong><\/span><br \/>\nProfes\u00f6r ve Do\u00e7ent Kadrolar\u0131 \u0130\u00e7in : Rekt\u00f6rl\u00fck Binas\u0131 Personel Daire Ba\u015fkanl\u0131\u011f\u0131<br \/>\nDumlup\u0131nar Mah. D-100 Karayolu No:98 Kad\u0131k\u00f6y\/\u0130STANBUL<br \/>\nTel: 0 216 280 33 33<br \/>\nDoktor \u00d6\u011fretim \u00dcyesi Kadrosu \u0130\u00e7in :<br \/>\nFatih Mahallesi, Eski Ankara Asfalt\u0131 Caddesi. No:28 Tuzla\/\u0130stanbul (Di\u015f Hekimli\u011fi Fak\u00fcltesi)<br \/>\n\u0130stanbul Medeniyet \u00dcniversitesi G\u00fcney Kamp\u00fcs\u00fc Dumlup\u0131nar Mahallesi D-100 Karayolu No:98<br \/>\nKad\u0131k\u00f6y\/\u0130STANBUL (Edebiyat Fak.)<br \/>\n\u0130stanbul Medeniyet \u00dcniversitesi, Kuzey Yerle\u015fkesi H Blok; \u00dcnalan Mah, \u00dcnalan Sok, D100 Karayolu yanyol<br \/>\n\u00dcsk\u00fcdar \/\u0130stanbul (M\u00fchendislik ve Do\u011fa Bil. Fak.)<br \/>\n\u00dcnalan Mah. \u00dcnalan Sok. Bulgurlu Mevkii No: 5 D-100 Karayolu \u00dcsk\u00fcdar\/\u0130STANBUL<br \/>\nTel: 0216 280 31 99 (Sa\u011fl\u0131k Bilimleri Fak\u00fcltesi)<br \/>\n\u00dcnalan Mah. \u00dcnalan Sok. D-100 Karayolu Yanyol 34700 \u00dcsk\u00fcdar\/\u0130stanbul (T\u0131p Fak\u00fcltesi)<br \/>\nAtalar Mh. \u015eehit Hakan Kurban Cd. NO:47, 34865 Kartal\/\u0130STANBUL (Hukuk Fak)<\/p>\n<p><a href=\"https:\/\/www.medeniyet.edu.tr\/tr\/duyurular\/30042019-tarihli-akademik-ilan\" target=\"_blank\" rel=\"noopener\">Kaynak<\/a><\/p>\n","protected":false},"excerpt":{"rendered":"<p>\u0130stanbul Medeniyet \u00dcniversitesi Edebiyat Fak\u00fcltesi Bilgi ve Belge Y\u00f6netimi B\u00f6l\u00fcm\u00fc&#8217;ne; &#8220;Makine \u00f6\u011frenmesi ile T\u00fcrk\u00e7e el yaz\u0131s\u0131n\u0131 tan\u0131ma ile Osmanl\u0131 T\u00fcrk\u00e7esinin g\u00fcn\u00fcm\u00fcz T\u00fcrk\u00e7esine makine \u00e7evirisi alan\u0131nda \u00e7al\u0131\u015fmalar\u0131 olmak.&#8221; \u00f6zel \u015fart\u0131 ile 1\u00a0Dr. \u00d6\u011fr. \u00dcyesi\u00a0al\u0131nacakt\u0131r.<\/p>\n","protected":false},"author":1,"featured_media":26588,"comment_status":"open","ping_status":"open","sticky":false,"template":"","format":"standard","meta":{"footnotes":""},"categories":[],"tags":[1393],"class_list":["post-26587","post","type-post","status-publish","format-standard","has-post-thumbnail","hentry","tag-bby-is-ilanlari-arsivi"],"_links":{"self":[{"href":"https:\/\/www.bbyhaber.com\/bby\/wp-json\/wp\/v2\/posts\/26587"}],"collection":[{"href":"https:\/\/www.bbyhaber.com\/bby\/wp-json\/wp\/v2\/posts"}],"about":[{"href":"https:\/\/www.bbyhaber.com\/bby\/wp-json\/wp\/v2\/types\/post"}],"author":[{"embeddable":true,"href":"https:\/\/www.bbyhaber.com\/bby\/wp-json\/wp\/v2\/users\/1"}],"replies":[{"embeddable":true,"href":"https:\/\/www.bbyhaber.com\/bby\/wp-json\/wp\/v2\/comments?post=26587"}],"version-history":[{"count":2,"href":"https:\/\/www.bbyhaber.com\/bby\/wp-json\/wp\/v2\/posts\/26587\/revisions"}],"predecessor-version":[{"id":26590,"href":"https:\/\/www.bbyhaber.com\/bby\/wp-json\/wp\/v2\/posts\/26587\/revisions\/26590"}],"wp:featuredmedia":[{"embeddable":true,"href":"https:\/\/www.bbyhaber.com\/bby\/wp-json\/wp\/v2\/media\/26588"}],"wp:attachment":[{"href":"https:\/\/www.bbyhaber.com\/bby\/wp-json\/wp\/v2\/media?parent=26587"}],"wp:term":[{"taxonomy":"category","embeddable":true,"href":"https:\/\/www.bbyhaber.com\/bby\/wp-json\/wp\/v2\/categories?post=26587"},{"taxonomy":"post_tag","embeddable":true,"href":"https:\/\/www.bbyhaber.com\/bby\/wp-json\/wp\/v2\/tags?post=26587"}],"curies":[{"name":"wp","href":"https:\/\/api.w.org\/{rel}","templated":true}]}}