{"id":26571,"date":"2019-04-29T09:36:08","date_gmt":"2019-04-29T06:36:08","guid":{"rendered":"http:\/\/www.bbyhaber.com\/bby\/?p=26571"},"modified":"2019-04-29T09:36:08","modified_gmt":"2019-04-29T06:36:08","slug":"komurlukten-kutuphane","status":"publish","type":"post","link":"https:\/\/www.bbyhaber.com\/bby\/2019\/04\/29\/komurlukten-kutuphane","title":{"rendered":"K\u00f6m\u00fcrl\u00fckten k\u00fct\u00fcphane"},"content":{"rendered":"<p><a href=\"http:\/\/www.bbyhaber.com\/bby\/wp-content\/uploads\/2019\/04\/komurluk-kutuphane.jpg\"><img loading=\"lazy\" decoding=\"async\" class=\"alignleft size-full wp-image-26572\" src=\"http:\/\/www.bbyhaber.com\/bby\/wp-content\/uploads\/2019\/04\/komurluk-kutuphane.jpg\" alt=\"\" width=\"390\" height=\"180\" \/><\/a>Antalya\u2019da oturan emekli Veli Ko\u00e7, oturdu\u011fu apartman\u0131n k\u00f6m\u00fcrl\u00fc\u011f\u00fcn\u00fc k\u00fct\u00fcphaneye \u00e7evirdi. Her sabah saat 09.00\u2019dan 16.00\u2019ya kadar g\u00f6n\u00fcll\u00fc \u00e7al\u0131\u015farak yurtta\u015flara \u00fccretsiz hizmet veren Ko\u00e7, bu projenin herkese \u00f6rnek olmas\u0131n\u0131, her mahalleye bir butik k\u00fct\u00fcphane yap\u0131lmas\u0131n\u0131 istedi\u011fini s\u00f6yledi.<!--more--><\/p>\n<p>Yakla\u015f\u0131k 10 ay \u00f6nce a\u00e7t\u0131\u011f\u0131 \u2018Toros Mahallesi \u00d6zel Halk K\u00fct\u00fcphanesi\u2019ni \u00f6nce evindeki ve arkada\u015flar\u0131n\u0131n kitaplar\u0131 sayesinde dizdi\u011fini anlatan Ko\u00e7, sosyal medyadan k\u00fct\u00fcphanenin foto\u011fraflar\u0131n\u0131 payla\u015f\u0131nca \u00fclkenin d\u00f6rt bir yan\u0131ndan okurlar\u0131n ellerindeki kitaplar\u0131 g\u00f6nderdi\u011fini aktard\u0131.<\/p>\n<p>K\u00fct\u00fcphanede yakla\u015f\u0131k 5 bin kitap oldu\u011funu ifade eden Ko\u00e7, barkod sistemi geli\u015ftirerek her kitab\u0131 \u00f6zenle kategorilere ay\u0131r\u0131p kay\u0131t alt\u0131na ald\u0131. Kitap almaya gelenlerin sadece isimlerini ve telefon numaralar\u0131n\u0131 ald\u0131\u011f\u0131n\u0131 belirten Ko\u00e7, kitap okumay\u0131 seven herkesi k\u00fct\u00fcphaneye davet etti.<\/p>\n<p>Her insan okusun diye bu yola \u00e7\u0131kt\u0131\u011f\u0131n\u0131 anlatan Ko\u00e7, kendi eme\u011fiyle kira \u00fccretini kar\u015f\u0131lad\u0131\u011f\u0131n\u0131, k\u00fct\u00fcphanede her g\u00fcn g\u00f6n\u00fcll\u00fc \u00e7al\u0131\u015ft\u0131\u011f\u0131n\u0131 dile getirdi.<\/p>\n<p><a href=\"https:\/\/www.birgun.net\" target=\"_blank\" rel=\"noopener\">Kaynak<\/a><\/p>\n<p><em>Haberi \u0130leten: Ayd\u0131n \u0130leri<\/em><\/p>\n","protected":false},"excerpt":{"rendered":"<p>Antalya\u2019da oturan emekli Veli Ko\u00e7, oturdu\u011fu apartman\u0131n k\u00f6m\u00fcrl\u00fc\u011f\u00fcn\u00fc k\u00fct\u00fcphaneye \u00e7evirdi. Her sabah saat 09.00\u2019dan 16.00\u2019ya kadar g\u00f6n\u00fcll\u00fc \u00e7al\u0131\u015farak yurtta\u015flara \u00fccretsiz hizmet veren Ko\u00e7, bu projenin herkese \u00f6rnek olmas\u0131n\u0131, her mahalleye bir butik k\u00fct\u00fcphane yap\u0131lmas\u0131n\u0131 istedi\u011fini s\u00f6yledi.<\/p>\n","protected":false},"author":1,"featured_media":26572,"comment_status":"open","ping_status":"open","sticky":false,"template":"","format":"standard","meta":{"footnotes":""},"categories":[1],"tags":[],"class_list":["post-26571","post","type-post","status-publish","format-standard","has-post-thumbnail","hentry","category-genel"],"_links":{"self":[{"href":"https:\/\/www.bbyhaber.com\/bby\/wp-json\/wp\/v2\/posts\/26571"}],"collection":[{"href":"https:\/\/www.bbyhaber.com\/bby\/wp-json\/wp\/v2\/posts"}],"about":[{"href":"https:\/\/www.bbyhaber.com\/bby\/wp-json\/wp\/v2\/types\/post"}],"author":[{"embeddable":true,"href":"https:\/\/www.bbyhaber.com\/bby\/wp-json\/wp\/v2\/users\/1"}],"replies":[{"embeddable":true,"href":"https:\/\/www.bbyhaber.com\/bby\/wp-json\/wp\/v2\/comments?post=26571"}],"version-history":[{"count":1,"href":"https:\/\/www.bbyhaber.com\/bby\/wp-json\/wp\/v2\/posts\/26571\/revisions"}],"predecessor-version":[{"id":26573,"href":"https:\/\/www.bbyhaber.com\/bby\/wp-json\/wp\/v2\/posts\/26571\/revisions\/26573"}],"wp:featuredmedia":[{"embeddable":true,"href":"https:\/\/www.bbyhaber.com\/bby\/wp-json\/wp\/v2\/media\/26572"}],"wp:attachment":[{"href":"https:\/\/www.bbyhaber.com\/bby\/wp-json\/wp\/v2\/media?parent=26571"}],"wp:term":[{"taxonomy":"category","embeddable":true,"href":"https:\/\/www.bbyhaber.com\/bby\/wp-json\/wp\/v2\/categories?post=26571"},{"taxonomy":"post_tag","embeddable":true,"href":"https:\/\/www.bbyhaber.com\/bby\/wp-json\/wp\/v2\/tags?post=26571"}],"curies":[{"name":"wp","href":"https:\/\/api.w.org\/{rel}","templated":true}]}}