{"id":2656,"date":"2012-02-16T16:30:25","date_gmt":"2012-02-16T16:30:25","guid":{"rendered":"http:\/\/www.bbyhaber.com\/bby\/?p=2656"},"modified":"2012-05-30T13:17:13","modified_gmt":"2012-05-30T13:17:13","slug":"yazarlarla-ogrenciler-gezici-kutuphanelerde-bulusuyor-adiyaman","status":"publish","type":"post","link":"https:\/\/www.bbyhaber.com\/bby\/2012\/02\/16\/yazarlarla-ogrenciler-gezici-kutuphanelerde-bulusuyor-adiyaman","title":{"rendered":"Yazarlarla \u00d6\u011frenciler Gezici K\u00fct\u00fcphanelerde Bulu\u015fuyor-Ad\u0131yaman"},"content":{"rendered":"<p style=\"text-align: justify;\"><a href=\"http:\/\/www.adiyamankutup.gov.tr\/\" target=\"_blank\">Ad\u0131yaman \u0130l Halk K\u00fct\u00fcphanesi<\/a>&#8216;ne ait Gezici K\u00fct\u00fcphane, il\u00e7e ve k\u00f6ylerde yazarlarla \u00f6\u011frencileri bulu\u015fturmaya ba\u015flad\u0131. \u0130l Halk K\u00fct\u00fcphanesi&#8217;nin SODES kapsam\u0131nda k\u00fct\u00fcphaneye kazand\u0131rd\u0131\u011f\u0131 Gezici K\u00fct\u00fcphane, her g\u00fcn k\u00f6ylere ve il\u00e7elere giderek, halk\u0131 kitapla bulu\u015fturuyor. Projenin ilk g\u00fcn\u00fcnde, gezici k\u00fct\u00fcphane Tut \u0130l\u00e7esinde \u00f6\u011frencilerle bulu\u015ftu. \u0130l Halk K\u00fct\u00fcphanesi M\u00fcdiresi Filiz Karabulut, Gazeteci Yazar Naif Karabatak ve k\u00fct\u00fcphane personeliyle birlikte Tut&#8217;a giden Gezici K\u00fct\u00fcphanede bulunan kitaplar \u00f6\u011frencilere tan\u0131t\u0131l\u0131rken gazeteci yazarla da sohbet etti.<!--more--><\/p>\n<p style=\"text-align: justify;\">Halk K\u00fct\u00fcphanesi M\u00fcdiresi Filiz Karabulut ve gazeteci yazar Naif Karabatak ilk olarak Tut Kaymakam\u0131 Ramazan Kend\u00fczler&#8217;i ziyaret etti. Tut Kaymakam\u0131 Ramazan Kend\u00fczler, kullan\u0131lmaz halde olan k\u00fct\u00fcphaneyi onard\u0131klar\u0131n\u0131, \u00e7ok g\u00fczel bir mekan haline getirerek kitap severlerin hizmetine sunduklar\u0131n\u0131 s\u00f6yledi. \u0130l\u00e7e k\u00fct\u00fcphanesinde \u00f6\u011frencilerle sohbet eden gazeteci yazar Naif Karabatak, kitap okuma, okuman\u0131n faydalar\u0131, neyi okumal\u0131, nas\u0131l okumal\u0131, nas\u0131l yaz\u0131l\u0131r, nelere dikkat edilir gibi konularda \u00f6\u011frencilerle sohbet ederek, \u00f6\u011frencilerden gelen sorulara cevap verdi. Karabatak, kitap okuman\u0131n hayal g\u00fcc\u00fcn\u00fc geli\u015ftirdi\u011fini, \u00f6\u011frenmeyi kolayla\u015ft\u0131rd\u0131\u011f\u0131n\u0131, bilgiye ula\u015fmaya f\u0131rsat tan\u0131d\u0131\u011f\u0131n\u0131 ve farkl\u0131 bir bak\u0131\u015f a\u00e7\u0131s\u0131 yakalama \u015fans\u0131n\u0131 verdi\u011fini belirterek, &#8220;Kitap okumaya zaman ay\u0131r\u0131n. T\u0131pk\u0131 yemekte damak zevkinize \u00f6nem verdi\u011finiz gibi, kitapta da, damak zevkinize \u00f6nem vermeniz, iyi bilgiyle donat\u0131lman\u0131z\u0131 sa\u011flayacakt\u0131r. Benim i\u00e7in yazmak, ya\u015famakt\u0131r. Yazmak i\u00e7in okumak gerekir. Hayat\u0131 tan\u0131mak, ya\u015fam\u0131n anlam\u0131n\u0131 bilmek, d\u00fcnyay\u0131 tan\u0131mak i\u00e7in okumak gerekir. Okuyun, hayat\u0131n anlam\u0131n\u0131 kavray\u0131n&#8221; dedi.<\/p>\n<p style=\"text-align: justify;\">Kaynak: http:\/\/www.haberfx.net\/<\/p>\n","protected":false},"excerpt":{"rendered":"<p>Ad\u0131yaman \u0130l Halk K\u00fct\u00fcphanesi&#8216;ne ait Gezici K\u00fct\u00fcphane, il\u00e7e ve k\u00f6ylerde yazarlarla \u00f6\u011frencileri bulu\u015fturmaya ba\u015flad\u0131. \u0130l Halk K\u00fct\u00fcphanesi&#8217;nin SODES kapsam\u0131nda k\u00fct\u00fcphaneye kazand\u0131rd\u0131\u011f\u0131 Gezici K\u00fct\u00fcphane, her g\u00fcn k\u00f6ylere ve il\u00e7elere giderek, halk\u0131 kitapla bulu\u015fturuyor. Projenin ilk g\u00fcn\u00fcnde, gezici k\u00fct\u00fcphane Tut \u0130l\u00e7esinde \u00f6\u011frencilerle bulu\u015ftu. \u0130l Halk K\u00fct\u00fcphanesi M\u00fcdiresi Filiz Karabulut, Gazeteci Yazar Naif Karabatak ve k\u00fct\u00fcphane personeliyle birlikte [&hellip;]<\/p>\n","protected":false},"author":1,"featured_media":0,"comment_status":"open","ping_status":"open","sticky":false,"template":"","format":"standard","meta":{"footnotes":""},"categories":[1486],"tags":[1440],"class_list":["post-2656","post","type-post","status-publish","format-standard","hentry","category-gezici-kutuphane","tag-gezici-kutuphaneler"],"_links":{"self":[{"href":"https:\/\/www.bbyhaber.com\/bby\/wp-json\/wp\/v2\/posts\/2656"}],"collection":[{"href":"https:\/\/www.bbyhaber.com\/bby\/wp-json\/wp\/v2\/posts"}],"about":[{"href":"https:\/\/www.bbyhaber.com\/bby\/wp-json\/wp\/v2\/types\/post"}],"author":[{"embeddable":true,"href":"https:\/\/www.bbyhaber.com\/bby\/wp-json\/wp\/v2\/users\/1"}],"replies":[{"embeddable":true,"href":"https:\/\/www.bbyhaber.com\/bby\/wp-json\/wp\/v2\/comments?post=2656"}],"version-history":[{"count":0,"href":"https:\/\/www.bbyhaber.com\/bby\/wp-json\/wp\/v2\/posts\/2656\/revisions"}],"wp:attachment":[{"href":"https:\/\/www.bbyhaber.com\/bby\/wp-json\/wp\/v2\/media?parent=2656"}],"wp:term":[{"taxonomy":"category","embeddable":true,"href":"https:\/\/www.bbyhaber.com\/bby\/wp-json\/wp\/v2\/categories?post=2656"},{"taxonomy":"post_tag","embeddable":true,"href":"https:\/\/www.bbyhaber.com\/bby\/wp-json\/wp\/v2\/tags?post=2656"}],"curies":[{"name":"wp","href":"https:\/\/api.w.org\/{rel}","templated":true}]}}