{"id":26512,"date":"2019-04-15T16:44:04","date_gmt":"2019-04-15T13:44:04","guid":{"rendered":"http:\/\/www.bbyhaber.com\/bby\/?p=26512"},"modified":"2019-04-15T16:44:04","modified_gmt":"2019-04-15T13:44:04","slug":"kara-delik-gecidinden-yildizlararasina-yolculuk-dila-gunay","status":"publish","type":"post","link":"https:\/\/www.bbyhaber.com\/bby\/2019\/04\/15\/kara-delik-gecidinden-yildizlararasina-yolculuk-dila-gunay","title":{"rendered":"Kara delik ge\u00e7idinden Y\u0131ld\u0131zlararas\u0131\u2019na yolculuk | Dila G\u00dcNAY"},"content":{"rendered":"<p>[avatar user=&#8221;dilagunay&#8221; \/]<a href=\"http:\/\/www.bbyhaber.com\/bby\/author\/dilagunay\"><br \/>\nDila G\u00dcNAY<\/a><br \/>\n<strong>\u00dcniversite Tarihi Ar\u015fivi\/Sabanc\u0131 \u00dcniversitesi Bilgi Merkezi<\/strong><\/p>\n<p><a href=\"http:\/\/www.bbyhaber.com\/bby\/wp-content\/uploads\/2019\/04\/Kara-delik-gecidinden-yildizlararasina-yolculuk.jpg\"><img loading=\"lazy\" decoding=\"async\" class=\"alignleft size-full wp-image-26513\" src=\"http:\/\/www.bbyhaber.com\/bby\/wp-content\/uploads\/2019\/04\/Kara-delik-gecidinden-yildizlararasina-yolculuk.jpg\" alt=\"\" width=\"390\" height=\"180\" \/><\/a>NASA\u2019n\u0131n 10 Nisan 2019 tarihinde t\u00fcm d\u00fcnyaya a\u00e7\u0131klad\u0131\u011f\u0131 ve bilim d\u00fcnyas\u0131n\u0131n \u00e7\u0131\u011f\u0131r a\u00e7an olarak nitelendirdi\u011fi Event Horizon Teleskobu taraf\u0131ndan bug\u00fcne kadar \u00e7ekilmi\u015f ilk <a href=\"http:\/\/www.bbyhaber.com\/bby\/2019\/04\/15\/akademik-uretim-galaksisi-ya-akademik-kutuphaneler-birer-kara-delikse\" target=\"_blank\" rel=\"noopener\">kara delik<\/a> foto\u011fraf\u0131n\u0131n yank\u0131lar\u0131 h\u00e2l\u00e2 s\u00fcrmekte.<!--more--><\/p>\n<p>55 milyon \u0131\u015f\u0131k y\u0131l\u0131 uza\u011f\u0131m\u0131zdaki M87 galaksisinin tam merkezinde olmas\u0131na ra\u011fmen g\u00f6rebildi\u011fimiz foto\u011fraf\u0131n, d\u00fcnyadaki 8 farkl\u0131 noktaya yerle\u015ftirilmi\u015f radyo teleskoplardan al\u0131nan X-\u0131\u015f\u0131n\u0131 verilerinin bir a\u011f yard\u0131m\u0131yla birle\u015ftirilmesinden olu\u015fturuldu\u011fu ifade ediliyor. Kara delikleri \u0131\u015f\u0131k yaymayan ve yak\u0131n \u00e7evresindeki maddeye h\u00fckmeden gizemli yap\u0131lar olarak biliyoruz. Tam bu noktada Einstein\u2019in k\u00fctle \u00e7ekim kuram\u0131 kar\u015f\u0131m\u0131za \u00e7\u0131k\u0131yor. Fizik konusunda bir uzman olmad\u0131\u011f\u0131mdan bu konudaki yorumlar\u0131 i\u015fin uzmanlar\u0131na b\u0131rak\u0131yor, uzun uzun kara delik nedir, uzay zaman kavramlar\u0131n\u0131n detaylar\u0131 nelerdir k\u0131sm\u0131na hi\u00e7 girmeden devam ediyorum.<\/p>\n<p>Foto\u011fraf\u0131 g\u00f6rd\u00fc\u011f\u00fcm an, yak\u0131n d\u00f6nem film haf\u0131zam\u0131zda yer edinen bilim kurgu dal\u0131nda \u00e7ekilmi\u015f en iddial\u0131 filmlerden olan <strong><em>Interstellar (Y\u0131ld\u0131zlararas\u0131)<\/em><\/strong> geldi akl\u0131ma. Bilim kurguyu \u00e7ok seven bir film izleyicisi olarak Interstellar ile ilgili azami d\u00fczeyde objektif olmaya \u00e7al\u0131\u015faca\u011f\u0131m\u0131 s\u00f6yleyerek ba\u015flamal\u0131y\u0131m s\u00f6zlerime. 2014 yap\u0131m\u0131 bir film olmas\u0131 ve hakk\u0131nda onlarca yaz\u0131 yaz\u0131lmas\u0131ndan dolay\u0131 konusunu k\u0131saca \u00f6zetleyip bu filmi neden ve \u00f6zellikle ni\u00e7in bu d\u00f6nemde izlemeniz gerekti\u011finden bahsedece\u011fim.<\/p>\n<p>D\u00fcnyadaki ya\u015fam, k\u00fcresel iklim de\u011fi\u015fikliklerine ba\u011fl\u0131 olan kurakl\u0131k sebebiyle yok olma tehlikesiyle kar\u015f\u0131 kar\u015f\u0131yad\u0131r. Sonun ba\u015flang\u0131c\u0131n\u0131 ya\u015famakta olan d\u00fcnyay\u0131 kurtarmak i\u00e7in ba\u015fka gezegenlerde insan ya\u015fam\u0131na en uygun gezegeni bulup kolonile\u015fme hedefi ta\u015f\u0131yan ke\u015fif ekibi, bir solucan deli\u011finden ge\u00e7erek ba\u015fka boyutlarda umudu aramak \u00fczere yola \u00e7\u0131kar. Ne zaman d\u00f6nece\u011fi, hatta d\u00f6n\u00fcp d\u00f6nemeyece\u011fi bile belli olunmayan bir uzay g\u00f6revi i\u00e7in ard\u0131nda sevdiklerini b\u0131rakan bir baban\u0131n ailesine duydu\u011fu sevgiyi Matthew McConaughey&#8217;in oyunculu\u011fuyla derinlemesine ya\u015f\u0131yoruz. Kainat, kara delikler, boyutlar aras\u0131 yolculuk, a\u015fk, aile ba\u011flar\u0131 ve sevgiyle harmanlanm\u0131\u015f g\u00fczel bir senaryo.<\/p>\n<p>Y\u00f6netmen koltu\u011funda The Dark Knight ve Inception filmlerinden tan\u0131d\u0131\u011f\u0131m\u0131z Christopher Nolan\u2019\u0131n oturdu\u011fu filmin ba\u015frollerini En \u0130yi Erkek Oyuncu dal\u0131nda akademi \u00f6d\u00fcll\u00fc Matthew McConaughey, Anne Hathaway ve Michael Caine payla\u015f\u0131yor. Yap\u0131mc\u0131 kadrosunda filmin hem yap\u0131mc\u0131s\u0131 hem de bilimsel dan\u0131\u015fman\u0131 olan, d\u00fcnyan\u0131n en \u00f6nde gelen teorik fizik\u00e7ilerinden Stephen Hawking ve Carl Sagan in \u00e7al\u0131\u015fma arkada\u015f\u0131 Kip Thorne bulunuyor. Kip Thorne\u2019un, Einstein&#8217;\u0131n Genel G\u00f6relilik Teorisi&#8217;nin astrofiziksel \u00e7\u0131kar\u0131mlar\u0131 konusunda d\u00fcnyan\u0131n en \u00f6nde gelen ara\u015ft\u0131rmac\u0131lar\u0131ndan biri olmas\u0131 Interstellar\u2019\u0131n fark\u0131n\u0131 bir kez daha ortaya koyuyor. Thorne\u2019un dan\u0131\u015fmanl\u0131\u011f\u0131nda kurgulanan filmin ba\u015ftan sona bilimsel kuramlara dayand\u0131r\u0131lmas\u0131 ama\u00e7lanm\u0131\u015f. Christopher Nolan\u2019\u0131n Inception ve The Dark Knight serisinde beraber \u00e7al\u0131\u015ft\u0131\u011f\u0131 ekibin yan\u0131 s\u0131ra, unutulmaz filmler aras\u0131na giren Contact filminin de yap\u0131mc\u0131s\u0131 olan Lynda Obst da kadroda yer al\u0131yor.<\/p>\n<p>Christopher Nolan, \u201cOla\u011fan\u00fcst\u00fc g\u00f6rsel efektler ve Hans Zimmer&#8217;in efsane m\u00fczikleriyle adeta sizi ba\u015fka boyutlara g\u00f6t\u00fcrmeye s\u00f6z veriyoruz\u201d, diyor.<\/p>\n<p>Kendi t\u00fcr\u00fcnde ve konusunda daha iyileri \u00e7ekilir mi, elbette \u00e7ekilir; ama ne zaman? Daha iyisi \u00e7ekilene kadar t\u00fcr\u00fcn\u00fcn en iyi \u00f6rneklerinden olan Intersteller\u2019\u0131 ister g\u00f6k bilimine ilgili oldu\u011funuz i\u00e7in ister hi\u00e7 a\u015fina olmad\u0131\u011f\u0131n\u0131z i\u00e7in izleyin; ama mutlaka izleyin.<\/p>\n<p>Y\u0131ld\u0131zlararas\u0131na yolculu\u011fu siz de deneyimleyin.<\/p>\n<p>\u0130yi seyirler:)<\/p>\n","protected":false},"excerpt":{"rendered":"<p>[avatar user=&#8221;dilagunay&#8221; \/] Dila G\u00dcNAY \u00dcniversite Tarihi Ar\u015fivi\/Sabanc\u0131 \u00dcniversitesi Bilgi Merkezi NASA\u2019n\u0131n 10 Nisan 2019 tarihinde t\u00fcm d\u00fcnyaya a\u00e7\u0131klad\u0131\u011f\u0131 ve bilim d\u00fcnyas\u0131n\u0131n \u00e7\u0131\u011f\u0131r a\u00e7an olarak nitelendirdi\u011fi Event Horizon Teleskobu taraf\u0131ndan bug\u00fcne kadar \u00e7ekilmi\u015f ilk kara delik foto\u011fraf\u0131n\u0131n yank\u0131lar\u0131 h\u00e2l\u00e2 s\u00fcrmekte.<\/p>\n","protected":false},"author":153,"featured_media":26513,"comment_status":"open","ping_status":"open","sticky":false,"template":"","format":"standard","meta":{"footnotes":""},"categories":[],"tags":[1125,1175,1460],"class_list":["post-26512","post","type-post","status-publish","format-standard","has-post-thumbnail","hentry","tag-dila-gunay","tag-kara-delik","tag-kose-yazarlari"],"_links":{"self":[{"href":"https:\/\/www.bbyhaber.com\/bby\/wp-json\/wp\/v2\/posts\/26512"}],"collection":[{"href":"https:\/\/www.bbyhaber.com\/bby\/wp-json\/wp\/v2\/posts"}],"about":[{"href":"https:\/\/www.bbyhaber.com\/bby\/wp-json\/wp\/v2\/types\/post"}],"author":[{"embeddable":true,"href":"https:\/\/www.bbyhaber.com\/bby\/wp-json\/wp\/v2\/users\/153"}],"replies":[{"embeddable":true,"href":"https:\/\/www.bbyhaber.com\/bby\/wp-json\/wp\/v2\/comments?post=26512"}],"version-history":[{"count":1,"href":"https:\/\/www.bbyhaber.com\/bby\/wp-json\/wp\/v2\/posts\/26512\/revisions"}],"predecessor-version":[{"id":26514,"href":"https:\/\/www.bbyhaber.com\/bby\/wp-json\/wp\/v2\/posts\/26512\/revisions\/26514"}],"wp:featuredmedia":[{"embeddable":true,"href":"https:\/\/www.bbyhaber.com\/bby\/wp-json\/wp\/v2\/media\/26513"}],"wp:attachment":[{"href":"https:\/\/www.bbyhaber.com\/bby\/wp-json\/wp\/v2\/media?parent=26512"}],"wp:term":[{"taxonomy":"category","embeddable":true,"href":"https:\/\/www.bbyhaber.com\/bby\/wp-json\/wp\/v2\/categories?post=26512"},{"taxonomy":"post_tag","embeddable":true,"href":"https:\/\/www.bbyhaber.com\/bby\/wp-json\/wp\/v2\/tags?post=26512"}],"curies":[{"name":"wp","href":"https:\/\/api.w.org\/{rel}","templated":true}]}}