{"id":26508,"date":"2019-04-15T13:24:22","date_gmt":"2019-04-15T10:24:22","guid":{"rendered":"http:\/\/www.bbyhaber.com\/bby\/?p=26508"},"modified":"2019-04-15T16:45:03","modified_gmt":"2019-04-15T13:45:03","slug":"akademik-uretim-galaksisi-ya-akademik-kutuphaneler-birer-kara-delikse","status":"publish","type":"post","link":"https:\/\/www.bbyhaber.com\/bby\/2019\/04\/15\/akademik-uretim-galaksisi-ya-akademik-kutuphaneler-birer-kara-delikse","title":{"rendered":"Akademik \u00dcretim Galaksisi: Ya Akademik K\u00fct\u00fcphaneler Birer Kara Delikse?"},"content":{"rendered":"<p>[avatar user=&#8221;sezginyilmaz&#8221; \/]<a href=\"http:\/\/www.bbyhaber.com\/bby\/author\/sezginyilmaz\"><br \/>\nSezgin YILMAZ<\/a><br \/>\n<strong>\u00d6d\u00fcn\u00e7 Verme, Referans ve Elektronik Kaynaklar Sorumlusu\/FMV I\u015f\u0131k \u00dcniversitesi K\u00fct\u00fcphanesi<\/strong><\/p>\n<p><a href=\"http:\/\/www.bbyhaber.com\/bby\/wp-content\/uploads\/2019\/04\/kara-delik-kutuphaneler.jpg\"><img loading=\"lazy\" decoding=\"async\" class=\"alignleft size-full wp-image-26510\" src=\"http:\/\/www.bbyhaber.com\/bby\/wp-content\/uploads\/2019\/04\/kara-delik-kutuphaneler.jpg\" alt=\"\" width=\"390\" height=\"180\" \/><\/a><a href=\"http:\/\/www.bbyhaber.com\/bby\/2019\/04\/15\/kara-delik-gecidinden-yildizlararasina-yolculuk-dila-gunay\" target=\"_blank\" rel=\"noopener\">Kara delik<\/a>ler her zaman bilim insanlar\u0131 i\u00e7in b\u00fcy\u00fck bir merak konusu olmu\u015ftur. Kara delik kavram\u0131n\u0131n ortaya \u00e7\u0131k\u0131\u015f\u0131, 18. y\u00fczy\u0131l\u0131n sonunda, Newton&#8217;un evrensel \u00e7ekim yasas\u0131na dayanmaktad\u0131r. Ancak, kara delik kavram\u0131, yirminci y\u00fczy\u0131l\u0131n ba\u015f\u0131nda ve \u00f6zellikle Albert Einstein&#8217;\u0131n genel g\u00f6relilik teorisinin tan\u0131t\u0131m\u0131yla fantastik bir kavram olmaktan \u00e7\u0131km\u0131\u015ft\u0131r. Bu yap\u0131lar\u0131n k\u00fctlesel \u00e7ekimi o kadar kuvvetlidir ki \u0131\u015f\u0131\u011f\u0131 bile yutmaktad\u0131r. Zaten bu sebeple g\u00f6rmek veya g\u00f6r\u00fcnt\u00fclemek m\u00fcmk\u00fcn de\u011fildir. 10 Nisan 2019\u2019da yap\u0131lan bas\u0131n toplant\u0131s\u0131 ile a\u00e7\u0131klanan foto\u011fraf E87 galaksisinin merkezinde bulunan kara deli\u011fin olay ufkuna aittir. \u00c7evresindeki olay ufku sayesinde kara deli\u011fin sil\u00fceti de g\u00f6r\u00fcnt\u00fclenebilmi\u015ftir.<!--more--><\/p>\n<p>Kara delikler sahip olduklar\u0131 k\u00fctlesel \u00e7ekim g\u00fcc\u00fcyle yok edici veya her \u015feyin sonu gibi g\u00f6r\u00fcnseler de asl\u0131nda her \u015feyin ba\u015flang\u0131c\u0131d\u0131r. Sahip olduklar\u0131 bu \u00e7ekim g\u00fcc\u00fc sayesinde etraflar\u0131nda toplad\u0131klar\u0131 g\u00f6k cisimlerinden devasa bir galaksi olu\u015ftururlar.<\/p>\n<p>Akademik k\u00fct\u00fcphaneleri birer karar deli\u011fe benzetebiliriz asl\u0131nda. Nas\u0131l dedi\u011finizi duyar gibiyim. \u015e\u00f6yle ki, kara deliklerin k\u00fctlesel \u00e7ekim g\u00fcc\u00fcn\u00fc k\u00fct\u00fcphanelerin kaynak zenginli\u011fine ve bu kaynak zenginli\u011fini ne kadar etkin kullanabildi\u011fine benzetelim. \u00c7ok zengin bir koleksiyona sahip bir akademik k\u00fct\u00fcphane i\u015fini do\u011fru yapan donan\u0131ml\u0131 k\u00fct\u00fcphaneciler ile birle\u015firse, etraf\u0131nda bir akademik \u00e7ekim g\u00fcc\u00fc olu\u015fturmas\u0131 ka\u00e7\u0131n\u0131lmazd\u0131r. E\u011fer b\u00f6yle bir k\u00fct\u00fcphaneye yakla\u015f\u0131rsan\u0131z, \u201cAkademik \u00dcretim Galaksisi\u201dne girmi\u015f olursunuz. Ve bu k\u00fct\u00fcphanenin akademik \u00e7ekim g\u00fcc\u00fcnden etkilenerek akademik \u00fcretim konusunda kazanaca\u011f\u0131n\u0131z ivme ile daha nitelikli ve daha \u00e7ok yay\u0131n \u00fcretmeniz m\u00fcmk\u00fcn olacakt\u0131r.<\/p>\n<p>Konuyu biraz daha a\u00e7al\u0131m. Akademik k\u00fct\u00fcphanelerin temel misyonlar\u0131 aras\u0131nda her t\u00fcrl\u00fc bilgi ihtiyac\u0131n\u0131 do\u011fru ve g\u00fcvenilir olarak en h\u0131zl\u0131 \u015fekilde kar\u015f\u0131lamak vard\u0131r. Modern akademik k\u00fct\u00fcphanelerde akademik bilgi kaynaklar\u0131na eri\u015fim hizmetinin yan\u0131nda, bu kaynaklar\u0131n etkin kullan\u0131m\u0131, at\u0131f y\u00f6netim ara\u00e7lar\u0131 ve bilimsel yay\u0131n haz\u0131rlama ile ilgili ciddi i\u00e7eriklere sahip e\u011fitim hizmetleri de verilmektedir. Bu hizmetler do\u011fru bir \u015fekilde haz\u0131rlan\u0131p kullan\u0131c\u0131lara sunulabilirse, akademik \u00fcretim konusunda k\u00fct\u00fcphanelerden ciddi bir kazan\u00e7 elde etmek m\u00fcmk\u00fcnd\u00fcr. \u0130\u015fte bu sebeple k\u00fct\u00fcphanelerin akademik \u00e7ekim g\u00fcc\u00fc, yani yukar\u0131da saym\u0131\u015f oldu\u011fum hizmetler, ne kadar g\u00fc\u00e7l\u00fc olursa akademik \u00fcretime o denli katk\u0131 sa\u011flamak m\u00fcmk\u00fcn olacakt\u0131r. Ve g\u00fc\u00e7l\u00fc k\u00fct\u00fcphaneler olu\u015fturduklar\u0131 bu \u00e7ekim g\u00fcc\u00fc sayesinde fark\u0131ndal\u0131k yaratacak, akademik k\u00fct\u00fcphanelerin prestijine katk\u0131 sa\u011flayacak ve kullan\u0131c\u0131lar\u0131n\u0131 etkisi alt\u0131na alacakt\u0131r.<\/p>\n<p>\u015eimdi b\u00fct\u00fcn k\u00fct\u00fcphaneci meslekta\u015flar\u0131m\u0131 g\u00fc\u00e7l\u00fc akademik \u00fcretim galaksileri olu\u015fturmaya davet ediyorum. Olu\u015fturdu\u011fumuz galaksiler \u00f6yle b\u00fcy\u00fck olsun ki, bir m\u00fcddet sonra birbiri ile i\u00e7 i\u00e7e ge\u00e7meye ba\u015flas\u0131n. Ne dersiniz?<\/p>\n","protected":false},"excerpt":{"rendered":"<p>[avatar user=&#8221;sezginyilmaz&#8221; \/] Sezgin YILMAZ \u00d6d\u00fcn\u00e7 Verme, Referans ve Elektronik Kaynaklar Sorumlusu\/FMV I\u015f\u0131k \u00dcniversitesi K\u00fct\u00fcphanesi Kara delikler her zaman bilim insanlar\u0131 i\u00e7in b\u00fcy\u00fck bir merak konusu olmu\u015ftur. Kara delik kavram\u0131n\u0131n ortaya \u00e7\u0131k\u0131\u015f\u0131, 18. y\u00fczy\u0131l\u0131n sonunda, Newton&#8217;un evrensel \u00e7ekim yasas\u0131na dayanmaktad\u0131r. Ancak, kara delik kavram\u0131, yirminci y\u00fczy\u0131l\u0131n ba\u015f\u0131nda ve \u00f6zellikle Albert Einstein&#8217;\u0131n genel g\u00f6relilik teorisinin tan\u0131t\u0131m\u0131yla [&hellip;]<\/p>\n","protected":false},"author":151,"featured_media":26510,"comment_status":"open","ping_status":"open","sticky":false,"template":"","format":"standard","meta":{"footnotes":""},"categories":[],"tags":[1176,1175,1460,1123],"class_list":["post-26508","post","type-post","status-publish","format-standard","has-post-thumbnail","hentry","tag-albert-einstein","tag-kara-delik","tag-kose-yazarlari","tag-sezgin-yilmaz"],"_links":{"self":[{"href":"https:\/\/www.bbyhaber.com\/bby\/wp-json\/wp\/v2\/posts\/26508"}],"collection":[{"href":"https:\/\/www.bbyhaber.com\/bby\/wp-json\/wp\/v2\/posts"}],"about":[{"href":"https:\/\/www.bbyhaber.com\/bby\/wp-json\/wp\/v2\/types\/post"}],"author":[{"embeddable":true,"href":"https:\/\/www.bbyhaber.com\/bby\/wp-json\/wp\/v2\/users\/151"}],"replies":[{"embeddable":true,"href":"https:\/\/www.bbyhaber.com\/bby\/wp-json\/wp\/v2\/comments?post=26508"}],"version-history":[{"count":2,"href":"https:\/\/www.bbyhaber.com\/bby\/wp-json\/wp\/v2\/posts\/26508\/revisions"}],"predecessor-version":[{"id":26515,"href":"https:\/\/www.bbyhaber.com\/bby\/wp-json\/wp\/v2\/posts\/26508\/revisions\/26515"}],"wp:featuredmedia":[{"embeddable":true,"href":"https:\/\/www.bbyhaber.com\/bby\/wp-json\/wp\/v2\/media\/26510"}],"wp:attachment":[{"href":"https:\/\/www.bbyhaber.com\/bby\/wp-json\/wp\/v2\/media?parent=26508"}],"wp:term":[{"taxonomy":"category","embeddable":true,"href":"https:\/\/www.bbyhaber.com\/bby\/wp-json\/wp\/v2\/categories?post=26508"},{"taxonomy":"post_tag","embeddable":true,"href":"https:\/\/www.bbyhaber.com\/bby\/wp-json\/wp\/v2\/tags?post=26508"}],"curies":[{"name":"wp","href":"https:\/\/api.w.org\/{rel}","templated":true}]}}