{"id":26504,"date":"2019-04-15T10:22:48","date_gmt":"2019-04-15T07:22:48","guid":{"rendered":"http:\/\/www.bbyhaber.com\/bby\/?p=26504"},"modified":"2019-04-19T09:44:11","modified_gmt":"2019-04-19T06:44:11","slug":"neden-katalog-taramayi-cok-seviyorum","status":"publish","type":"post","link":"https:\/\/www.bbyhaber.com\/bby\/2019\/04\/15\/neden-katalog-taramayi-cok-seviyorum","title":{"rendered":"Neden Katalog Taramay\u0131 \u00c7ok Seviyorum? | Cem \u00d6ZEL"},"content":{"rendered":"<p>[avatar user=&#8221;cemozel&#8221; \/]<a href=\"http:\/\/www.bbyhaber.com\/bby\/author\/cemozel\"><br \/>\nCem \u00d6ZEL<\/a><br \/>\n<strong>Kullan\u0131c\u0131 Hizmetleri Y\u00f6neticisi\/Sabanc\u0131 \u00dcniversitesi Bilgi Merkezi<\/strong><\/p>\n<p><a href=\"http:\/\/www.bbyhaber.com\/bby\/wp-content\/uploads\/2019\/04\/neden-katalog-tarama.jpg\"><img loading=\"lazy\" decoding=\"async\" class=\"alignleft size-full wp-image-26506\" src=\"http:\/\/www.bbyhaber.com\/bby\/wp-content\/uploads\/2019\/04\/neden-katalog-tarama.jpg\" alt=\"\" width=\"390\" height=\"180\" \/><\/a>Katalog taramas\u0131 yapmak \u00e7ok ho\u015fuma gidiyor. Ansiklopedi kar\u0131\u015ft\u0131r\u0131r gibi dal\u0131yorum katalo\u011fun gizemli d\u00fcnyas\u0131na.<\/p>\n<p>Bir \u00e7e\u015fit mezar ta\u015f\u0131na da benziyor katalogtaki kimi kay\u0131tlar. Mesela rahmetli Orhan Veli\u2019nin kayd\u0131na girdi\u011finizde \u015f\u00f6yle yazar: \u201cKan\u0131k, Orhan Veli, 1914-1950.\u201d\u00a0 Akl\u0131ma, Sunay Ak\u0131n\u2019\u0131n Orhan Veli\u2019ye g\u00f6nderme yapt\u0131\u011f\u0131 \u201cGarip\u201d adl\u0131 \u015fiiri geldi. Cuk oturdu\u011fu i\u00e7in onu da buraya almakta bir sak\u0131nca g\u00f6rm\u00fcyorum.<!--more--> A\u00e7 parantez (<\/p>\n<p><strong><em>Garip<\/em><\/strong><\/p>\n<p><em>\u015eiirden kovdu\u011fu uya\u011f\u0131n<br \/>\nd\u00f6n\u00fcp dola\u015f\u0131p<br \/>\nsonunda mezar ta\u015f\u0131na<br \/>\nkonmas\u0131 ne<br \/>\ngarip:<\/em><\/p>\n<p>Orhan Veli<br \/>\n1914 &#8211; 1950<\/p>\n<p>Sevgili Sunay Ak\u0131n,<\/p>\n<p>B\u00fcy\u00fck \u015fairsin vesselam; ama \u015fiir antolojilerine bak\u0131yorum da ad\u0131n ge\u00e7miyor. \u00c7ekemedikleri i\u00e7in olabilir mi acaba? Allah gecinden versin; ama illa ki bu d\u00fcnyadan g\u00f6\u00e7 etmen mi gerekiyor \u015fiirdeki k\u0131ymetinin bilinmesi i\u00e7in.<\/p>\n<p>Tamam. \u015eimdi kapatabiliriz parantezi.)<\/p>\n<p>Katalo\u011fun en sevdi\u011fim k\u0131sm\u0131 tarama kriterleri.<\/p>\n<p>En temel tarama kriterleri nelermi\u015f, \u015f\u00f6yle bir bakal\u0131m:<\/p>\n<p><strong>Anahtar Kelime<\/strong><\/p>\n<p><strong>Yazar<\/strong><\/p>\n<p><strong>Ba\u015fl\u0131k<\/strong><\/p>\n<p><strong>Konu<\/strong><\/p>\n<p><strong>Yer numaras\u0131<\/strong><\/p>\n<p><strong>ISBN\/ISSN<\/strong><\/p>\n<p>Mesela bir kitap okuyorsunuzdur, i\u00e7eri\u011finde bir kitaptan bahsediyordur. Kitap i\u00e7inde kitap. Ho\u015funuza da gitmi\u015ftir. \u201cTarayay\u0131m bakay\u0131m bizim bilgi merkezinde var m\u0131?\u201d diye i\u015fe ba\u015flad\u0131\u011f\u0131n\u0131zda tarama kriterleri devreye giriyor. Hani biz diyoruz ya, kitab\u0131n tam ad\u0131n\u0131 biliyorsan\u0131z ba\u015fl\u0131ktan taray\u0131n diye, i\u015fte tam da bu noktada yan\u0131ld\u0131\u011f\u0131m\u0131z anlar da olabiliyor. Okudu\u011funuz kitapta bahsi ge\u00e7en kayna\u011f\u0131n ad\u0131 \u201c\u0130htiyarl\u0131k\u201d olsun diyelim. Bu bilgiyle gidip kitab\u0131 tarad\u0131\u011f\u0131mda bulam\u0131yorsam ILL ve Dok\u00fcman Sa\u011flama Sorumlumuz Bahad\u0131r Barut\u2019u 9224 nolu dahili telefonundan aray\u0131p \u201c\u015fu kitab\u0131 bi\u2019 istetiversen\u201d mi diyece\u011fiz. O da beni usul\u00fcnce ilgili forma m\u0131 y\u00f6nlendirsin? Dur bakal\u0131m Bahad\u0131r! Hen\u00fcz her \u015fey bitmi\u015f de\u011fil. Bu kitab\u0131n yazar\u0131 \u00c7i\u00e7ero olsun (Ki \u00f6yle zaten). Gidip bir de yazar kriterinden tarayal\u0131m. Bak\u0131n, g\u00f6rd\u00fcn\u00fcz m\u00fc, s\u00f6ylemi\u015ftim size. Allah\u0131m! Sana \u015f\u00fck\u00fcrler olsun. \u201c\u0130htiyarl\u0131k\u201d diye tarad\u0131\u011f\u0131m\u0131z kitab\u0131n ad\u0131 \u201cYa\u015fl\u0131l\u0131k\u201d diye kay\u0131tlar\u0131m\u0131za ge\u00e7mesin mi? H\u0131mmm! Demek ki neymi\u015f \u201cba\u015fl\u0131k\u201da \u00e7ok fazla g\u00fcven olmayabilirmi\u015f.<\/p>\n<p>Bir de katalogtan tarama yaparken en ba\u015far\u0131l\u0131 y\u00f6ntemlerden biri de ne sizce? Tahmininiz do\u011fru. \u201cKonu ba\u015fl\u0131\u011f\u0131\u201dna g\u00f6re tarama yapmak, on numara be\u015f y\u0131ld\u0131z. Neden? \u00c7\u00fcnk\u00fc ba\u015fl\u0131\u011f\u0131 ne olursa olsun, yazar\u0131 kim olursa olsun arad\u0131\u011f\u0131m\u0131z konuyla ilgili kitaplar\u0131 bulmam\u0131z\u0131 sa\u011flayan bir uzmand\u0131r konu ba\u015fl\u0131klar\u0131. \u00c7ok ama \u00e7ok afaki bir \u00f6rnek vereyim. Siz kedilerle ilgili bir kitap ar\u0131yorsunuzdur, ama ba\u015fl\u0131\u011f\u0131 \u201cAh \u015eu K\u00f6pekler!\u201d olup da i\u00e7eri\u011fi tamamen kedilerle ilgili olan bir kitab\u0131 nas\u0131l bulacaks\u0131n\u0131z? Tabii ki konu ba\u015fl\u0131\u011f\u0131ndan tarama yaparak.<\/p>\n<p><strong>Anahtar kelime<\/strong> de \u00e7ok yard\u0131mc\u0131 bir kriterdir. Sizin i\u00e7in kendini par\u00e7alar. Ah bir misafir olmay\u0131n kendisine. Elde ne var ne yok d\u00f6ker sofras\u0131na. Gayet iyi niyetlidir; ama i\u015fte iyi niyet her zaman i\u015fe yaramaz. \u00c7ok kalabal\u0131k olur etraf. As\u0131l arad\u0131\u011f\u0131m\u0131z \u015feyi bulamayabiliriz.<\/p>\n<p>Yer numaras\u0131 olay\u0131na da ayr\u0131ca hastay\u0131m. D\u00fc\u015f\u00fcnsenize bilgi merkezlerinde\/k\u00fct\u00fcphanelerde yer numaralar\u0131 kullan\u0131lmasayd\u0131 y\u00fczbinlerce, milyonlarca kayna\u011f\u0131n yer ald\u0131\u011f\u0131 koleksiyonlardan arad\u0131\u011f\u0131m\u0131z kayna\u011f\u0131 nas\u0131l bulacakt\u0131k. Nokta at\u0131\u015f\u0131d\u0131r yer numaras\u0131. Katalogta pek taranmaz gibi g\u00f6r\u00fcn\u00fcr; ama m\u00fcdavimleri de ayr\u0131d\u0131r. Mesela der ki birisi, \u201cben PL raf\u0131ndaki kitaplara bay\u0131l\u0131r\u0131m.\u201d Se\u00e7er tarama kriterinde \u201cyer numaras\u0131\u201dn\u0131. Sonras\u0131nda sadece genel anlamda \u201cPL\u201d yazmas\u0131 yeterlidir. Ba\u015f\u0131nda PL ge\u00e7en b\u00fct\u00fcn kitaplar\u0131 ekran\u0131nda g\u00f6r\u00fcr. Sonra bak bakabilirsen, se\u00e7 se\u00e7ebilirsin.<\/p>\n<p>\u0130\u015fin bir de <strong>geli\u015fmi\u015f tarama<\/strong> k\u0131sm\u0131 vard\u0131r ki, oray\u0131 da ayr\u0131 severim. \u0130\u015fte buras\u0131 bulmaca gibidir. Bu sefer de kendi belirledi\u011fin kriterlere g\u00f6re tarama yapars\u0131n. \u00d6rne\u011fin 2010\u2019dan bug\u00fcne dili T\u00fcrk\u00e7e olan ve \u015fu koleksiyonda yer alan bas\u0131l\u0131 kaynaklar ya da sadece \u201cavailable\u201d olan kaynaklar\u2026<\/p>\n<p>S\u00f6z\u00fcn k\u0131sas\u0131 ben katalog taramay\u0131 \u00e7ok seviyorum. Ne zaman bo\u015fta kalsam oturuyorum bilgisayar\u0131n ba\u015f\u0131na, tar\u0131yorum da tar\u0131yorum.<\/p>\n<p>Sevgili gen\u00e7 arkada\u015flar,<\/p>\n<p>Nas\u0131lsa bilgi merkezlerinin kataloglar\u0131 d\u0131\u015far\u0131ya a\u00e7\u0131k. Ara s\u0131ra girip bak\u0131n, \u00e7ok g\u00fczel \u015feylerle kar\u015f\u0131lacaks\u0131n\u0131z. Hem eliniz al\u0131\u015fs\u0131n. Katalog kay\u0131tlar\u0131na girin bak\u0131n, giri\u015fleri g\u00fczel mi bilgi merkezlerinin? Siz olsan\u0131z nas\u0131l yapard\u0131n\u0131z diye bir el at\u0131n bakal\u0131m. \u0130lerisi i\u00e7in de size kolayl\u0131k sa\u011flar. Al\u0131n size bir k\u00fcpe daha. Sizi k\u00fcpe koleksiyoncusu yapaca\u011f\u0131m. Kullan\u0131c\u0131lar\u0131n\u0131za g\u00f6sterirsiniz art\u0131k k\u00fcpe koleksiyonunuzu! Hatta bu koleksiyonunuza da bir isim bulun. Mesela K\u00fcpehane. K\u00fct\u00fcphane kelimesini de and\u0131r\u0131yor iyi mi?<\/p>\n","protected":false},"excerpt":{"rendered":"<p>[avatar user=&#8221;cemozel&#8221; \/] Cem \u00d6ZEL Kullan\u0131c\u0131 Hizmetleri Y\u00f6neticisi\/Sabanc\u0131 \u00dcniversitesi Bilgi Merkezi Katalog taramas\u0131 yapmak \u00e7ok ho\u015fuma gidiyor. Ansiklopedi kar\u0131\u015ft\u0131r\u0131r gibi dal\u0131yorum katalo\u011fun gizemli d\u00fcnyas\u0131na. Bir \u00e7e\u015fit mezar ta\u015f\u0131na da benziyor katalogtaki kimi kay\u0131tlar. Mesela rahmetli Orhan Veli\u2019nin kayd\u0131na girdi\u011finizde \u015f\u00f6yle yazar: \u201cKan\u0131k, Orhan Veli, 1914-1950.\u201d\u00a0 Akl\u0131ma, Sunay Ak\u0131n\u2019\u0131n Orhan Veli\u2019ye g\u00f6nderme yapt\u0131\u011f\u0131 \u201cGarip\u201d adl\u0131 \u015fiiri [&hellip;]<\/p>\n","protected":false},"author":143,"featured_media":26506,"comment_status":"open","ping_status":"open","sticky":false,"template":"","format":"standard","meta":{"footnotes":""},"categories":[1478],"tags":[1460],"class_list":["post-26504","post","type-post","status-publish","format-standard","has-post-thumbnail","hentry","category-cem-ozel","tag-kose-yazarlari"],"_links":{"self":[{"href":"https:\/\/www.bbyhaber.com\/bby\/wp-json\/wp\/v2\/posts\/26504"}],"collection":[{"href":"https:\/\/www.bbyhaber.com\/bby\/wp-json\/wp\/v2\/posts"}],"about":[{"href":"https:\/\/www.bbyhaber.com\/bby\/wp-json\/wp\/v2\/types\/post"}],"author":[{"embeddable":true,"href":"https:\/\/www.bbyhaber.com\/bby\/wp-json\/wp\/v2\/users\/143"}],"replies":[{"embeddable":true,"href":"https:\/\/www.bbyhaber.com\/bby\/wp-json\/wp\/v2\/comments?post=26504"}],"version-history":[{"count":2,"href":"https:\/\/www.bbyhaber.com\/bby\/wp-json\/wp\/v2\/posts\/26504\/revisions"}],"predecessor-version":[{"id":26519,"href":"https:\/\/www.bbyhaber.com\/bby\/wp-json\/wp\/v2\/posts\/26504\/revisions\/26519"}],"wp:featuredmedia":[{"embeddable":true,"href":"https:\/\/www.bbyhaber.com\/bby\/wp-json\/wp\/v2\/media\/26506"}],"wp:attachment":[{"href":"https:\/\/www.bbyhaber.com\/bby\/wp-json\/wp\/v2\/media?parent=26504"}],"wp:term":[{"taxonomy":"category","embeddable":true,"href":"https:\/\/www.bbyhaber.com\/bby\/wp-json\/wp\/v2\/categories?post=26504"},{"taxonomy":"post_tag","embeddable":true,"href":"https:\/\/www.bbyhaber.com\/bby\/wp-json\/wp\/v2\/tags?post=26504"}],"curies":[{"name":"wp","href":"https:\/\/api.w.org\/{rel}","templated":true}]}}